{"id":112321,"date":"2025-09-16T17:34:14","date_gmt":"2025-09-16T17:34:14","guid":{"rendered":"https:\/\/www.europesays.com\/it\/112321\/"},"modified":"2025-09-16T17:34:14","modified_gmt":"2025-09-16T17:34:14","slug":"la-maglia-di-campione-del-mondo-xcm-debutta-su-una-monster-gravel-niente-coppa-del-mondo","status":"publish","type":"post","link":"https:\/\/www.europesays.com\/it\/112321\/","title":{"rendered":"LA MAGLIA DI CAMPIONE DEL MONDO XCM DEBUTTA\u2026 SU UNA MONSTER GRAVEL. NIENTE COPPA DEL MONDO"},"content":{"rendered":"<p>Un&#8217;immagine che ha fatto storcere un po&#8217; il naso agli appassionati di MTB Marathon pi\u00f9 tradizionalisti: <strong>Keegan Swenson, fresco campione del mondo XCM da appena una settimana, ha scelto di esordire con la maglia iridata&#8230; su una monsterr gravel negli Stati Uniti<\/strong>, in Wisconsin, per la quarta tappa del Lifetime Grand Prix. Al via si \u00e8 presentato su una Santa Cruz Blur CC con manubrio drop bar, scelta tecnica che il nuovo campione del mondo XCM sfrutta molto spesso nelle gare USA.<\/p>\n<p>\u00a0<\/p>\n<p><img decoding=\"async\" title=\"keegan swenson iride 2025\" src=\"https:\/\/www.europesays.com\/it\/wp-content\/uploads\/2025\/09\/keegan swenson iride 20253.jpg\" alt=\"keegan swenson iride 2025\"\/><\/p>\n<p>@dhughes101<\/p>\n<p>\u00a0<\/p>\n<p>Leggi anche &#8211;\u00a0<a rel=\"nofollow noopener\" href=\"https:\/\/www.pianetamountainbike.it\/risultati-gare-mtb\/67946-mondiali-marathon\/73191-la-vittoria-di-due-americani-kate-courtney-e-keegan-swenson-fa-bene-al-mondo-delle-marathon-mtb\" target=\"_blank\">LA VITTORIA DI DUE AMERICANI (K. COURTNEY E K. SWENSON) FA BENE AL MONDO DELLE MARATHON MTB?<\/a><\/p>\n<p>\u00a0<\/p>\n<p dir=\"ltr\">La gara ha premiato Alexey Vermeulen, lasciando Keegan a rimpiangere la vittoria in volata, ma nonostante il rammarico, il campione del mondo non ha nascosto il suo entusiasmo: &#8220;\u00c8 frustrante non centrare il risultato giusto, ma \u00e8 stato comunque bello correre con i colori dell&#8217;iride. Ora non vedo l&#8217;ora di tornare sulle vere MTB, al Little Sugar MTB&#8221;, ha scritto dopo la corsa.<\/p>\n<p>\u00a0<\/p>\n<p><img decoding=\"async\" title=\"keegan swenson iride 2025\" src=\"https:\/\/www.europesays.com\/it\/wp-content\/uploads\/2025\/09\/keegan swenson iride 20255.jpg\" alt=\"keegan swenson iride 2025\"\/><\/p>\n<p>\u00a0<\/p>\n<p dir=\"ltr\">A far discutere, pi\u00f9 che il dropbar sulla Blur \u00e8 il fatto che <strong>Swenson non si \u00e8 fermato nel Vecchio Continente, il che significa che non sar\u00e0 al via dell&#8217;ultima tappa di Coppa del Mondo UCI Marathon a Girona, la Tramun<\/strong>. La maglia iridata ha fatto il suo debutto assoluto lontano dai percorsi europei, lasciando gli appassionati del Vecchio Continente a rimuginare sul perch\u00e9 il campione non difenda la sua corona nelle gare che contano per i punti UCI.<\/p>\n<p>\u00a0<\/p>\n<p><img decoding=\"async\" title=\"keegan swenson iride 2025\" src=\"https:\/\/www.europesays.com\/it\/wp-content\/uploads\/2025\/09\/keegan swenson iride 20252.jpg\" alt=\"keegan swenson iride 2025\"\/><\/p>\n<p style=\"\">@dhughes101<\/p>\n<p style=\"\">\u00a0<\/p>\n<p dir=\"ltr\">C&#8217;\u00e8 chi applaude questa apertura mentale, chi invece scuote la testa pensando che la maglia iridata meriti un debutto su terreni che raccontino davvero la disciplina in cui \u00e8 stata conquistata. <strong>La sensazione \u00e8 che il mondo della MTB stia diventando sempre pi\u00f9 ibrido<\/strong>, con atleti pronti a sperimentare su qualsiasi superficie.<\/p>\n<p>\u00a0<\/p>\n<p dir=\"ltr\">In ogni caso c&#8217;\u00e8 un punto molto importante: <strong>le bande arcobaleno, a differenza del 2024, hanno fatto la loro comparsa in gara a solo una settimana dalla conquista<\/strong>, e forse questo \u00e8 gi\u00e0 un segnale: la maglia di campione del mondo XCM \u00e8 pronta a uscire dai confini classici e a portare la disciplina Marathon a una nuova realt\u00e0, anche se a qualcuno brucia un po&#8217; vederla su un manubrio drop bar.<\/p>\n<p dir=\"ltr\">\u00a0<\/p>\n<p dir=\"ltr\"><img decoding=\"async\" title=\"keegan swenson iride 2025\" src=\"https:\/\/www.europesays.com\/it\/wp-content\/uploads\/2025\/09\/keegan swenson iride 20251.jpg\" alt=\"keegan swenson iride 2025\"\/><\/p>\n<p style=\"\">@dhughes101<\/p>\n","protected":false},"excerpt":{"rendered":"Un&#8217;immagine che ha fatto storcere un po&#8217; il naso agli appassionati di MTB Marathon pi\u00f9 tradizionalisti: Keegan Swenson,&hellip;\n","protected":false},"author":3,"featured_media":112322,"comment_status":"","ping_status":"","sticky":false,"template":"","format":"standard","meta":{"footnotes":""},"categories":[1456],"tags":[1824,1825,1537,90,89,245,244],"class_list":{"0":"post-112321","1":"post","2":"type-post","3":"status-publish","4":"format-standard","5":"has-post-thumbnail","7":"category-ciclismo","8":"tag-ciclismo","9":"tag-cycling","10":"tag-it","11":"tag-italia","12":"tag-italy","13":"tag-sport","14":"tag-sports"},"share_on_mastodon":{"url":"","error":""},"_links":{"self":[{"href":"https:\/\/www.europesays.com\/it\/wp-json\/wp\/v2\/posts\/112321","targetHints":{"allow":["GET"]}}],"collection":[{"href":"https:\/\/www.europesays.com\/it\/wp-json\/wp\/v2\/posts"}],"about":[{"href":"https:\/\/www.europesays.com\/it\/wp-json\/wp\/v2\/types\/post"}],"author":[{"embeddable":true,"href":"https:\/\/www.europesays.com\/it\/wp-json\/wp\/v2\/users\/3"}],"replies":[{"embeddable":true,"href":"https:\/\/www.europesays.com\/it\/wp-json\/wp\/v2\/comments?post=112321"}],"version-history":[{"count":0,"href":"https:\/\/www.europesays.com\/it\/wp-json\/wp\/v2\/posts\/112321\/revisions"}],"wp:featuredmedia":[{"embeddable":true,"href":"https:\/\/www.europesays.com\/it\/wp-json\/wp\/v2\/media\/112322"}],"wp:attachment":[{"href":"https:\/\/www.europesays.com\/it\/wp-json\/wp\/v2\/media?parent=112321"}],"wp:term":[{"taxonomy":"category","embeddable":true,"href":"https:\/\/www.europesays.com\/it\/wp-json\/wp\/v2\/categories?post=112321"},{"taxonomy":"post_tag","embeddable":true,"href":"https:\/\/www.europesays.com\/it\/wp-json\/wp\/v2\/tags?post=112321"}],"curies":[{"name":"wp","href":"https:\/\/api.w.org\/{rel}","templated":true}]}}