{"id":112521,"date":"2025-09-16T19:49:09","date_gmt":"2025-09-16T19:49:09","guid":{"rendered":"https:\/\/www.europesays.com\/it\/112521\/"},"modified":"2025-09-16T19:49:09","modified_gmt":"2025-09-16T19:49:09","slug":"il-divario-nord-sud-che-pesa-sui-piu-piccoli","status":"publish","type":"post","link":"https:\/\/www.europesays.com\/it\/112521\/","title":{"rendered":"il divario Nord-Sud che pesa sui pi\u00f9 piccoli"},"content":{"rendered":"<p>Nascere al Nord o al Sud d\u2019Italia non \u00e8 la stessa cosa, soprattutto quando si parla di salute dei bambini. Il fenomeno della <strong>migrazione sanitaria infantile <\/strong>mette in evidenza questa spaccatura: migliaia di famiglie, ogni anno, sono costrette a varcare i confini regionali per cercare cure che non trovano nel proprio territorio. Non si tratta di spostamenti marginali, ma di viaggi che coinvolgono patologie croniche, rare e ad alta complessit\u00e0, in cui la qualit\u00e0 e la tempestivit\u00e0 delle cure possono determinare la differenza tra un recupero e un peggioramento irreversibile.<\/p>\n<p>Le cifre ufficiali, pur risalenti al 2019, raccontano ancora bene la portata del fenomeno. I <a target=\"_blank\" rel=\"noopener noreferrer nofollow\" href=\"https:\/\/demografica.adnkronos.com\/giovani\/giornata-mondiale-del-bambino-sip\/\">bambini<\/a> sotto i 15 anni residenti al Sud vengono curati fuori regione nell\u201911,9% dei casi, quasi il doppio rispetto ai coetanei del Centro-Nord (6,9%). Il divario cresce quando la malattia \u00e8 pi\u00f9 complessa: <strong>oltre un bambino su cinque del Mezzogiorno \u00e8 costretto a spostarsi<\/strong>, contro il 10,5% dei coetanei settentrionali. Questa mobilit\u00e0 non \u00e8 solo un dato statistico, ma un meccanismo che alimenta squilibri sociali e sanitari: a fronte di un bisogno, le famiglie si trovano a pagare due volte, con le tasse e con sacrifici personali.<\/p>\n<p>La migrazione sanitaria infantile mette in evidenza una contraddizione centrale: in un Paese che rivendica un Servizio sanitario nazionale equo e universale, il diritto alla cura dipende invece dalla geografia. La conseguenza \u00e8 che i bambini pi\u00f9 fragili, quelli con malattie rare o patologie che richiedono interventi complessi, finiscono per pagare il prezzo di un sistema che non riesce a garantire la stessa qualit\u00e0 di servizi in ogni regione.<\/p>\n<p>Ospedali d\u2019eccellenza: pochi poli attrattivi e un ranking che conferma le distanze<\/p>\n<p>Il quadro delle eccellenze italiane \u00e8 chiaro anche a livello internazionale. La <a target=\"_blank\" rel=\"noopener noreferrer nofollow\" href=\"https:\/\/www.adnkronos.com\/cronaca\/quarantuno-italiani-tra-i-migliori-ospedali-specialistici-del-mondo-ecco-la-classifica-newsweek_5kpKh5kk65j4BhFH751Tnw\">classifica World\u2019s Best Specialized Hospital 2026<\/a>, pubblicata da Newsweek in collaborazione con Statista, colloca l\u2019Ospedale Pediatrico Bambino Ges\u00f9 di Roma al sesto posto al mondo. Pi\u00f9 distanziati, ma comunque presenti, il Gaslini di Genova (32esimo) e gli Ospedali Riuniti Marche Nord di Pesaro (36esimo). Tre nomi che certificano un livello di competenze riconosciuto a livello globale, ma che allo stesso tempo confermano una distribuzione limitata dei poli d\u2019eccellenza sul territorio nazionale.<\/p>\n<p>Questo <a target=\"_blank\" rel=\"noopener noreferrer nofollow\" href=\"https:\/\/demografica.adnkronos.com\/giovani\/giornata-mondiale-del-bambino-sip\/\">squilibrio geografico<\/a> \u00e8 il motore principale della mobilit\u00e0 sanitaria. Un bambino nato in Calabria con una malattia rara ha molte meno probabilit\u00e0 di trovare una risposta adeguata nella propria regione rispetto a un coetaneo nato in Liguria. Di conseguenza, i flussi verso il Centro-Nord diventano inevitabili: nel 2019 il 87,1% della spesa di migrazione sanitaria infantile del Sud, pari a oltre 90 milioni di euro, \u00e8 finito nelle casse degli ospedali settentrionali. In altre parole, non solo i pazienti si spostano, ma anche le risorse economiche che avrebbero potuto rafforzare il sistema sanitario meridionale.<\/p>\n<p>Il contrasto \u00e8 ancora pi\u00f9 evidente se si guarda al contesto internazionale. Secondo la Fondazione Gimbe, <strong>nel 2024 l\u2019Italia destina alla sanit\u00e0 pubblica il 6,3% del Pil<\/strong>, contro il 6,9% della media europea e il 7,1% dell\u2019area Ocse. In termini pro capite la forbice \u00e8 ancora pi\u00f9 netta: 3.835 dollari per cittadino contro i 4.689 della media europea, un divario di 854 dollari che vale complessivamente 43 miliardi. Cos\u00ec il Paese che pu\u00f2 vantare ospedali pediatrici ai vertici mondiali resta, sul piano del finanziamento complessivo, fanalino di coda nel G7. Un cortocircuito che rende strutturale la dipendenza delle regioni meridionali da quelle settentrionali.<\/p>\n<p>Il prezzo nascosto<\/p>\n<p>Per una famiglia, la diagnosi di una malattia complessa in un bambino non comporta solo ansia e paura: in molte aree del Paese significa anche prepararsi a un trasloco forzato. Dietro ai numeri della mobilit\u00e0 si nascondono spese aggiuntive che raramente entrano nei bilanci ufficiali. Viaggi in treno o in auto, affitti temporanei, pasti fuori casa, assenze dal lavoro: ogni voce si somma fino a trasformarsi in una montagna difficile da scalare. Per chi vive gi\u00e0 con redditi pi\u00f9 bassi, tipici di molte famiglie del Sud, il percorso di cura diventa una seconda malattia economica.<\/p>\n<p>Il peso si amplifica quando si parla di malattie croniche o rare, che richiedono ricoveri ripetuti. Non \u00e8 insolito che una madre debba abbandonare il proprio lavoro per seguire il figlio in ospedale, mentre il padre resta a casa a mantenere il nucleo. Questo genera fratture non solo economiche, ma anche sociali ed emotive: famiglie divise, fratelli separati, reti di supporto spezzate. A ci\u00f2 si aggiunge l\u2019isolamento: non tutte le strutture ospedaliere offrono spazi di accoglienza, e non tutti hanno amici o parenti pronti a ospitarli per settimane o mesi.<\/p>\n<p>Questo scenario si inserisce in un trend di progressivo definanziamento. Dal 2011 in poi la spesa sanitaria italiana si \u00e8 allontanata sempre di pi\u00f9 dalla media europea: durante la pandemia altri Paesi hanno investito massicciamente, mentre l\u2019Italia ha mantenuto livelli quasi stabili. Nel 2024 il gap con la Germania, ad esempio, ha raggiunto i 4.245 dollari pro capite: 8.080 contro 3.835. Numeri che spiegano perch\u00e9 intere aree del Paese restino prive di centri adeguati e perch\u00e9 la mobilit\u00e0 sanitaria infantile continui a crescere. In assenza di risorse, il diritto alla salute resta <a target=\"_blank\" rel=\"noopener noreferrer nofollow\" href=\"https:\/\/demografica.adnkronos.com\/popolazione\/disuguaglianze-aspettativa-di-vita-salute-oms-report-2025\/\">un diritto \u201cgeografico\u201d<\/a>, non universale.<\/p>\n<p>L\u2019importanza del supporto oltre le cure<\/p>\n<p>In questo vuoto istituzionale, sono spesso le associazioni a costruire risposte concrete. Tra le esperienze pi\u00f9 significative c\u2019\u00e8 quella di <strong>ABC Bambini Chirurgici<\/strong>, nata vent\u2019anni fa dall\u2019esperienza personale di Giusy Battain, madre di un bambino nato con una grave malformazione. Da quel dolore \u00e8 nato un progetto che oggi collabora stabilmente con l\u2019Ircss Materno Infantile Burlo Garofolo di Trieste, offrendo non solo supporto psicologico, ma anche case accoglienti e un gruppo di volontari capaci di accompagnare le famiglie durante i periodi di cura.<\/p>\n<p>I numeri raccontano il valore di questa rete: nel 2024, ABC ha ospitato gratuitamente 187 famiglie, per un totale di oltre 1.500 notti, pi\u00f9 della met\u00e0 provenienti dal Centro-Sud. La Chirurgia pediatrica del Burlo, nello stesso anno, ha registrato 2.844 accessi, di cui il 24,5% da fuori regione. In questo quadro, l\u2019associazione copre un bisogno reale: non solo un tetto, ma spazi familiari e dignitosi che permettono di affrontare la degenza senza sentirsi sradicati.<\/p>\n<p>L\u2019impatto non si misura solo in termini numerici ma nella qualit\u00e0 del percorso: il supporto psicologico dalla diagnosi prenatale, la presenza costante di volontari, l\u2019attenzione a creare ambienti accoglienti sono elementi che contribuiscono a rendere meno traumatico un percorso complesso. ABC rappresenta un modello di \u201ccura integrata\u201d che guarda oltre l\u2019aspetto strettamente clinico e che, oggi, punta a essere replicato in altre realt\u00e0 ospedaliere italiane. Un esempio di come la societ\u00e0 civile possa supplire, almeno in parte, alle mancanze strutturali del sistema sanitario.<\/p>\n","protected":false},"excerpt":{"rendered":"Nascere al Nord o al Sud d\u2019Italia non \u00e8 la stessa cosa, soprattutto quando si parla di salute&hellip;\n","protected":false},"author":3,"featured_media":112522,"comment_status":"","ping_status":"","sticky":false,"template":"","format":"standard","meta":{"footnotes":""},"categories":[1481],"tags":[2065,2066,239,2063,2064,1537,90,89,240],"class_list":{"0":"post-112521","1":"post","2":"type-post","3":"status-publish","4":"format-standard","5":"has-post-thumbnail","7":"category-assistenza-sanitaria","8":"tag-assistenza-sanitaria","9":"tag-assistenzasanitaria","10":"tag-health","11":"tag-health-care","12":"tag-healthcare","13":"tag-it","14":"tag-italia","15":"tag-italy","16":"tag-salute"},"share_on_mastodon":{"url":"","error":""},"_links":{"self":[{"href":"https:\/\/www.europesays.com\/it\/wp-json\/wp\/v2\/posts\/112521","targetHints":{"allow":["GET"]}}],"collection":[{"href":"https:\/\/www.europesays.com\/it\/wp-json\/wp\/v2\/posts"}],"about":[{"href":"https:\/\/www.europesays.com\/it\/wp-json\/wp\/v2\/types\/post"}],"author":[{"embeddable":true,"href":"https:\/\/www.europesays.com\/it\/wp-json\/wp\/v2\/users\/3"}],"replies":[{"embeddable":true,"href":"https:\/\/www.europesays.com\/it\/wp-json\/wp\/v2\/comments?post=112521"}],"version-history":[{"count":0,"href":"https:\/\/www.europesays.com\/it\/wp-json\/wp\/v2\/posts\/112521\/revisions"}],"wp:featuredmedia":[{"embeddable":true,"href":"https:\/\/www.europesays.com\/it\/wp-json\/wp\/v2\/media\/112522"}],"wp:attachment":[{"href":"https:\/\/www.europesays.com\/it\/wp-json\/wp\/v2\/media?parent=112521"}],"wp:term":[{"taxonomy":"category","embeddable":true,"href":"https:\/\/www.europesays.com\/it\/wp-json\/wp\/v2\/categories?post=112521"},{"taxonomy":"post_tag","embeddable":true,"href":"https:\/\/www.europesays.com\/it\/wp-json\/wp\/v2\/tags?post=112521"}],"curies":[{"name":"wp","href":"https:\/\/api.w.org\/{rel}","templated":true}]}}