{"id":112564,"date":"2025-09-16T20:22:14","date_gmt":"2025-09-16T20:22:14","guid":{"rendered":"https:\/\/www.europesays.com\/it\/112564\/"},"modified":"2025-09-16T20:22:14","modified_gmt":"2025-09-16T20:22:14","slug":"graber-il-15enne-promessa-del-tennis-sulle-orme-di-sinner-lo-conosco-lho-visto-piu-volte-in-giro-per-villabassa","status":"publish","type":"post","link":"https:\/\/www.europesays.com\/it\/112564\/","title":{"rendered":"Graber, il 15enne promessa del tennis sulle orme di Sinner. \u00abLo conosco, l&#8217;ho visto pi\u00f9 volte in giro per Villabassa\u00bb"},"content":{"rendered":"<p>Al circolo NET Riviera Sport Village a Gambarare di <strong><a href=\"https:\/\/www.ilgazzettino.it\/t\/mira\" rel=\"nofollow noopener\" target=\"_blank\">Mira<\/a><\/strong> si nasconde un giovane tennista classe 2010, che da oltre un anno frequenta l&#8217;Accademia del campione veneziano Matteo Viola, ex numero 118 al mondo. Il suo nome \u00e8 Noah Graber ed \u00e8 nato a San Candido, a soli 8 km da Sesto di Pusteria, cittadina gi\u00e0 nota alla cronaca tennistica per aver dato i natali a <strong><a href=\"https:\/\/www.ilgazzettino.it\/t\/jannik-sinner\" rel=\"nofollow noopener\" target=\"_blank\">Jannik Sinner<\/a><\/strong>. \u00abLo conosco, l&#8217;ho visto pi\u00f9 volte in giro per Villabassa &#8211; Il paese dei nonni di Noah e di Jannik &#8211; Nei paesi di montagna tutti conoscono tutti\u00bb. Noah \u00e8 orgoglioso di avere le stesse origini del campione italiano e ci assomiglia davvero molto, se non altro per la sua indole di grande lavoratore. Da piccolo Noah aveva anche partecipato a qualche stage con Max Sartori e Riccardo Piatti, coloro che hanno scoperto il talento dell&#8217;attuale numero 2 al mondo. E qualche giorno fa ecco arrivare i primi successi nelle categorie senior: due titoli di terza categoria in soli due giorni. Il giovane Graber, attualmente di classifica 3.4, ha battuto domenica 31 agosto sui campi del NET, il 3.3 Lorenzo Eleuteri del TC Mestre 6-4 6-3, mentre il giorno precedente aveva superato Luca Tombolato al torneo di Padova Est.<\/p>\n<p>    &#13;<\/p>\n<p>APPROFONDIMENTI<\/p>\n<p>&#13;<br \/>\n        &#13;<\/p>\n<p> IL PERCORSO <\/p>\n<p>A 15 anni Noah ha uno stile di prim&#8217;ordine, fatto di rovesci ad una mano molto insidiosi, oltre ad una battuta ed un diritto gi\u00e0 interessanti; tutti colpi su cui Viola sa come lavorare. \u00abNoah ha un talento naturale al tennis &#8211; racconta il suo maestro &#8211; Colpisce la palla in modo gi\u00e0 molto importante, anche nel servizio\u00bb. Matteo Viola lo definisce scherzosamente un &#8216;montanaro doc&#8217;, un ragazzo dal carattere gentile, umile e solare. Detta in dialetto veneziano \u00ab\u00c8 proprio un bravo toso, che si fa voler bene da tutti\u00bb. Sottolinea l&#8217;ex 118 del mondo. \u00abSiamo fieri di lui, non tanto per questi ultimi risultati, ma proprio per come \u00e8 nella vita di ogni giorno\u00bb. Fino ad un anno fa Noah si allenava a Monguelfo, in un circolo tennis tra Brunico e San Candido. \u00abPoi durante una vacanza a Jesolo sono venuto a contatto con lo staff del Net Riviera &#8211; \u00e8 lo stesso altoatesino a raccontarlo &#8211; Una giornata di prova il 29 agosto in cui mi sono trovato benissimo e da quel momento \u00e8 partito tutto. Mi piace essere qui. Mi alleno ogni giorno e si fa davvero un buon lavoro. Mi sento come in una grande famiglia\u00bb. Pap\u00e0 Martin e mamma Johanna sanno che loro figlio \u00e8 in mani sicure. Allenamenti e tornei, una vita dedicata al tennis, proprio come il suo famoso conterraneo.<\/p>\n<p>PROSPETTIVE \u00abDall&#8217;anno prossimo aumenteremo la parte atletica\u00bb. Avverte Viola, supportato all&#8217;Accademia dal suo amico, preparatore di tutta la vita sportiva, come Massimo Pietrogrande e da Nicola Tonon, anch&#8217;egli maestro di tennis. \u00abAbbiamo curato finora la tecnica e l&#8217;abitudine al sacrificio, piuttosto che pensare di scalare le classifiche. Diamo tempo al tempo. ll nostro obiettivo come Accademia &#8211; conclude il maestro veneziano &#8211; \u00e8 cucire un abito su misura per ogni nostro atleta; creare una mentalit\u00e0 da professionista\u00bb. Cos\u00ec Noah sta facendo i primi passi nel tennis adulto con i suoi compagni d&#8217;accademia, passo dopo passo, seguito da un ex campione come Matteo Viola.<br \/> \u00a0                        <\/p>\n","protected":false},"excerpt":{"rendered":"Al circolo NET Riviera Sport Village a Gambarare di Mira si nasconde un giovane tennista classe 2010, che&hellip;\n","protected":false},"author":3,"featured_media":112565,"comment_status":"","ping_status":"","sticky":false,"template":"","format":"standard","meta":{"footnotes":""},"categories":[1457],"tags":[1537,90,89,1717,4076,245,244,1273],"class_list":{"0":"post-112564","1":"post","2":"type-post","3":"status-publish","4":"format-standard","5":"has-post-thumbnail","7":"category-tennis","8":"tag-it","9":"tag-italia","10":"tag-italy","11":"tag-jannik-sinner","12":"tag-mira","13":"tag-sport","14":"tag-sports","15":"tag-tennis"},"share_on_mastodon":{"url":"","error":""},"_links":{"self":[{"href":"https:\/\/www.europesays.com\/it\/wp-json\/wp\/v2\/posts\/112564","targetHints":{"allow":["GET"]}}],"collection":[{"href":"https:\/\/www.europesays.com\/it\/wp-json\/wp\/v2\/posts"}],"about":[{"href":"https:\/\/www.europesays.com\/it\/wp-json\/wp\/v2\/types\/post"}],"author":[{"embeddable":true,"href":"https:\/\/www.europesays.com\/it\/wp-json\/wp\/v2\/users\/3"}],"replies":[{"embeddable":true,"href":"https:\/\/www.europesays.com\/it\/wp-json\/wp\/v2\/comments?post=112564"}],"version-history":[{"count":0,"href":"https:\/\/www.europesays.com\/it\/wp-json\/wp\/v2\/posts\/112564\/revisions"}],"wp:featuredmedia":[{"embeddable":true,"href":"https:\/\/www.europesays.com\/it\/wp-json\/wp\/v2\/media\/112565"}],"wp:attachment":[{"href":"https:\/\/www.europesays.com\/it\/wp-json\/wp\/v2\/media?parent=112564"}],"wp:term":[{"taxonomy":"category","embeddable":true,"href":"https:\/\/www.europesays.com\/it\/wp-json\/wp\/v2\/categories?post=112564"},{"taxonomy":"post_tag","embeddable":true,"href":"https:\/\/www.europesays.com\/it\/wp-json\/wp\/v2\/tags?post=112564"}],"curies":[{"name":"wp","href":"https:\/\/api.w.org\/{rel}","templated":true}]}}