{"id":112842,"date":"2025-09-16T23:52:08","date_gmt":"2025-09-16T23:52:08","guid":{"rendered":"https:\/\/www.europesays.com\/it\/112842\/"},"modified":"2025-09-16T23:52:08","modified_gmt":"2025-09-16T23:52:08","slug":"in-veneto-puglia-e-campania-si-vota-il-23-24-novembre","status":"publish","type":"post","link":"https:\/\/www.europesays.com\/it\/112842\/","title":{"rendered":"in Veneto, Puglia e Campania si vota il 23-24 novembre"},"content":{"rendered":"<p>\u00abSi voter\u00e0 il 23 e 24 novembre\u00bb. Lo ha confermato il presidente della Regione Campania Vincenzo De Luca dopo che oggi non ha firmato il provvedimento necessario per andare al voto il 16 e 17 novembre. Il mancato adempimento ha di fatto aperto la strada alle elezioni la settimana successiva. E&#8217; attesa a breve la firma del decreto. \u00abTra qualche giorno\u00bb ha detto De Luca a margine dell&#8217;incontro sul suo libro &#8220;La sfida&#8221; in corso al Tc Napoli \u00abusciranno contemporaneamente i decreti della Campania, del Veneto e della Puglia, le tre regioni che andranno al voto il 23 novembre\u00bb. Uno spoiler che accelera i tempi: domenica c&#8217;\u00e8 il raduno della Lega a Pontida e nel Carroccio si spinge per l&#8217;investitura di Alberto Stefani come candidato a sfidare Giovanni Manildo (candidato del centrosinistra, gi\u00e0 in campagna elettorale da fine luglio).<\/p>\n<p>\u00abIl problema minore \u00e8 fissare la data del voto: qualcuno vuol far passar l&#8217;idea che non si va a votare in Veneto dato che ancora si sa quando si andr\u00e0 ai seggi, ma non \u00e8 cos\u00ec\u00bb cos\u00ec aveva detto il presidente uscente della Regione, Luca Zaia, ribadendo che l&#8217;ultima finestra domenica utile era appunto quella del 23-24 novembre. Quanto al nome del candidato del centrodestra non ha novit\u00e0. \u00abNo e non mi occupo di questo: stanno discutendo a livello nazionale. So che ci sono pi\u00f9 regioni in ballo, la Puglia, la partita della Campania e il Veneto. Il tavolo di centrodestra ne discute ne discute e a breve giro di posta ci diranno quale sar\u00e0 la scelta o la persona indicata\u00bb. In serata l&#8217;annuncio del presidente della Campania<\/p>\n<p>Oggi, sull&#8217;ipotesi della data delle elezioni, la capogruppo del Pd in Regione, Vanessa Camani era intervenuta con queste parole: \u00abRicordiamo pochi precedenti di figure istituzionali che abbiano deciso di uscire di scena in modo cos\u00ec livoroso, rendendo problematico il futuro della Regione, limitando gli spazi di agibilit\u00e0 politica e amministrativa della giunta e del Consiglio regionale della legislatura successiva. Il ricorso all&#8217;esercizio provvisorio \u00e8 una conseguenza diretta della volont\u00e0 del presidente di spostare le elezioni all&#8217;ultima data disponibile: \u00e8 frutto di una precisa volont\u00e0, legata solamente al destino personale del presidente uscente, che noi riteniamo irresponsabile. Costringere il Veneto a mesi di esercizio provvisorio vuol dire non avere a cuore il futuro dei cittadini, delle famiglie e delle imprese, che attendono risposte ai loro bisogni\u00bb.\u00a0<\/p>\n<p>La Regione, continua, \u00abda qui ai prossimi mesi, dovr\u00e0 affrontare profonde emergenze sociali e la voragine dei conti della Pedemontana. L&#8217;esercizio provvisorio non consentir\u00e0 l&#8217;adozione di diverse politiche fiscali rispetto a quelle attuali. Avremo a disposizione al massimo 40 milioni di euro di risorse libere, con le mani legate da debiti pregressi e da mutui contratti\u00bb. In questo quadro, le forze di opposizione chiedono al presidente della Regione Luca Zaia di presentarsi in aula, quando voteremo l&#8217;esercizio provvisorio \u00abper un confronto e un&#8217;assunzione di responsabilit\u00e0 politica che noi riteniamo indispensabili&#8221;. Questa richiesta, dice Elena Ostanel (Veneto che vogliamo), serve a dire a Zaia e alla sua maggioranza che \u00able Istituzioni non sono di vostra propriet\u00e0\u00bb.<\/p>\n","protected":false},"excerpt":{"rendered":"\u00abSi voter\u00e0 il 23 e 24 novembre\u00bb. Lo ha confermato il presidente della Regione Campania Vincenzo De Luca&hellip;\n","protected":false},"author":3,"featured_media":112843,"comment_status":"","ping_status":"","sticky":false,"template":"","format":"standard","meta":{"footnotes":""},"categories":[79],"tags":[14,93,94,6988,1537,90,89,7,15,136,11,84,91,12,85,92,108,110],"class_list":{"0":"post-112842","1":"post","2":"type-post","3":"status-publish","4":"format-standard","5":"has-post-thumbnail","7":"category-italia","8":"tag-cronaca","9":"tag-cronaca-italiana","10":"tag-cronacaitaliana","11":"tag-de-luca","12":"tag-it","13":"tag-italia","14":"tag-italy","15":"tag-news","16":"tag-notizie","17":"tag-regionali","18":"tag-ultime-notizie","19":"tag-ultime-notizie-e-news-di-oggi","20":"tag-ultime-notizie-italia","21":"tag-ultimenotizie","22":"tag-ultimenotizieenewsdioggi","23":"tag-ultimenotizieitalia","24":"tag-veneto","25":"tag-zaia"},"share_on_mastodon":{"url":"","error":""},"_links":{"self":[{"href":"https:\/\/www.europesays.com\/it\/wp-json\/wp\/v2\/posts\/112842","targetHints":{"allow":["GET"]}}],"collection":[{"href":"https:\/\/www.europesays.com\/it\/wp-json\/wp\/v2\/posts"}],"about":[{"href":"https:\/\/www.europesays.com\/it\/wp-json\/wp\/v2\/types\/post"}],"author":[{"embeddable":true,"href":"https:\/\/www.europesays.com\/it\/wp-json\/wp\/v2\/users\/3"}],"replies":[{"embeddable":true,"href":"https:\/\/www.europesays.com\/it\/wp-json\/wp\/v2\/comments?post=112842"}],"version-history":[{"count":0,"href":"https:\/\/www.europesays.com\/it\/wp-json\/wp\/v2\/posts\/112842\/revisions"}],"wp:featuredmedia":[{"embeddable":true,"href":"https:\/\/www.europesays.com\/it\/wp-json\/wp\/v2\/media\/112843"}],"wp:attachment":[{"href":"https:\/\/www.europesays.com\/it\/wp-json\/wp\/v2\/media?parent=112842"}],"wp:term":[{"taxonomy":"category","embeddable":true,"href":"https:\/\/www.europesays.com\/it\/wp-json\/wp\/v2\/categories?post=112842"},{"taxonomy":"post_tag","embeddable":true,"href":"https:\/\/www.europesays.com\/it\/wp-json\/wp\/v2\/tags?post=112842"}],"curies":[{"name":"wp","href":"https:\/\/api.w.org\/{rel}","templated":true}]}}