{"id":113008,"date":"2025-09-17T02:32:10","date_gmt":"2025-09-17T02:32:10","guid":{"rendered":"https:\/\/www.europesays.com\/it\/113008\/"},"modified":"2025-09-17T02:32:10","modified_gmt":"2025-09-17T02:32:10","slug":"e-nata-priscilla-la-fake-news-fa-infuriare-giulia-de-lellis","status":"publish","type":"post","link":"https:\/\/www.europesays.com\/it\/113008\/","title":{"rendered":"&#8220;\u00c8 nata Priscilla&#8221;, la fake news fa infuriare Giulia De Lellis"},"content":{"rendered":"<p>La fine dell\u2019estate porta con s\u00e9 l\u2019arrivo di numerosi, tanto attesi beb\u00e8. Forse, per\u00f2, ci \u00e8 sfuggita la mano e abbiamo tutti finito per sviluppare una vera e propria ossessione per le <strong>gravidanze dei vip<\/strong>. \u00c8 questa l\u2019opinione di <strong>Giulia De Lellis<\/strong>, vittima di una fake news riguardante la nascita della sua prima figlia Priscilla. L\u2019influencer denuncia la mancanza di rispetto e la violenza di questi pettegolezzi.\n<\/p>\n<p>La fake news sulla nascita di Priscilla<\/p>\n<p class=\"whitespace-normal break-words\">Nelle ultime ore sui social ha iniziato a circolare la <strong>foto di una neonata<\/strong> in tutina rosa. Una bimba che si diceva essere Priscilla, la figlia di <a href=\"https:\/\/dilei.it\/star-e-vip\/giulia-de-lellis\/\" rel=\"nofollow noopener\" target=\"_blank\">Giulia De Lellis<\/a> e <a href=\"https:\/\/dilei.it\/star-e-vip\/tony-effe\/\" rel=\"nofollow noopener\" target=\"_blank\">Tony Effe<\/a>. Siti web e profili social annunciavano la nascita della piccola e la formazione della nuova famiglia. C\u2019\u00e8 persino chi ha condiviso alcune parole, spacciandole per la dedica della neomamma alla sua bambina.<\/p>\n<p class=\"whitespace-normal break-words\">La falsa notizia \u00e8 circolata a poche ore dalle voci sul presunto parto cesareo che De Lellis avrebbe programmato in questi giorni. Come prevedibile: <strong>tutto falso<\/strong>. La bambina nella foto non \u00e8 Priscilla \u2013 e non ne conosciamo l\u2019identit\u00e0 \u2013 mentre Giulia De Lellis non ha ancora partorito o, se lo ha fatto, ha deciso di non comunicarlo pubblicamente.<\/p>\n<p>Lo sfogo di Giulia De Lellis<\/p>\n<p>La notizia bufala \u00e8 stata condivisa dalla stessa Giulia De Lellis che, in una storia sul proprio seguitissimo profilo Instagram, si \u00e8 lungamente sfogata contro fake news del genere. \u201cLa gente ha perso completamente il senso del rispetto. \u2013 scrive \u2013 Sono scioccata dall\u2019ossessione e dalla follia con cui ci si permette di <strong>giocare su qualcosa di cos\u00ec intimo<\/strong> e prezioso come una nuova vita\u201d. L\u2019influencer si \u00e8 poi mostrata molto dura con chi ha condiviso la foto di una minorenne: \u201cLa bambina nelle foto non \u00e8 mia figlia, \u00e8 vergognoso che il suo volto sia stato preso e diffuso ovunque. Chiedo scusa a lei e alla sua famiglia per questa ennesima mancanza di umanit\u00e0\u201d.<\/p>\n<p>In seguito, De Lellis \u2013 che aveva gi\u00e0 <a href=\"https:\/\/dilei.it\/vip\/alessandra-amoroso-ha-partorito-segreto-giulia-de-lellis-si-infuria\/1823591\/\" rel=\"nofollow noopener\" target=\"_blank\">difeso l\u2019amica Alessandra Amoroso su questo tema<\/a> \u2013 ha raccontato di aver ricevuto numerosi messaggi riguardanti <strong>la data del suo parto<\/strong>. Un\u2019informazione che ha scelto di tenere riservata, considerandola \u201cun tema delicato, pieno di incognite\u201d e la cui condivisione \u201cnon farebbe che aumentare la tensione\u201d. Il messaggio prosegue: \u201cLeggo addirittura ipotesi sul tipo di parto, cose che non sa neanche il mio ginecologo ad oggi. Ma che certi giornalisti o curiosi pensano di poter annunciare. Chiss\u00e0 poi perch\u00e9, visto che facendo spoiler non ci guadagnano nulla. Zero, niente, se non il misero piacere di speculare sulla vita altrui. Sapere che spesso a farlo sono donne e madri mi disgusta ancora di pi\u00f9\u201d.<\/p>\n<p>La violenza contro le neomamme<\/p>\n<p>In un momento di grande lucidit\u00e0, Giulia De Lellis analizza a fondo la questione e la recente ossessione \u2013 tanto da parte della stampa quanto del pubblico \u2013 delle gravidanze vip. \u201cQui non si tratta di gossip, ma di rispetto. \u2013 sottolinea \u2013 Annunciare al posto di altri una gravidanza, una nascita o, peggio ancora, una perdita, <strong>\u00e8 violenza<\/strong>. E la violenza pi\u00f9 grande \u00e8 pensare di avere il diritto di farlo solo perch\u00e9 si tratta di personaggi pubblici\u201d. L\u2019influencer conclude: \u201cPrima di un personaggio pubblico sono una persona con un cuore, un\u2019anima e dei diritti\u201d. Infine, si scaglia contro gli autori di tali rumors: \u201cDatevi una ca**o di regolata, e portate un contributo migliore a questo mondo che fa gi\u00e0 spavento di s\u00e9, se proprio non sapete che fare\u201d.<\/p>\n","protected":false},"excerpt":{"rendered":"La fine dell\u2019estate porta con s\u00e9 l\u2019arrivo di numerosi, tanto attesi beb\u00e8. Forse, per\u00f2, ci \u00e8 sfuggita la&hellip;\n","protected":false},"author":3,"featured_media":113009,"comment_status":"","ping_status":"","sticky":false,"template":"","format":"standard","meta":{"footnotes":""},"categories":[1451],"tags":[78287,1621,1620,203,7128,2799,1232,2734,204,1537,90,89,86],"class_list":{"0":"post-113008","1":"post","2":"type-post","3":"status-publish","4":"format-standard","5":"has-post-thumbnail","7":"category-celebrita","8":"tag-bufale","9":"tag-celebrita","10":"tag-celebrities","11":"tag-entertainment","12":"tag-giulia-de-lellis","13":"tag-gossip","14":"tag-gravidanza","15":"tag-influencer","16":"tag-intrattenimento","17":"tag-it","18":"tag-italia","19":"tag-italy","20":"tag-vip"},"share_on_mastodon":{"url":"","error":""},"_links":{"self":[{"href":"https:\/\/www.europesays.com\/it\/wp-json\/wp\/v2\/posts\/113008","targetHints":{"allow":["GET"]}}],"collection":[{"href":"https:\/\/www.europesays.com\/it\/wp-json\/wp\/v2\/posts"}],"about":[{"href":"https:\/\/www.europesays.com\/it\/wp-json\/wp\/v2\/types\/post"}],"author":[{"embeddable":true,"href":"https:\/\/www.europesays.com\/it\/wp-json\/wp\/v2\/users\/3"}],"replies":[{"embeddable":true,"href":"https:\/\/www.europesays.com\/it\/wp-json\/wp\/v2\/comments?post=113008"}],"version-history":[{"count":0,"href":"https:\/\/www.europesays.com\/it\/wp-json\/wp\/v2\/posts\/113008\/revisions"}],"wp:featuredmedia":[{"embeddable":true,"href":"https:\/\/www.europesays.com\/it\/wp-json\/wp\/v2\/media\/113009"}],"wp:attachment":[{"href":"https:\/\/www.europesays.com\/it\/wp-json\/wp\/v2\/media?parent=113008"}],"wp:term":[{"taxonomy":"category","embeddable":true,"href":"https:\/\/www.europesays.com\/it\/wp-json\/wp\/v2\/categories?post=113008"},{"taxonomy":"post_tag","embeddable":true,"href":"https:\/\/www.europesays.com\/it\/wp-json\/wp\/v2\/tags?post=113008"}],"curies":[{"name":"wp","href":"https:\/\/api.w.org\/{rel}","templated":true}]}}