{"id":113412,"date":"2025-09-17T08:20:16","date_gmt":"2025-09-17T08:20:16","guid":{"rendered":"https:\/\/www.europesays.com\/it\/113412\/"},"modified":"2025-09-17T08:20:16","modified_gmt":"2025-09-17T08:20:16","slug":"percorso-e-borsino-dei-favoriti-giro-di-slovacchia-2025","status":"publish","type":"post","link":"https:\/\/www.europesays.com\/it\/113412\/","title":{"rendered":"Percorso e Borsino dei Favoriti Giro di Slovacchia 2025"},"content":{"rendered":"<p>\t\t\t\t\t<a href=\"https:\/\/cyclingpro.net\/spaziociclismo\/altro\/scopri-lapp-ufficiale-di-spaziociclismo\/\" title=\"\" rel=\"nofollow noopener\" target=\"_blank\"><br \/>\n\t\t\t\t\t\t<img loading=\"lazy\" decoding=\"async\" src=\"https:\/\/www.europesays.com\/it\/wp-content\/uploads\/2025\/09\/1758060682_662_Banner-App-SpazioCiclismo.png\" alt=\"\" width=\"728\" height=\"91\"\/><br \/>\n\t\t\t\t\t<\/a><\/p>\n<p>Il ricco programma di gare di questa settimana propone anche il <strong>Giro di Slovacchia 2025<\/strong>. Dopo lo spostamento della scorsa edizione a fine giugno, la breve corsa a tappe est-europea torna a corrersi nelle sue date tradizionali e si disputer\u00e0 <strong>dal 17 al 21 settembre<\/strong> attraverso quasi 800 chilometri tra <strong>Bardejov<\/strong> e <strong>Koh\u00fatka<\/strong>, suddivisi in cinque frazioni che offriranno occasioni a tutti i tipi di corridori. Nonostante la presenza di sole tre squadre WorldTour, affiancate da quattro Professional e 13 Continental (tra cui le italiane Solution Tech-Vini Fantini e Biesse Carrera Premac), la gara vedr\u00e0 al via alcuni nomi interessanti, che si contenderanno il posto nell\u2019albo d\u2019oro successivo a quello occupato da Mauro Schmid, vincitore un anno fa.<\/p>\n<p><strong>HASHTAG UFFICIALE:<\/strong> #OkoloSlovenska<\/p>\n<p>Albo d\u2019Oro recente Giro di Slovacchia<\/p>\n<p><a href=\"https:\/\/cyclingpro.net\/spaziociclismo\/sintesi-gare\/giro-di-slovacchia-2024-felix-engelhardt-conquista-lultima-su-mauro-schmid-e-julian-alaphilippe-lo-svizzero-vince-la-corsa\/\" rel=\"nofollow noopener\" target=\"_blank\">2024 SCHMID Mauro<\/a><br \/><a href=\"https:\/\/cyclingpro.net\/spaziociclismo\/continental\/giro-di-slovacchia-2023-lo-show-quickstep-si-conclude-con-una-tripletta-vittoria-di-asgreen-su-van-lerberghe-e-merlier\/\" rel=\"nofollow noopener\" target=\"_blank\">2023 CAVAGNA Remi<\/a><br \/><a href=\"https:\/\/cyclingpro.net\/spaziociclismo\/continental\/giro-di-slovacchia-2022-doppietta-volkerwessels-nellultima-tappa-successo-finale-per-joseph-cerny\/\" rel=\"nofollow noopener\" target=\"_blank\">2022 CERNY Josef<\/a><br \/><a href=\"https:\/\/cyclingpro.net\/spaziociclismo\/sintesi-gare\/giro-di-slovacchia-2021-itamar-einhorn-vince-lultima-davanti-a-peter-sagan-che-conquista-la-corsa\/\" rel=\"nofollow noopener\" target=\"_blank\">2021 SAGAN Peter<\/a><br \/><a href=\"https:\/\/cyclingpro.net\/spaziociclismo\/sintesi-gare\/giro-di-slovacchia-2020-rudy-barbier-si-aggiudica-la-tappa-conclusiva-vittoria-finale-per-jannik-steimle\/\" rel=\"nofollow noopener\" target=\"_blank\">2020 STEIMLE Jannik<\/a><br \/><a href=\"https:\/\/cyclingpro.net\/spaziociclismo\/continental\/giro-di-slovacchia-2019-volata-vincente-di-elia-viviani-nella-tappa-finale\/\" rel=\"nofollow noopener\" target=\"_blank\">2019 LAMPAERT Yves<\/a><br \/><a href=\"https:\/\/cyclingpro.net\/spaziociclismo\/sintesi-gare\/giro-di-slovacchia-2018-jakobsen-si-prende-lultima-davanti-a-pelucchi-alaphilippe-trionfa-nella-generale\/\" rel=\"nofollow noopener\" target=\"_blank\">2018 ALAPHILIPPE Julian<\/a><br \/><a href=\"https:\/\/cyclingpro.net\/spaziociclismo\/sintesi-gare\/giro-slovacchia-2017-ultima-savitskiy-terzo-malucelli\/\" rel=\"nofollow noopener\" target=\"_blank\">2017 TRATNIK Jan<\/a><br \/>2016 FINETTO Mauro<br \/>2015 VIGAN\u00d2 Davide<\/p>\n<p>Percorso Giro di Slovacchia 2025<\/p>\n<p>La corsa si aprir\u00e0 con una tappa che prender\u00e0 il via e si concluder\u00e0 a <strong>Bardejov<\/strong> e proporr\u00e0 141,2 chilometri che, nonostante qualche asperit\u00e0, dovrebbe concludersi con una volata di gruppo. Superata una breve salita iniziale, nel corso della giornata si dovranno infatti scalare un paio di strappetti e saliscendi e i brevi GPM di <strong>Ko\u017eany<\/strong> (2 km al 4,1%), <strong>Sedlo Grob<\/strong> (3,1 km al 5,2%) e <strong>Kurov<\/strong> (3,5 km al 5,1%), quest\u2019ultimo scollinato a 25 chilometri dalla conclusione. In seguito, per\u00f2, ci sar\u00e0 ancora qualche chilometro in leggera ascesa prima di un finale favorevole fino all\u2019arrivo, dove si giunger\u00e0 dopo due curve ad angolo retto verso sinistra negli ultimi 600 metri che sar\u00e0 fondamentale affrontare nelle prime posizioni del gruppo in vista dello sprint.<\/p>\n<p>Sicuramente pi\u00f9 impegnativa la seconda frazione, che subito dopo il via da <strong>Svidn\u00edk<\/strong> proporr\u00e0 i GPM di <strong>Hrabov\u010d\u00edk<\/strong> (300 m al 4,7%) e <strong>Sedlo Grob<\/strong> (3,1 km al 5,2%) quali trampolini di lancio per la fuga di giornata. Dopo una trentina di chilometri pi\u00f9 tranquilli se ne percorreranno una sessantina ricchi di ondulazioni e brevi salite, poi, una volta entrati negli ultimi 60 chilometri, si dovranno affrontare in rapida successione le ascese di <strong>Bansk\u00fd vrch<\/strong> (8,7 km al 3,6%), <strong>Folkm\u00e1r<\/strong> (3,5 km al 6%) e <strong>Jahodn\u00e1<\/strong> (2,7 km al 4,7%), dove potrebbero verificarsi attacchi ed esserci una certa selezione. L\u2019ultima salita verr\u00e0 comunque scollinata a 25,1 chilometri dall\u2019arrivo di <strong>Ko\u0161ice<\/strong>, che saranno quasi tutti di discesa o pianura a eccezione di uno strappetto posto poco dopo il primo passaggio sul traguardo per percorrere l\u2019unico giro del circuito finale, dunque non \u00e8 escluso che qualcuno che ha perso contatto in precedenza possa rientrare per giocarsi il successo in una volata ristretta.<\/p>\n<p>La tappa numero tre non dar\u00e0 quasi un attimo di respiro ai corridori per via di un tracciato molto movimentato, che dopo una trentina di chilometri dopo il via da <strong>Ke\u017emarok<\/strong> proporr\u00e0 il primo dei cinque GPM in programma, quello di <strong>Popov\u00e1<\/strong> (4,2 km al 5,8%). Seguiranno alcuni brevi strappi nei successivi trenta chilometri e, dopo essere entrati negli ultimi 100 chilometri, le salite di <strong>Chorepa<\/strong> (3,7 km al 5,2%), <strong>Sedlo Pra\u0161iv\u00e1<\/strong> (16,9 km al 3,7%) e <strong>Raticov vrch<\/strong> (4,2 km al 5,7%), sulle quali potrebbe avvenire un po\u2019 di selezione. La terza, in ogni caso, verr\u00e0 scollinata ai -53,9 dalla conclusione e, di questi, i successivi 38 saranno anche abbastanza tranquilli; nel finale, per\u00f2, ci sar\u00e0 da affrontare ancora un\u2019ultima asperit\u00e0, lo strappo di <strong>Mi\u010dinsk\u00fd vrch<\/strong> (2,1 km al 4,2%), in cima al quale mancheranno 12,8 chilometri al traguardo di <strong>Bansk\u00e1 Bystrica<\/strong> e potrebbe dunque rivelarsi decisivo per la vittoria di giornata.<\/p>\n<p>Decisamente per velocisti la<strong> Vr\u00e1ble \u2013 Sl\u00e1dkovi\u010dovo<\/strong> del giorno seguente, dato che i 169,1 chilometri in programma saranno quasi totalmente pianeggianti; appare quindi impossibile evitare la volata, il cui approccio, all\u2019interno di un circuito finale, sar\u00e0 anche piuttosto semplice. Tutto dovrebbe quindi decidersi nella frazione conclusiva, che una quindicina di chilometri dopo la partenza da <strong>Nov\u00e1 Dubnica<\/strong> vedr\u00e0 i corridori entrare in un circuito da ripetere per tre volte e caratterizzato dalla salita di <strong>Vr\u0161atec<\/strong> (3,5 km al 6,9%). Usciti da questo anello si percorreranno circa 15 chilometri pianeggianti e altrettanti in leggero falsopiano prima dell\u2019inizio dell\u2019ascesa finale di <strong>Koh\u00fatka<\/strong>, che ufficialmente misura 15,4 chilometri al 3,8%, ma che proporr\u00e0 le pendenze pi\u00f9 impegnative negli ultimi 5000 metri, dove supereranno il 6%. In cima, al termine dei 124 chilometri di questa tappa finale, si scoprir\u00e0 quindi il vincitore del Giro di Slovacchia 2025.<\/p>\n<p>Tappe Giro di Slovacchia 2025<\/p>\n<p>Tappa 1 (17\/09): Bardejov \u2013 Bardejov (141,2 km)<br \/>Tappa 2 (18\/09): Svidn\u00edk \u2013 Ko\u0161ice (169,4 km)<br \/>Tappa 3 (19\/09): Ke\u017emarok \u2013 Bansk\u00e1 Bystrica (191,7 km)<br \/>Tappa 4 (20\/09): Vr\u00e1ble \u2013 Sl\u00e1dkovi\u010dovo (169,1 km)<br \/>Tappa 5 (21\/09): Nov\u00e1 Dubnica \u2013 Koh\u00fatka (124 km)<\/p>\n<p>Borsino dei Favoriti Giro di Slovacchia 2025<\/p>\n<p><a href=\"https:\/\/cyclingpro.net\/spaziociclismo\/startlist\/giro-di-slovacchia-2025-la-startlist\/\" target=\"_blank\" rel=\"noopener nofollow\">Clicca qui per la startlist<\/a><\/p>\n<p>***** Cian Uijtdebroeks<br \/>**** Paul Double, Bart Lemmen<br \/>*** Felix Engelhardt, Thomas Gloag, Adrien Maire<br \/>** Marcin Budzi\u0144ski, Tijmen Graat, Alvaro Sagrado, Santiago Umba<br \/>* Matteo Fabbro, Jakub Kaczmarek, Riccardo Lucca, Henri Vandenabeele, Killian Verschuren<\/p>\n<p>Punti UCI Giro di Slovacchia 2025<\/p>\n<tr>\n<td style=\"width: 32.7198%;\"><strong>POSIZIONE CLASSIFICA FINALE\u00a0<\/strong><\/td>\n<td style=\"width: 17.4847%;\"><strong>PUNTI UCI<\/strong><\/td>\n<td style=\"width: 28.8344%;\"><strong>POSIZIONE TAPPA SINGOLA<\/strong><\/td>\n<td style=\"width: 20.6544%;\"><strong>PUNTI UCI<\/strong><\/td>\n<\/tr>\n<tr>\n<td style=\"width: 32.7198%;\">1<\/td>\n<td style=\"width: 17.4847%;\">125<\/td>\n<td style=\"width: 28.8344%;\">1<\/td>\n<td style=\"width: 20.6544%;\">14<\/td>\n<\/tr>\n<tr>\n<td style=\"width: 32.7198%;\">2<\/td>\n<td style=\"width: 17.4847%;\">85<\/td>\n<td style=\"width: 28.8344%;\">2<\/td>\n<td style=\"width: 20.6544%;\">5<\/td>\n<\/tr>\n<tr>\n<td style=\"width: 32.7198%;\">3<\/td>\n<td style=\"width: 17.4847%;\">70<\/td>\n<td style=\"width: 28.8344%;\">3<\/td>\n<td style=\"width: 20.6544%;\">3<\/td>\n<\/tr>\n<tr>\n<td style=\"width: 32.7198%;\">4<\/td>\n<td style=\"width: 17.4847%;\">60<\/td>\n<td style=\"width: 28.8344%;\">4<\/td>\n<td style=\"width: 20.6544%;\"\/>\n<\/tr>\n<tr>\n<td style=\"width: 32.7198%;\">5<\/td>\n<td style=\"width: 17.4847%;\">50<\/td>\n<td style=\"width: 28.8344%;\">5<\/td>\n<td style=\"width: 20.6544%;\"\/>\n<\/tr>\n<tr>\n<td style=\"width: 32.7198%;\">6<\/td>\n<td style=\"width: 17.4847%;\">40<\/td>\n<td style=\"width: 28.8344%;\"\/>\n<td style=\"width: 20.6544%;\"\/>\n<\/tr>\n<tr>\n<td style=\"width: 32.7198%;\">7<\/td>\n<td style=\"width: 17.4847%;\">35<\/td>\n<td style=\"width: 28.8344%;\"\/>\n<td style=\"width: 20.6544%;\"\/>\n<\/tr>\n<tr>\n<td style=\"width: 32.7198%;\">8<\/td>\n<td style=\"width: 17.4847%;\">30<\/td>\n<td style=\"width: 28.8344%;\"\/>\n<td style=\"width: 20.6544%;\"\/>\n<\/tr>\n<tr>\n<td style=\"width: 32.7198%;\">9<\/td>\n<td style=\"width: 17.4847%;\">25<\/td>\n<td style=\"width: 28.8344%;\"\/>\n<td style=\"width: 20.6544%;\"\/>\n<\/tr>\n<tr>\n<td style=\"width: 32.7198%;\">10<\/td>\n<td style=\"width: 17.4847%;\">20<\/td>\n<td style=\"width: 28.8344%;\"\/>\n<td style=\"width: 20.6544%;\"\/>\n<\/tr>\n<tr>\n<td style=\"width: 32.7198%;\">11<\/td>\n<td style=\"width: 17.4847%;\">15<\/td>\n<td style=\"width: 28.8344%;\"\/>\n<td style=\"width: 20.6544%;\"\/>\n<\/tr>\n<tr>\n<td style=\"width: 32.7198%;\">12<\/td>\n<td style=\"width: 17.4847%;\">10<\/td>\n<td style=\"width: 28.8344%;\"\/>\n<td style=\"width: 20.6544%;\"\/>\n<\/tr>\n<tr>\n<td style=\"width: 32.7198%;\">13<\/td>\n<td style=\"width: 17.4847%;\">5<\/td>\n<td style=\"width: 28.8344%;\"\/>\n<td style=\"width: 20.6544%;\"\/>\n<\/tr>\n<tr>\n<td style=\"width: 32.7198%;\">14<\/td>\n<td style=\"width: 17.4847%;\">5<\/td>\n<td style=\"width: 28.8344%;\"\/>\n<td style=\"width: 20.6544%;\"\/>\n<\/tr>\n<tr>\n<td style=\"width: 32.7198%;\">15<\/td>\n<td style=\"width: 17.4847%;\">5<\/td>\n<td style=\"width: 28.8344%;\"\/>\n<td style=\"width: 20.6544%;\"\/>\n<\/tr>\n<tr>\n<td style=\"width: 32.7198%;\">16-25<\/td>\n<td style=\"width: 17.4847%;\">3<\/td>\n<td style=\"width: 28.8344%;\"\/>\n<td style=\"width: 20.6544%;\"\/>\n<\/tr>\n<p>Altimetrie e Planimetrie Giro di Slovacchia 2025<br \/>\nTappa 1 (17\/09): Bardejov \u2013 Bardejov (141,2 km)<\/p>\n<p>Tappa 2 (18\/09): Svidn\u00edk \u2013 Ko\u0161ice (169,4 km)<\/p>\n<p>Tappa 3 (19\/09): Ke\u017emarok \u2013 Bansk\u00e1 Bystrica (191,7 km)<\/p>\n<p>Tappa 4 (20\/09): Vr\u00e1ble \u2013 Sl\u00e1dkovi\u010dovo (169,1 km)<\/p>\n<p>Tappa 5 (21\/09): Nov\u00e1 Dubnica \u2013 Koh\u00fatka (124 km)<\/p>\n","protected":false},"excerpt":{"rendered":"Il ricco programma di gare di questa settimana propone anche il Giro di Slovacchia 2025. Dopo lo spostamento&hellip;\n","protected":false},"author":3,"featured_media":113413,"comment_status":"","ping_status":"","sticky":false,"template":"","format":"standard","meta":{"footnotes":""},"categories":[1456],"tags":[1824,1825,73952,1537,90,89,245,244],"class_list":{"0":"post-113412","1":"post","2":"type-post","3":"status-publish","4":"format-standard","5":"has-post-thumbnail","7":"category-ciclismo","8":"tag-ciclismo","9":"tag-cycling","10":"tag-giro-di-slovacchia-2025","11":"tag-it","12":"tag-italia","13":"tag-italy","14":"tag-sport","15":"tag-sports"},"share_on_mastodon":{"url":"","error":""},"_links":{"self":[{"href":"https:\/\/www.europesays.com\/it\/wp-json\/wp\/v2\/posts\/113412","targetHints":{"allow":["GET"]}}],"collection":[{"href":"https:\/\/www.europesays.com\/it\/wp-json\/wp\/v2\/posts"}],"about":[{"href":"https:\/\/www.europesays.com\/it\/wp-json\/wp\/v2\/types\/post"}],"author":[{"embeddable":true,"href":"https:\/\/www.europesays.com\/it\/wp-json\/wp\/v2\/users\/3"}],"replies":[{"embeddable":true,"href":"https:\/\/www.europesays.com\/it\/wp-json\/wp\/v2\/comments?post=113412"}],"version-history":[{"count":0,"href":"https:\/\/www.europesays.com\/it\/wp-json\/wp\/v2\/posts\/113412\/revisions"}],"wp:featuredmedia":[{"embeddable":true,"href":"https:\/\/www.europesays.com\/it\/wp-json\/wp\/v2\/media\/113413"}],"wp:attachment":[{"href":"https:\/\/www.europesays.com\/it\/wp-json\/wp\/v2\/media?parent=113412"}],"wp:term":[{"taxonomy":"category","embeddable":true,"href":"https:\/\/www.europesays.com\/it\/wp-json\/wp\/v2\/categories?post=113412"},{"taxonomy":"post_tag","embeddable":true,"href":"https:\/\/www.europesays.com\/it\/wp-json\/wp\/v2\/tags?post=113412"}],"curies":[{"name":"wp","href":"https:\/\/api.w.org\/{rel}","templated":true}]}}