{"id":113416,"date":"2025-09-17T08:22:13","date_gmt":"2025-09-17T08:22:13","guid":{"rendered":"https:\/\/www.europesays.com\/it\/113416\/"},"modified":"2025-09-17T08:22:13","modified_gmt":"2025-09-17T08:22:13","slug":"mugello-antonelli-addio-mercedes-con-lo-scambio-coinvolta-la-ferrari","status":"publish","type":"post","link":"https:\/\/www.europesays.com\/it\/113416\/","title":{"rendered":"Mugello: Antonelli, addio Mercedes con lo scambio: coinvolta la Ferrari"},"content":{"rendered":"<p>                                            <img decoding=\"async\" src=\"https:\/\/www.europesays.com\/it\/wp-content\/uploads\/2025\/09\/cr_7acdac_Kimi_Antonelli_15092025_okmugello_it.webp.webp\" title=\"Antonelli, addio Mercedes con lo scambio\" alt=\"Antonelli, addio Mercedes con lo scambio\" class=\"img-responsive margin-bt-10\"\/><br \/>\n                                                    Antonelli, addio Mercedes con lo scambio \u00a9  youtube@skysportF1<\/p>\n<p class=\"has-drop-cap\">La Formula 1 \u00e8 sempre ricca di colpi di scena, non solo in pista, ma anche al di fuori, soprattutto nell&#8217;ambito del mercato piloti. I vari club cercano di <strong>contendersi i migliori<\/strong>, coloro che lottano per vincere e che vogliono dare il meglio di s\u00e9. Essere un pilota significa dover attendere a numerose aspettative, e c&#8217;\u00e8 grande pressing, soprattutto per raggiungere il traguardo.\u00a0<\/p>\n<p>Non \u00e8 semplice avere un gran dominio di s\u00e9 e correre verso la vittoria, perch\u00e9 \u00e8 una lotta continua non solo contro gli avversari, ma soprattutto con s\u00e9 stessi. \u00c8 un <strong>equilibrio sottile che deve essere gestito al meglio<\/strong>, se si vogliono ottenere risultati. Magari non si arriver\u00e0 in pole position, ma si star\u00e0 nella zona alta della classifica.\u00a0<\/p>\n<p>Tutto sta a darsi tempo e allenarsi con spirito di sacrificio, sete di vittoria e visione. La Formula 1 richiede un impegno incredibile, una concentrazione e una mentalit\u00e0 vincente in grado di sfidare i limiti, per stabilire nuovi record. Ed \u00e8 questo che molti team cercano, per vincere le gare.\u00a0<\/p>\n<p>Come ben accade in molti sport, Formula 1 compresa,<strong> circolano molti rumors in merito a chi va via e chi resta in un team,<\/strong> e negli ultimi giorni si sta parlando di un ipotetico quanto clamoroso scambio.\u00a0<\/p>\n<p>Kimi Antonelli via dalla Mercedes? Forse scambio con Sainz<\/p>\n<p>Non \u00e8 un periodo facile per <strong>Andrea Kimi Antonelli<\/strong>, giovane promessa italiana della Formula 1, in crisi da diversi Gran Premi.\u00a0<\/p>\n<p><img decoding=\"async\" alt=\"\" src=\"https:\/\/www.europesays.com\/it\/wp-content\/uploads\/2025\/09\/b9572a_Sainz_15092025_okmugello_it.jpg\" style=\"width:100%\"\/><\/p>\n<p>Secondo fonti vicine al panorama F1, Toto Wolff potrebbe decidere di prendere un nuovo pilota, e di mettere in atto uno scambio tra <strong>Antonelli e Sainz (o Albon),<\/strong> attualmente tra le fila della Williams. In sostanza, Antonelli andrebbe alla Williams e Sainz in Mercedes.\u00a0Chiaramente \u00e8 solo un&#8217;ipotesi, che tuttavia potrebbe non essere del tutto infondata.\u00a0<\/p>\n<p>L&#8217;ultima corsa di Kimi non \u00e8 andata proprio come da aspettative, per via dell&#8217;errore nelle FP2, dopo quello precedente, occorso in Olanda. L&#8217;ex Team Principal di F1, Guenther Steiner, ha detto la sua su un ipotetico scambio tra Antonelli e Sainz (o eventualmente Albon).\u00a0<\/p>\n<p>\u00abKimi e Albon dovrebbero scambiare sedile? Kimi e Albon o Kimi e Sainz dovremmo dire.\u00a0<strong>Sarebbe meglio per Antonelli. Gli darebbe del tempo per calmarsi<\/strong>. Guarda cosa \u00e8 successo con Lawson, quando la pressione se ne va arrivano buoni risultati e puoi migliorare. Poi torner\u00e0 come un pilota migliore\u00bb, ha detto al podcast The Red Flags.\u00a0<\/p>\n<p>Sempre secondo Steiner, \u00abSarebbe meglio per Kimi, senza mancare di rispetto. Il ragazzo ha 19 anni, \u00e8 troppo preso per lui.\u00a0<strong>Fa troppi errori e anche Toto lo ha detto. Conoscendolo [Wolff], quando inizia a parlare c\u2019\u00e8 sempre qualcosa dietro<\/strong>. Magari ci sta gi\u00e0 pensando\u00bb.\u00a0<\/p>\n<p>\u00a0<\/p>\n<p>\u00a0<\/p>\n","protected":false},"excerpt":{"rendered":"Antonelli, addio Mercedes con lo scambio \u00a9 youtube@skysportF1 La Formula 1 \u00e8 sempre ricca di colpi di scena,&hellip;\n","protected":false},"author":3,"featured_media":113417,"comment_status":"","ping_status":"","sticky":false,"template":"","format":"standard","meta":{"footnotes":""},"categories":[1454],"tags":[1770,683,1771,1537,90,89,245,244],"class_list":{"0":"post-113416","1":"post","2":"type-post","3":"status-publish","4":"format-standard","5":"has-post-thumbnail","7":"category-f1","8":"tag-f1","9":"tag-formula-1","10":"tag-formula1","11":"tag-it","12":"tag-italia","13":"tag-italy","14":"tag-sport","15":"tag-sports"},"share_on_mastodon":{"url":"","error":""},"_links":{"self":[{"href":"https:\/\/www.europesays.com\/it\/wp-json\/wp\/v2\/posts\/113416","targetHints":{"allow":["GET"]}}],"collection":[{"href":"https:\/\/www.europesays.com\/it\/wp-json\/wp\/v2\/posts"}],"about":[{"href":"https:\/\/www.europesays.com\/it\/wp-json\/wp\/v2\/types\/post"}],"author":[{"embeddable":true,"href":"https:\/\/www.europesays.com\/it\/wp-json\/wp\/v2\/users\/3"}],"replies":[{"embeddable":true,"href":"https:\/\/www.europesays.com\/it\/wp-json\/wp\/v2\/comments?post=113416"}],"version-history":[{"count":0,"href":"https:\/\/www.europesays.com\/it\/wp-json\/wp\/v2\/posts\/113416\/revisions"}],"wp:featuredmedia":[{"embeddable":true,"href":"https:\/\/www.europesays.com\/it\/wp-json\/wp\/v2\/media\/113417"}],"wp:attachment":[{"href":"https:\/\/www.europesays.com\/it\/wp-json\/wp\/v2\/media?parent=113416"}],"wp:term":[{"taxonomy":"category","embeddable":true,"href":"https:\/\/www.europesays.com\/it\/wp-json\/wp\/v2\/categories?post=113416"},{"taxonomy":"post_tag","embeddable":true,"href":"https:\/\/www.europesays.com\/it\/wp-json\/wp\/v2\/tags?post=113416"}],"curies":[{"name":"wp","href":"https:\/\/api.w.org\/{rel}","templated":true}]}}