{"id":113420,"date":"2025-09-17T08:24:11","date_gmt":"2025-09-17T08:24:11","guid":{"rendered":"https:\/\/www.europesays.com\/it\/113420\/"},"modified":"2025-09-17T08:24:11","modified_gmt":"2025-09-17T08:24:11","slug":"juve-borussia-dortmund-gol-di-yildiz-come-del-piero","status":"publish","type":"post","link":"https:\/\/www.europesays.com\/it\/113420\/","title":{"rendered":"Juve-Borussia Dortmund, gol di Yildiz come Del Piero"},"content":{"rendered":"<p>                                Il turco realizza la rete del momentaneo 1-1 nel pazzo 4-4 dell&#8217;Allianz contro i tedeschi. Il 13 settembre 1995 Ale aveva firmato il suo primo gol nella massima competizione europea contro lo stesso avversario<\/p>\n<p>            <a class=\"image is-50x50\" href=\"https:\/\/www.gazzetta.it\/redazione\/fabio-russo\/\" rel=\"nofollow noopener\" target=\"_blank\"><br \/>\n                <img decoding=\"async\" class=\"is-rounded\" src=\"https:\/\/www.europesays.com\/it\/wp-content\/uploads\/2025\/09\/fabio_russo.png\" alt=\"Fabio Russo\"\/><br \/>\n            <\/a><\/p>\n<p>Giornalista<\/p>\n<p>                    16 settembre 2025 (modifica alle 23:21)  &#8211; MILANO<\/p>\n<p class=\"paragraph\" spellcheck=\"true\">L&#8217;avversario \u00e8 lo stesso, la dinamica incredibilmente simile, la data&#8230; quasi: 13 settembre 1995-16 settembre 2025. Per tre giorni (e qualche metro in campo), Kenan Yildiz non imita alla perfezione il suo idolo Alex Del Piero, che proprio contro il Borussia Dortmund, quasi 11mila giorni fa, aveva trovato la sua prima rete in Champions League. Il famoso &#8220;gol alla Del Piero&#8221;, che proprio al Westfalen Stadium aveva visto la sua &#8220;epifania&#8221;.<\/p>\n<p>    yildiz e il gol alla del piero\u2014 \u00a0<\/p>\n<p class=\"paragraph is-inline\" spellcheck=\"true\">Trent&#8217;anni fa, Ale era al debutto nella massima competizione europea e ci aveva messo 37 minuti a trovare la magica traiettoria che poi lo avrebbe contraddistinto per tutta la carriera: vertice sinistro dell&#8217;area, rientro sul destro a liberarsi dell&#8217;avversario e palla nell&#8217;angolino opposto della porta di Klos. Yildiz, che aveva gi\u00e0 imitato Alex una stagione fa, bagnando con un gol, <a href=\"https:\/\/www.gazzetta.it\/Calcio\/Serie-A\/Juventus\/17-09-2024\/juve-yildiz-come-del-piero-gol-al-debutto-in-champions-league-ma-piu-giovane.shtml?intcmp=hyperlink-articolo-gazit\" title=\"Yildiz, gol alla Del Piero all&#039;esordio in Champions con la 10: &quot;Che goduria&quot;\" rel=\"nofollow noopener\" target=\"_blank\">contro il Psv Eindhoven<\/a>, il debutto in Champions League, <a href=\"\">nello spettacolare 4-4 contro i gialloneri<\/a> ha calciato da qualche metro pi\u00f9 all&#8217;interno del campo, ma il movimento a fare fuori Ryerson ha davvero ricordato quello del suo idolo e\u00a0predecessore. Una similitudine celebrata anche dalla Juve con un post sui social: &#8220;Quel tiro, quel gol, con quella traiettoria, contro il Borussia Dortmund.  Abbiamo (ri)pensato tutti alla stessa rete&#8230;&#8221;.<\/p>\n<p><a class=\"is-partner-link\" href=\"https:\/\/fantacampionato.gazzetta.it\/home\/?cmpid=PWPS_fantacampionato_cta25%20\" rel=\"nofollow noopener\" target=\"_blank\">Fantacampionato, ci siamo! La classifica generale parte alla 6\u00aa giornata &#8211; sei ancora in tempo per vincere auto, moto, e-bike e molto altro. Gioca ora!<\/a><\/p>\n<p>    il dialogo tra yildiz e del piero\u2014 \u00a0<\/p>\n<p class=\"paragraph is-inline\" spellcheck=\"true\">&#8220;Il gol che hai fatto \u00e8 meraviglioso, ne sono particolarmente felice, perch\u00e9 anche a me piaceva fare gol cos\u00ec &#8211; lo accoglie Del Piero a Sky -. \u00c8 uno spettacolo di traiettoria, la palla che va fuori e rientra, da destra e sinistra e dall&#8217;alto verso il basso. Complimenti&#8221;. &#8220;Non avevo mai visto il tuo gol, complimenti &#8211; ribatte il turco, come sempre visibilmente emozionato quando dialoga con il suo riferimento -. Penso che sia stato un gesto istintivo: ho visto che c&#8217;era un po&#8217; di spazio e ho calciato. Sono contento di aver fatto un gol cos\u00ec bello e del fatto che siamo riusciti a rimontare&#8221;.<\/p>\n<p class=\"is-copyright\">\u00a9 RIPRODUZIONE RISERVATA<\/p>\n","protected":false},"excerpt":{"rendered":"Il turco realizza la rete del momentaneo 1-1 nel pazzo 4-4 dell&#8217;Allianz contro i tedeschi. Il 13 settembre&hellip;\n","protected":false},"author":3,"featured_media":113421,"comment_status":"","ping_status":"","sticky":false,"template":"","format":"standard","meta":{"footnotes":""},"categories":[1452],"tags":[47788,3658,15961,18792,18793,25151,721,921,1969,1970,5002,78479,51917,10607,18794,2697,1740,1976,78480,1537,90,89,1987,2518,407,1739,245,244,78478,10571],"class_list":{"0":"post-113420","1":"post","2":"type-post","3":"status-publish","4":"format-standard","5":"has-post-thumbnail","7":"category-calcio","8":"tag-ale","9":"tag-alex","10":"tag-avversario","11":"tag-borussia","12":"tag-borussia-dortmund","13":"tag-calciato","14":"tag-calcio","15":"tag-campo","16":"tag-champions","17":"tag-champions-league","18":"tag-competizione","19":"tag-competizione-europea","20":"tag-complimenti","21":"tag-debutto","22":"tag-dortmund","23":"tag-europea","24":"tag-football","25":"tag-gol","26":"tag-gol-piero","27":"tag-it","28":"tag-italia","29":"tag-italy","30":"tag-piero","31":"tag-rete","32":"tag-settembre","33":"tag-soccer","34":"tag-sport","35":"tag-sports","36":"tag-traiettoria","37":"tag-yildiz"},"share_on_mastodon":{"url":"","error":""},"_links":{"self":[{"href":"https:\/\/www.europesays.com\/it\/wp-json\/wp\/v2\/posts\/113420","targetHints":{"allow":["GET"]}}],"collection":[{"href":"https:\/\/www.europesays.com\/it\/wp-json\/wp\/v2\/posts"}],"about":[{"href":"https:\/\/www.europesays.com\/it\/wp-json\/wp\/v2\/types\/post"}],"author":[{"embeddable":true,"href":"https:\/\/www.europesays.com\/it\/wp-json\/wp\/v2\/users\/3"}],"replies":[{"embeddable":true,"href":"https:\/\/www.europesays.com\/it\/wp-json\/wp\/v2\/comments?post=113420"}],"version-history":[{"count":0,"href":"https:\/\/www.europesays.com\/it\/wp-json\/wp\/v2\/posts\/113420\/revisions"}],"wp:featuredmedia":[{"embeddable":true,"href":"https:\/\/www.europesays.com\/it\/wp-json\/wp\/v2\/media\/113421"}],"wp:attachment":[{"href":"https:\/\/www.europesays.com\/it\/wp-json\/wp\/v2\/media?parent=113420"}],"wp:term":[{"taxonomy":"category","embeddable":true,"href":"https:\/\/www.europesays.com\/it\/wp-json\/wp\/v2\/categories?post=113420"},{"taxonomy":"post_tag","embeddable":true,"href":"https:\/\/www.europesays.com\/it\/wp-json\/wp\/v2\/tags?post=113420"}],"curies":[{"name":"wp","href":"https:\/\/api.w.org\/{rel}","templated":true}]}}