{"id":113423,"date":"2025-09-17T08:26:16","date_gmt":"2025-09-17T08:26:16","guid":{"rendered":"https:\/\/www.europesays.com\/it\/113423\/"},"modified":"2025-09-17T08:26:16","modified_gmt":"2025-09-17T08:26:16","slug":"una-casa-di-campagna-di-200-mq-vista-lago","status":"publish","type":"post","link":"https:\/\/www.europesays.com\/it\/113423\/","title":{"rendered":"Una casa di campagna di 200 mq vista lago"},"content":{"rendered":"<p data-journey-content=\"true\" data-node-id=\"1\" class=\"css-i9p093 emevuu60\">Due facce per la stessa casa, che ha un lago da un lato e dall&#8217;altro lato passa inosservata come una<strong data-node-id=\"1.1\"> tranquilla <a href=\"https:\/\/www.elledecor.com\/it\/case\/a65618774\/villa-campagna-stile-mediterraneo\/\" target=\"_blank\" data-vars-ga-outbound-link=\"https:\/\/www.elledecor.com\/it\/case\/a65618774\/villa-campagna-stile-mediterraneo\/\" data-vars-ga-ux-element=\"Hyperlink\" data-vars-ga-call-to-action=\"casa di campagna\" data-node-id=\"1.1.1\" class=\"body-link css-15fjk10 emevuu60\" rel=\"nofollow noopener\">casa di campagna<\/a><\/strong>. Il progetto, firmato da<strong data-node-id=\"1.3\"> MUUK Architecture<\/strong>, si sviluppa a partire da una composizione contemporanea che cerca l&#8217;<strong data-node-id=\"1.5\">equilibrio tra sobriet\u00e0<\/strong>, luce e paesaggio, con una precisa integrazione nel terreno. Dalla strada, la casa si presenta come un volume semplice coronato da un tetto a due falde di colore bianco. Il rivestimento esterno, in <a href=\"https:\/\/www.elledecor.com\/it\/design\/a43246749\/arredi-di-design-in-legno\/\" target=\"_blank\" data-vars-ga-outbound-link=\"https:\/\/www.elledecor.com\/it\/design\/a43246749\/arredi-di-design-in-legno\/\" data-vars-ga-ux-element=\"Hyperlink\" data-vars-ga-call-to-action=\"legno\" data-node-id=\"1.7\" class=\"body-link css-15fjk10 emevuu60\" rel=\"nofollow noopener\">legno<\/a> quasi bianco con una texture sottile, riflette la luce naturale e accentua il carattere sobrio della costruzione. L&#8217;ingresso si trova in un rientro protetto, accanto a un garage integrato che \u00e8 sottolineato dalla sporgenza angolare del tetto. Tutto ci\u00f2 contribuisce a creare una facciata volutamente silenziosa, il cui intento \u00e8 quello di <strong data-node-id=\"1.9\">ridurre al minimo l&#8217;impatto visivo sull&#8217;ambiente<\/strong> urbano circostante e, allo stesso tempo, mantenere una chiara coerenza formale.<\/p>\n<p><img draggable=\"true\" alt=\"casa blanca por un lado se abre a un lago y por otro parece tipica casa de campo\" title=\"Una casa blanca que por un lado se abre a un lago y por el otro parece la t\u00edpica casa de campo\" loading=\"lazy\" width=\"2362\" height=\"1769\" decoding=\"async\" data-nimg=\"1\" style=\"color:transparent;width:100%;height:auto;\"   src=\"https:\/\/www.europesays.com\/it\/wp-content\/uploads\/2025\/09\/1-casa-blanca-en-el-lago-68a0e085952c7.jpg\" class=\"css-0 e1g79fud0\"\/><\/p>\n<p>Phil Bernard<\/p>\n<p><img draggable=\"true\" alt=\"casa blanca por un lado se abre a un lago y por otro parece tipica casa de campo\" title=\"Una casa blanca que por un lado se abre a un lago y por el otro parece la t\u00edpica casa de campo\" loading=\"lazy\" width=\"2362\" height=\"1772\" decoding=\"async\" data-nimg=\"1\" style=\"color:transparent;width:100%;height:auto;\"   src=\"https:\/\/www.europesays.com\/it\/wp-content\/uploads\/2025\/09\/2-casa-blanca-en-el-lago-68a0e0acb8ac5.jpg\" class=\"css-0 e1g79fud0\"\/><\/p>\n<p>Phil Bernard<\/p>\n<p><img draggable=\"true\" alt=\"casa blanca por un lado se abre a un lago y por otro parece tipica casa de campo\" title=\"Una casa blanca que por un lado se abre a un lago y por el otro parece la t\u00edpica casa de campo\" loading=\"lazy\" width=\"1772\" height=\"2658\" decoding=\"async\" data-nimg=\"1\" style=\"color:transparent;width:100%;height:auto;\"   src=\"https:\/\/www.europesays.com\/it\/wp-content\/uploads\/2025\/09\/3-casa-blanca-en-el-lago-68a0e0d62332e.jpg\" class=\"css-0 e1g79fud0\"\/><\/p>\n<p>Phil Bernard<\/p>\n<p data-journey-content=\"true\" data-node-id=\"8\" class=\"css-i9p093 emevuu60\">In contrasto con questa sobriet\u00e0 verso la strada, <strong data-node-id=\"8.1\">la parte posteriore dell&#8217;abitazione si apre completamente sul paesaggio<\/strong>. Una facciata vetrata a doppia altezza domina questo orientamento, stabilendo un collegamento diretto tra le zone giorno interne e il lago. Da qui, un <strong data-node-id=\"8.3\">balcone a sbalzo<\/strong> prolunga il soggiorno verso l&#8217;esterno. Protetto da <a href=\"https:\/\/www.elledecor.com\/it\/design\/a34068051\/finestre-infissi-di-design\/\" target=\"_blank\" data-vars-ga-outbound-link=\"https:\/\/www.elledecor.com\/it\/design\/a34068051\/finestre-infissi-di-design\/\" data-vars-ga-ux-element=\"Hyperlink\" data-vars-ga-call-to-action=\"persiane\" data-node-id=\"8.5\" class=\"body-link css-15fjk10 emevuu60\" rel=\"nofollow noopener\">persiane<\/a> in legno a lamelle sottili, offre privacy e regola l&#8217;ingresso della luce, filtrando la vista e creando un <strong data-node-id=\"8.7\">ambiente luminoso e confortevole<\/strong>. Questi elementi svolgono anche una funzione climatica, favorendo il comfort termico e il rendimento solare passivo.<\/p>\n<p><img draggable=\"true\" alt=\"casa blanca por un lado se abre a un lago y por otro parece tipica casa de campo\" title=\"Una casa blanca que por un lado se abre a un lago y por el otro parece la t\u00edpica casa de campo\" loading=\"lazy\" width=\"1772\" height=\"2658\" decoding=\"async\" data-nimg=\"1\" style=\"color:transparent;width:100%;height:auto;\"   src=\"https:\/\/www.europesays.com\/it\/wp-content\/uploads\/2025\/09\/4-casa-blanca-en-el-lago-68a0e14c1ef7c.jpg\" class=\"css-0 e1g79fud0\"\/><\/p>\n<p>Phil Bernard<\/p>\n<p><img draggable=\"true\" alt=\"casa blanca por un lado se abre a un lago y por otro parece tipica casa de campo\" title=\"Una casa blanca que por un lado se abre a un lago y por el otro parece la t\u00edpica casa de campo\" loading=\"lazy\" width=\"2362\" height=\"3150\" decoding=\"async\" data-nimg=\"1\" style=\"color:transparent;width:100%;height:auto;\"   src=\"https:\/\/www.europesays.com\/it\/wp-content\/uploads\/2025\/09\/5-casa-blanca-en-el-lago-68a0e17572b0d.jpg\" class=\"css-0 e1g79fud0\"\/><\/p>\n<p>Phil Bernard<\/p>\n<p><img draggable=\"true\" alt=\"casa blanca por un lado se abre a un lago y por otro parece tipica casa de campo\" title=\"Una casa blanca que por un lado se abre a un lago y por el otro parece la t\u00edpica casa de campo\" loading=\"lazy\" width=\"3898\" height=\"2923\" decoding=\"async\" data-nimg=\"1\" style=\"color:transparent;width:100%;height:auto;\"   src=\"https:\/\/www.europesays.com\/it\/wp-content\/uploads\/2025\/09\/6-casa-blanca-en-el-lago-68a0e19995fe3.jpg\" class=\"css-0 e1g79fud0\"\/><\/p>\n<p>Phil Bernard<\/p>\n<p data-journey-content=\"true\" data-node-id=\"14\" class=\"css-i9p093 emevuu60\">L&#8217;integrazione con il terreno \u00e8 un altro punto chiave. <strong data-node-id=\"14.1\">La casa si adatta al pendio naturale<\/strong> grazie a una serie di livelli intermedi. Al piano giardino si trovano le camere da letto secondarie, con accesso diretto all&#8217;esterno attraverso un piccolo sentiero in cemento che conduce all&#8217;acqua. Il livello principale riunisce gli spazi comuni, composti da cucina, sala da pranzo e soggiorno, orientati in modo tale che <strong data-node-id=\"14.3\">la vista sul lago rimanga aperta e incorniciata in modo obliquo<\/strong>, sfruttando al massimo la topografia.<\/p>\n<p><img draggable=\"true\" alt=\"casa blanca por un lado se abre a un lago y por otro parece tipica casa de campo\" title=\"Una casa blanca que por un lado se abre a un lago y por el otro parece la t\u00edpica casa de campo\" loading=\"lazy\" width=\"3898\" height=\"2923\" decoding=\"async\" data-nimg=\"1\" style=\"color:transparent;width:100%;height:auto;\"   src=\"https:\/\/www.europesays.com\/it\/wp-content\/uploads\/2025\/09\/7-casa-blanca-en-el-lago-68a0e4362e6e8.jpg\" class=\"css-0 e1g79fud0\"\/><\/p>\n<p>Phil Bernard<\/p>\n<p><img draggable=\"true\" alt=\"casa blanca por un lado se abre a un lago y por otro parece tipica casa de campo\" title=\"Una casa blanca que por un lado se abre a un lago y por el otro parece la t\u00edpica casa de campo\" loading=\"lazy\" width=\"2953\" height=\"3937\" decoding=\"async\" data-nimg=\"1\" style=\"color:transparent;width:100%;height:auto;\"   src=\"https:\/\/www.europesays.com\/it\/wp-content\/uploads\/2025\/09\/8-casa-blanca-en-el-lago-68a0e45b552c2.jpg\" class=\"css-0 e1g79fud0\"\/><\/p>\n<p>Phil Bernard<\/p>\n<p><img draggable=\"true\" alt=\"casa blanca por un lado se abre a un lago y por otro parece tipica casa de campo\" title=\"Una casa blanca que por un lado se abre a un lago y por el otro parece la t\u00edpica casa de campo\" loading=\"lazy\" width=\"2953\" height=\"3937\" decoding=\"async\" data-nimg=\"1\" style=\"color:transparent;width:100%;height:auto;\"   src=\"https:\/\/www.europesays.com\/it\/wp-content\/uploads\/2025\/09\/9-casa-blanca-en-el-lago-68a0e4803a123.jpg\" class=\"css-0 e1g79fud0\"\/><\/p>\n<p>Phil Bernard<\/p>\n<p data-journey-content=\"true\" data-node-id=\"20\" class=\"css-i9p093 emevuu60\">La costruzione \u00e8 stata realizzata con un<strong data-node-id=\"20.1\"> sistema leggero di travature in legno<\/strong>, ottimizzato per ottenere un elevato rendimento termico. La disposizione strategica delle vetrate consente di massimizzare i guadagni solari passivi in inverno, senza compromettere il controllo del surriscaldamento estivo. Il progetto incorpora anche un <strong data-node-id=\"20.3\">approccio <a href=\"https:\/\/www.elledecor.com\/it\/design-architettura-sostenibile\/\" target=\"_blank\" data-vars-ga-outbound-link=\"https:\/\/www.elledecor.com\/it\/design-architettura-sostenibile\/\" data-vars-ga-ux-element=\"Hyperlink\" data-vars-ga-call-to-action=\"sostenibile\" data-node-id=\"20.3.1\" class=\"body-link css-15fjk10 emevuu60\" rel=\"nofollow noopener\">sostenibile<\/a><\/strong> nel trattamento esterno: l&#8217;accesso carrabile \u00e8 stato realizzato con una pavimentazione permeabile che facilita l&#8217;infiltrazione naturale della pioggia nel terreno e riduce il deflusso superficiale.<\/p>\n<p><img draggable=\"true\" alt=\"casa blanca por un lado se abre a un lago y por otro parece tipica casa de campo\" title=\"Una casa blanca que por un lado se abre a un lago y por el otro parece la t\u00edpica casa de campo\" loading=\"lazy\" width=\"2953\" height=\"3937\" decoding=\"async\" data-nimg=\"1\" style=\"color:transparent;width:100%;height:auto;\"   src=\"https:\/\/www.europesays.com\/it\/wp-content\/uploads\/2025\/09\/10-casa-blanca-en-el-lago-68a0e4b50dbda.jpg\" class=\"css-0 e1g79fud0\"\/><\/p>\n<p>Phil Bernard<\/p>\n<p><img draggable=\"true\" alt=\"casa blanca por un lado se abre a un lago y por otro parece tipica casa de campo\" title=\"Una casa blanca que por un lado se abre a un lago y por el otro parece la t\u00edpica casa de campo\" loading=\"lazy\" width=\"3898\" height=\"2923\" decoding=\"async\" data-nimg=\"1\" style=\"color:transparent;width:100%;height:auto;\"   src=\"https:\/\/www.europesays.com\/it\/wp-content\/uploads\/2025\/09\/11-casa-blanca-en-el-lago-68a0e4db55701.jpg\" class=\"css-0 e1g79fud0\"\/><\/p>\n<p>Phil Bernard<\/p>\n<p><img draggable=\"true\" alt=\"casa blanca por un lado se abre a un lago y por otro parece tipica casa de campo\" title=\"Una casa blanca que por un lado se abre a un lago y por el otro parece la t\u00edpica casa de campo\" loading=\"lazy\" width=\"3543\" height=\"2657\" decoding=\"async\" data-nimg=\"1\" style=\"color:transparent;width:100%;height:auto;\"   src=\"https:\/\/www.europesays.com\/it\/wp-content\/uploads\/2025\/09\/12-casa-blanca-en-el-lago-68a0e4ff96d44.jpg\" class=\"css-0 e1g79fud0\"\/><\/p>\n<p>Phil Bernard<\/p>\n<p data-journey-content=\"true\" data-node-id=\"26\" class=\"css-i9p093 emevuu60\">Nel suo insieme, il volume chiaro dell&#8217;abitazione risalta per contrasto con i toni scuri della vegetazione e dell&#8217;acqua. La copertura inclinata del garage introduce un elemento singolare che rafforza l&#8217;identit\u00e0 del progetto, ma lo fa con discrezione, <strong data-node-id=\"26.1\">senza alterare l&#8217;orizzontalit\u00e0 dominante del paesaggio circostante<\/strong>. Questa tensione tra un elemento formale preciso e un carattere generale contenuto definisce lo spirito della casa.<\/p>\n<p><img draggable=\"true\" alt=\"casa blanca por un lado se abre a un lago y por otro parece tipica casa de campo\" title=\"Una casa blanca que por un lado se abre a un lago y por el otro parece la t\u00edpica casa de campo\" loading=\"lazy\" width=\"2362\" height=\"1772\" decoding=\"async\" data-nimg=\"1\" style=\"color:transparent;width:100%;height:auto;\"   src=\"https:\/\/www.europesays.com\/it\/wp-content\/uploads\/2025\/09\/14-casa-blanca-en-el-lago-68a0e526875bf.jpg\" class=\"css-0 e1g79fud0\"\/><\/p>\n<p>Phil Bernard<\/p>\n<p><img draggable=\"true\" alt=\"casa blanca por un lado se abre a un lago y por otro parece tipica casa de campo\" title=\"Una casa blanca que por un lado se abre a un lago y por el otro parece la t\u00edpica casa de campo\" loading=\"lazy\" width=\"2126\" height=\"2835\" decoding=\"async\" data-nimg=\"1\" style=\"color:transparent;width:100%;height:auto;\"   src=\"https:\/\/www.europesays.com\/it\/wp-content\/uploads\/2025\/09\/13-casa-blanca-en-el-lago-68a0e5271a076.jpg\" class=\"css-0 e1g79fud0\"\/><\/p>\n<p>Phil Bernard<\/p>\n<p><img draggable=\"true\" alt=\"casa blanca por un lado se abre a un lago y por otro parece tipica casa de campo\" title=\"Una casa blanca que por un lado se abre a un lago y por el otro parece la t\u00edpica casa de campo\" loading=\"lazy\" width=\"2362\" height=\"3150\" decoding=\"async\" data-nimg=\"1\" style=\"color:transparent;width:100%;height:auto;\"   src=\"https:\/\/www.europesays.com\/it\/wp-content\/uploads\/2025\/09\/15-casa-blanca-en-el-lago-68a0e5271a77f.jpg\" class=\"css-0 e1g79fud0\"\/><\/p>\n<p>Phil Bernard<\/p>\n<p data-journey-content=\"true\" data-node-id=\"32\" class=\"css-i9p093 emevuu60\">Con una superficie di poco pi\u00f9 di <strong data-node-id=\"32.1\">200 metri quadrati e due livelli<\/strong> (piano giardino e piano principale), la residenza concentra nella sua scala limitata una serie di scelte che ne rafforzano la vocazione alla discrezione e al radicamento nel luogo.<\/p>\n<p data-journey-content=\"true\" data-node-id=\"34\" class=\"css-i9p093 emevuu60\"><a href=\"https:\/\/www.elledecor.com\/es\/casas\/a65797509\/casa-madera-blanca-acristalada-lago\/\" target=\"_blank\" data-vars-ga-outbound-link=\"https:\/\/www.elledecor.com\/es\/casas\/a65797509\/casa-madera-blanca-acristalada-lago\/\" data-vars-ga-ux-element=\"Hyperlink\" data-vars-ga-call-to-action=\"www.muuk.ca\" data-node-id=\"34.0\" class=\"body-link css-15fjk10 emevuu60\" rel=\"nofollow noopener\">www.muuk.ca<\/a><\/p>\n<p data-journey-content=\"true\" data-node-id=\"35\" class=\"css-i9p093 emevuu60\"><a href=\"https:\/\/www.elledecor.com\/es\/casas\/a65797509\/casa-madera-blanca-acristalada-lago\/\" target=\"_blank\" data-vars-ga-outbound-link=\"https:\/\/www.elledecor.com\/es\/casas\/a65797509\/casa-madera-blanca-acristalada-lago\/\" data-vars-ga-ux-element=\"Hyperlink\" data-vars-ga-call-to-action=\"Da ELLE Decor ES\" data-node-id=\"35.0\" class=\"body-link css-15fjk10 emevuu60\" rel=\"nofollow noopener\">Da ELLE Decor ES<\/a><\/p>\n<p>Tappeti in&amp;outdoor<a target=\"_blank\" rel=\"nofollow noopener\" data-theme-key=\"product-image-wrapper\" href=\"https:\/\/click.linksynergy.com\/deeplink?id=2fv8O7DnZlc&amp;mid=49049&amp;murl=https%3A%2F%2Fwww.westwing.it%2Ftappeto-in-viscosa-tessuto-a-mano-jane-59912.html%3F&amp;u1=edcit|xid:{xid}\" aria-label=\"429\u00a0\u20ac su westwing.it per Tappeto in viscosa fatto a mano Jane\" data-href=\"https:\/\/www.westwing.it\/tappeto-in-viscosa-tessuto-a-mano-jane-59912.html?\" data-product-url=\"https:\/\/www.westwing.it\/tappeto-in-viscosa-tessuto-a-mano-jane-59912.html?\" data-affiliate=\"true\" data-affiliate-url=\"https:\/\/click.linksynergy.com\/deeplink?id=2fv8O7DnZlc&amp;mid=49049&amp;murl=https%3A%2F%2Fwww.westwing.it%2Ftappeto-in-viscosa-tessuto-a-mano-jane-59912.html%3F&amp;u1=edcit|xid:{xid}\" data-affiliate-network=\"{&quot;site_id&quot;:&quot;0550d705-7712-4019-a8b2-0f35da30918c&quot;,&quot;metadata&quot;:{&quot;trackonomics&quot;:{&quot;network_name&quot;:&quot;ls&quot;}},&quot;network&quot;:{&quot;name&quot;:&quot;Trackonomics&quot;},&quot;product_metadata&quot;:{&quot;0550d705-7712-4019-a8b2-0f35da30918c&quot;:{&quot;network_name&quot;:&quot;ls&quot;,&quot;link&quot;:&quot;https:\/\/click.linksynergy.com\/deeplink?id=2fv8O7DnZlc&amp;mid=49049&amp;murl=https%3A%2F%2Fwww.westwing.it%2Ftappeto-in-viscosa-tessuto-a-mano-jane-59912.html%3F&amp;u1={subid}&quot;}},&quot;afflink_redirect&quot;:&quot;\/_p\/afflink\/vX5C\/westwing-tappeto-in-viscosa-fatto-a&quot;}\" data-vars-ga-call-to-action=\"429\u00a0\u20ac su westwing.it\" data-vars-ga-media-role=\"1\" data-vars-ga-media-type=\"Embedded Gallery List\" data-vars-ga-outbound-link=\"https:\/\/www.westwing.it\/tappeto-in-viscosa-tessuto-a-mano-jane-59912.html?\" data-vars-ga-product-id=\"4f4adc1b-8fb8-462f-a7f0-afb84d38fe79\" data-vars-ga-product-price=\"429,00\u00a0\u20ac\" data-vars-ga-product-retailer-id=\"490641d6-24e3-4954-ae88-86f62c435568\" data-vars-ga-gallery-display=\"list\" data-vars-ga-link-treatment=\"(not set) | (not set)\" data-vars-ga-sku=\"59912\" data-vars-ga-magento-tracking=\"1\" class=\"product-image-link ebgq4gw2 e1b8bpvs0 css-g6od0w e1c1bym14\"><img  alt=\"Tappeto in viscosa fatto a mano Jane\" title=\"Tappeto in viscosa fatto a mano Jane\" src=\"https:\/\/www.europesays.com\/it\/wp-content\/uploads\/2025\/09\/1758097576_804_1749724460-DEQ16POR76076-132282_c69734b80a3400bc1cef4c097979ad18_dtl_1.jpg\" width=\"1140\" height=\"1520\" decoding=\"async\" loading=\"lazy\"\/><\/a>Tappeto in viscosa fatto a mano JaneCredit: Courtesy photo<a target=\"_blank\" rel=\"nofollow noopener\" data-theme-key=\"product-image-wrapper\" href=\"https:\/\/click.linksynergy.com\/deeplink?id=2fv8O7DnZlc&amp;mid=49049&amp;murl=https%3A%2F%2Fwww.westwing.it%2Ftappeto-morbido-a-pelo-lungo-leighton-150729.html%3F&amp;u1=edcit|xid:{xid}\" aria-label=\"78\u00a0\u20ac su westwing.it per Passatoia morbida a pelo lungo Leighton\" data-href=\"https:\/\/www.westwing.it\/tappeto-morbido-a-pelo-lungo-leighton-150729.html?\" data-product-url=\"https:\/\/www.westwing.it\/tappeto-morbido-a-pelo-lungo-leighton-150729.html?\" data-affiliate=\"true\" data-affiliate-url=\"https:\/\/click.linksynergy.com\/deeplink?id=2fv8O7DnZlc&amp;mid=49049&amp;murl=https%3A%2F%2Fwww.westwing.it%2Ftappeto-morbido-a-pelo-lungo-leighton-150729.html%3F&amp;u1=edcit|xid:{xid}\" data-affiliate-network=\"{&quot;site_id&quot;:&quot;0550d705-7712-4019-a8b2-0f35da30918c&quot;,&quot;metadata&quot;:{&quot;trackonomics&quot;:{&quot;network_name&quot;:&quot;ls&quot;}},&quot;network&quot;:{&quot;name&quot;:&quot;Trackonomics&quot;},&quot;product_metadata&quot;:{&quot;0550d705-7712-4019-a8b2-0f35da30918c&quot;:{&quot;network_name&quot;:&quot;ls&quot;,&quot;link&quot;:&quot;https:\/\/click.linksynergy.com\/deeplink?id=2fv8O7DnZlc&amp;mid=49049&amp;murl=https%3A%2F%2Fwww.westwing.it%2Ftappeto-morbido-a-pelo-lungo-leighton-150729.html%3F&amp;u1={subid}&quot;}},&quot;afflink_redirect&quot;:&quot;\/_p\/afflink\/vX5D\/westwing-passatoia-morbida-a-pelo-lungo&quot;}\" data-vars-ga-call-to-action=\"78\u00a0\u20ac su westwing.it\" data-vars-ga-media-role=\"1\" data-vars-ga-media-type=\"Embedded Gallery List\" data-vars-ga-outbound-link=\"https:\/\/www.westwing.it\/tappeto-morbido-a-pelo-lungo-leighton-150729.html?\" data-vars-ga-product-id=\"27684c30-9837-4c73-bbe5-ec4e29f53be1\" data-vars-ga-product-price=\"77,99\u00a0\u20ac\" data-vars-ga-product-retailer-id=\"71e10cfe-ad29-4542-88e4-0a627d16c492\" data-vars-ga-gallery-display=\"list\" data-vars-ga-link-treatment=\"(not set) | (not set)\" data-vars-ga-sku=\"150729\" data-vars-ga-magento-tracking=\"1\" class=\"product-image-link ebgq4gw2 e1b8bpvs0 css-g6od0w e1c1bym14\"><img  alt=\"Passatoia morbida a pelo lungo Leighton\" title=\"Passatoia morbida a pelo lungo Leighton\" src=\"https:\/\/www.europesays.com\/it\/wp-content\/uploads\/2025\/09\/1758097576_943_1749724534-DEQ23WES88125-193139_d5b600f87de740fe56bf01e20704ecdb_dtl_1.jpg\" width=\"1140\" height=\"1520\" decoding=\"async\" loading=\"lazy\"\/><\/a>Passatoia morbida a pelo lungo LeightonCredit: Courtesy photo<a target=\"_blank\" rel=\"nofollow noopener\" data-theme-key=\"product-image-wrapper\" href=\"https:\/\/click.linksynergy.com\/deeplink?id=2fv8O7DnZlc&amp;mid=49049&amp;murl=https%3A%2F%2Fwww.westwing.it%2Ftappeto-tessuto-a-mano-da-esterno-interno-lyla-157895.html&amp;u1=edcit|xid:{xid}\" aria-label=\"78\u00a0\u20ac su westwing.it per Tappeto tessuto a mano da interno-esterno Lyla\" data-href=\"https:\/\/www.westwing.it\/tappeto-tessuto-a-mano-da-esterno-interno-lyla-157895.html\" data-product-url=\"https:\/\/www.westwing.it\/tappeto-tessuto-a-mano-da-esterno-interno-lyla-157895.html\" data-affiliate=\"true\" data-affiliate-url=\"https:\/\/click.linksynergy.com\/deeplink?id=2fv8O7DnZlc&amp;mid=49049&amp;murl=https%3A%2F%2Fwww.westwing.it%2Ftappeto-tessuto-a-mano-da-esterno-interno-lyla-157895.html&amp;u1=edcit|xid:{xid}\" data-affiliate-network=\"{&quot;site_id&quot;:&quot;0550d705-7712-4019-a8b2-0f35da30918c&quot;,&quot;metadata&quot;:{&quot;trackonomics&quot;:{&quot;network_name&quot;:&quot;ls&quot;}},&quot;network&quot;:{&quot;name&quot;:&quot;Trackonomics&quot;},&quot;product_metadata&quot;:{&quot;0550d705-7712-4019-a8b2-0f35da30918c&quot;:{&quot;network_name&quot;:&quot;ls&quot;,&quot;link&quot;:&quot;https:\/\/click.linksynergy.com\/deeplink?id=2fv8O7DnZlc&amp;mid=49049&amp;murl=https%3A%2F%2Fwww.westwing.it%2Ftappeto-tessuto-a-mano-da-esterno-interno-lyla-157895.html&amp;u1={subid}&quot;}},&quot;afflink_redirect&quot;:&quot;\/_p\/afflink\/vX5R\/westwing-tappeto-tessuto-a-mano-da&quot;}\" data-vars-ga-call-to-action=\"78\u00a0\u20ac su westwing.it\" data-vars-ga-media-role=\"1\" data-vars-ga-media-type=\"Embedded Gallery List\" data-vars-ga-outbound-link=\"https:\/\/www.westwing.it\/tappeto-tessuto-a-mano-da-esterno-interno-lyla-157895.html\" data-vars-ga-product-id=\"725cc36f-a1ab-4c22-9e33-3d91f9b2bc6c\" data-vars-ga-product-price=\"77,99\u00a0\u20ac\" data-vars-ga-product-retailer-id=\"23d4e01c-2785-4903-bde9-d717f1422240\" data-vars-ga-gallery-display=\"list\" data-vars-ga-link-treatment=\"(not set) | (not set)\" data-vars-ga-sku=\"157895\" data-vars-ga-magento-tracking=\"1\" class=\"product-image-link ebgq4gw2 e1b8bpvs0 css-g6od0w e1c1bym14\"><img  alt=\"Tappeto tessuto a mano da interno-esterno Lyla\" title=\"Tappeto tessuto a mano da interno-esterno Lyla\" src=\"https:\/\/www.europesays.com\/it\/wp-content\/uploads\/2025\/09\/1758097576_791_1749724612-DEQ23WES86931-202754_12a671b30b9875f6a308e950a0ce7c56_dtl_1.jpg\" width=\"1140\" height=\"1520\" decoding=\"async\" loading=\"lazy\"\/><\/a>Tappeto tessuto a mano da interno-esterno LylaCredit: Courtesy photo<a target=\"_blank\" rel=\"nofollow noopener\" data-theme-key=\"product-image-wrapper\" href=\"https:\/\/click.linksynergy.com\/deeplink?id=2fv8O7DnZlc&amp;mid=49049&amp;murl=https%3A%2F%2Fwww.westwing.it%2Ftappeto-in-lana-taftato-a-mano-dalla-forma-organica-kadey-140637.html&amp;u1=edcit|xid:{xid}\" aria-label=\"219\u00a0\u20ac su westwing.it per Tappeto in lana dalla forma organica fatto a mano Kadey\" data-href=\"https:\/\/www.westwing.it\/tappeto-in-lana-taftato-a-mano-dalla-forma-organica-kadey-140637.html\" data-product-url=\"https:\/\/www.westwing.it\/tappeto-in-lana-taftato-a-mano-dalla-forma-organica-kadey-140637.html\" data-affiliate=\"true\" data-affiliate-url=\"https:\/\/click.linksynergy.com\/deeplink?id=2fv8O7DnZlc&amp;mid=49049&amp;murl=https%3A%2F%2Fwww.westwing.it%2Ftappeto-in-lana-taftato-a-mano-dalla-forma-organica-kadey-140637.html&amp;u1=edcit|xid:{xid}\" data-affiliate-network=\"{&quot;site_id&quot;:&quot;0550d705-7712-4019-a8b2-0f35da30918c&quot;,&quot;metadata&quot;:{&quot;trackonomics&quot;:{&quot;network_name&quot;:&quot;ls&quot;}},&quot;network&quot;:{&quot;name&quot;:&quot;Trackonomics&quot;},&quot;product_metadata&quot;:{&quot;0550d705-7712-4019-a8b2-0f35da30918c&quot;:{&quot;network_name&quot;:&quot;ls&quot;,&quot;link&quot;:&quot;https:\/\/click.linksynergy.com\/deeplink?id=2fv8O7DnZlc&amp;mid=49049&amp;murl=https%3A%2F%2Fwww.westwing.it%2Ftappeto-in-lana-taftato-a-mano-dalla-forma-organica-kadey-140637.html&amp;u1={subid}&quot;}},&quot;afflink_redirect&quot;:&quot;\/_p\/afflink\/vX5I\/westwing-tappeto-in-lana-dalla-forma&quot;}\" data-vars-ga-call-to-action=\"219\u00a0\u20ac su westwing.it\" data-vars-ga-media-role=\"1\" data-vars-ga-media-type=\"Embedded Gallery List\" data-vars-ga-outbound-link=\"https:\/\/www.westwing.it\/tappeto-in-lana-taftato-a-mano-dalla-forma-organica-kadey-140637.html\" data-vars-ga-product-id=\"93a86c05-c6c2-4c2e-ae76-51ab60f17d96\" data-vars-ga-product-price=\"219,00\u00a0\u20ac\" data-vars-ga-product-retailer-id=\"be79fa2e-9e25-4fb6-9e4e-5837773e88be\" data-vars-ga-gallery-display=\"list\" data-vars-ga-link-treatment=\"(not set) | (not set)\" data-vars-ga-sku=\"140637\" data-vars-ga-magento-tracking=\"1\" class=\"product-image-link ebgq4gw2 e1b8bpvs0 css-g6od0w e1c1bym14\"><img  alt=\"Tappeto in lana dalla forma organica fatto a mano Kadey\" title=\"Tappeto in lana dalla forma organica fatto a mano Kadey\" src=\"https:\/\/www.europesays.com\/it\/wp-content\/uploads\/2025\/09\/1758097576_661_1749724579-DEQ22WES31566-178004_07d330cc5f2ffcb5d4d4e955ae4d354b_dtl_1.jpg\" width=\"1140\" height=\"1520\" decoding=\"async\" loading=\"lazy\"\/><\/a>Tappeto in lana dalla forma organica fatto a mano KadeyCredit: Courtesy photoRelated Stories<img src=\"https:\/\/www.europesays.com\/it\/wp-content\/uploads\/2025\/09\/1758097576_614_50497c57-8621-4a84-9b8c-4a48e0ae277b_1734433552.jpg\" alt=\"Headshot of Gala Mora\" title=\"Headshot of Gala Mora\" width=\"100%\" height=\"100%\" decoding=\"async\" loading=\"lazy\" class=\"css-o0wq4v ev8dhu53\"\/><\/p>\n<p>Gala Mora \u00e8 specializzata in architettura, design, interior design e lifestyle. Tutto ci\u00f2 che ha a che fare con il concetto di \u00abcasa\u00bb \u00e8 sacro alla sua devozione e persino la sua cerchia pi\u00f9 stretta gli chiede consigli per ristrutturare, acquistare, decorare o apportare alcune modifiche. Ama scrivere e sembra fortunato a poterlo fare sugli argomenti che pi\u00f9 gli appassionano. Ecco perch\u00e9 quando cammina per il mondo \u00e8 sempre attento alle mostre, agli stili di costruzione, all&#8217;urbanistica e, se glielo permettono, sbircia dalle finestre per vedere come le persone guardano le loro case. Un vero voyeur casalingo. Ha scritto due libri di interior design, Barcelona Interiors e Ibiza Interiors, entrambi pubblicati da Lannoo. Con oltre 20 anni di esperienza, si \u00e8 laureato in Scienze dell&#8217;Informazione presso l&#8217;Universit\u00e0 Complutense di Madrid e ha conseguito un Master in Comunicazione Integrale e un altro in Comunicazione e Gestione Politica. \u00c8 stata redattrice capo della rivista Glamour, direttrice di MMModa, responsabile stampa dell&#8217;azienda di abbigliamento Desigual e per diversi anni \u00e8 stata freelance, collaborando con media come AD, Manera, Architecture and Design, gestendo reti immobiliari e scrivendo il blog di aziende automobilistiche. Il suo rapporto con il gruppo Hearst \u00e8 iniziato con Runner&#8217;s e Men&#8217;s Health, testiere con cui continua a collaborare e alle quali ha aggiunto Elle Decor e New Style, con i quali ha iniziato una storia che spera che, come direbbe Humphrey Bogart, sia solo l&#8217;inizio di una bellissima amicizia.<\/p>\n","protected":false},"excerpt":{"rendered":"Due facce per la stessa casa, che ha un lago da un lato e dall&#8217;altro lato passa inosservata&hellip;\n","protected":false},"author":3,"featured_media":113424,"comment_status":"","ping_status":"","sticky":false,"template":"","format":"standard","meta":{"footnotes":""},"categories":[1446],"tags":[1615,1613,1614,1611,1610,11368,78481,1612,1616,203,204,1537,90,89,4104,8264],"class_list":{"0":"post-113423","1":"post","2":"type-post","3":"status-publish","4":"format-standard","5":"has-post-thumbnail","7":"category-arte-e-design","8":"tag-arte","9":"tag-arte-e-design","10":"tag-arteedesign","11":"tag-arts","12":"tag-arts-and-design","13":"tag-bellissima","14":"tag-casa-campagna","15":"tag-design","16":"tag-discover","17":"tag-entertainment","18":"tag-intrattenimento","19":"tag-it","20":"tag-italia","21":"tag-italy","22":"tag-lago","23":"tag-sostenibilita"},"share_on_mastodon":{"url":"","error":""},"_links":{"self":[{"href":"https:\/\/www.europesays.com\/it\/wp-json\/wp\/v2\/posts\/113423","targetHints":{"allow":["GET"]}}],"collection":[{"href":"https:\/\/www.europesays.com\/it\/wp-json\/wp\/v2\/posts"}],"about":[{"href":"https:\/\/www.europesays.com\/it\/wp-json\/wp\/v2\/types\/post"}],"author":[{"embeddable":true,"href":"https:\/\/www.europesays.com\/it\/wp-json\/wp\/v2\/users\/3"}],"replies":[{"embeddable":true,"href":"https:\/\/www.europesays.com\/it\/wp-json\/wp\/v2\/comments?post=113423"}],"version-history":[{"count":0,"href":"https:\/\/www.europesays.com\/it\/wp-json\/wp\/v2\/posts\/113423\/revisions"}],"wp:featuredmedia":[{"embeddable":true,"href":"https:\/\/www.europesays.com\/it\/wp-json\/wp\/v2\/media\/113424"}],"wp:attachment":[{"href":"https:\/\/www.europesays.com\/it\/wp-json\/wp\/v2\/media?parent=113423"}],"wp:term":[{"taxonomy":"category","embeddable":true,"href":"https:\/\/www.europesays.com\/it\/wp-json\/wp\/v2\/categories?post=113423"},{"taxonomy":"post_tag","embeddable":true,"href":"https:\/\/www.europesays.com\/it\/wp-json\/wp\/v2\/tags?post=113423"}],"curies":[{"name":"wp","href":"https:\/\/api.w.org\/{rel}","templated":true}]}}