{"id":113439,"date":"2025-09-17T08:36:14","date_gmt":"2025-09-17T08:36:14","guid":{"rendered":"https:\/\/www.europesays.com\/it\/113439\/"},"modified":"2025-09-17T08:36:14","modified_gmt":"2025-09-17T08:36:14","slug":"maddie-mccann-christian-brueckner-esce-dal-carcere-libero-il-principale-sospettato-della-scomparsa-della-bambina-in-portogallo-nel-2007","status":"publish","type":"post","link":"https:\/\/www.europesays.com\/it\/113439\/","title":{"rendered":"Maddie McCann, Christian Brueckner esce dal carcere: libero il principale sospettato della scomparsa della bambina in Portogallo nel 2007"},"content":{"rendered":"<p>    di<br \/>\n    Mara Gergolet<\/p>\n<p class=\"summary-art is-line-h-12\">Il 48enne, in carcere per stupro in Germania, \u00e8 il principale sospettato per la scomparsa della bambina inglese mai ritrovata<\/p>\n<p class=\"chapter-paragraph\">DALLA NOSTRA CORRISPONDENTE A BERLINO \u2013 Dopo le 9 del mattino si \u00e8 aperto il cancello del carcere di Sehnde ed \u00e8 uscita una station wagon nera. Sul sedile posteriore, dietro i vetri oscurati, con una coperta sul volto, c\u2019era <b>Christian Br\u00fcckner<\/b>, 48 anni, principale<b> sospettato nel <a href=\"https:\/\/www.corriere.it\/esteri\/24_settembre_27\/maddie-mccann-svolta-nel-caso-un-ex-compagno-di-cella-del-principale-indiziato-brueckner-mi-disse-che-rapi-la-bambina-4bab9d60-d24d-453b-abc9-9110a0069xlk.shtml\" title=\"https:\/\/www.corriere.it\/esteri\/24_settembre_27\/maddie-mccann-svolta-nel-caso-un-ex-compagno-di-cella-del-principale-indiziato-brueckner-mi-disse-che-rapi-la-bambina-4bab9d60-d24d-453b-abc9-9110a0069xlk.shtml\" rel=\"nofollow noopener\" target=\"_blank\">caso della scomparsa di Madeleine McCann<\/a>, scomparsa in Portogallo quando aveva solo 3 anni<\/b>. Alla guida dell\u2019auto presa a noleggio, scrivono i media tedeschi, c\u2019era il suo avvocato, Friedrich F\u00fclscher.\u00a0<\/p>\n<p class=\"chapter-paragraph\">Davanti al portone, sin dal primo mattino, erano stazionate<b> decine di troupe televisive<\/b>, in gran parte tedesche ma anche britanniche, che riprendevano Br\u00fcckner mentre tornava in libert\u00e0. \u00c8 il caso che da due decenni, dal 3 maggio 2007, appassiona la Gran Bretagna e di cui <b>non si \u00e8 trovata ancora una soluzione<\/b>. La bambina<b> dormiva nell\u2019appartamento preso in affitto ad Algarve ed \u00e8 scomparsa tra le 21.30 e le 22 di sera<\/b>, mentre i genitori cenavano a circa 50 metri di distanza.\u00a0    &#13;<br \/>\n&#13;<br \/>\n&#13;<br \/>\n&#13;<br \/>\n&#13;<br \/>\n&#13;<br \/>\n&#13;<br \/>\n&#13;<br \/>\n&#13;<br \/>\n&#13;<br \/>\n&#13;<br \/>\n&#13;<br \/>\n&#13;<br \/>\n&#13;<br \/>\n&#13;<br \/>\n&#13;<br \/>\n&#13;<br \/>\n&#13;<br \/>\n&#13;<br \/>\n&#13;<br \/>\n&#13;<br \/>\n&#13;<br \/>\n&#13;<br \/>\n&#13;<br \/>\n&#13;<br \/>\n&#13;<br \/>\n&#13;<br \/>\n&#13;<br \/>\n&#13;<br \/>\n&#13;<br \/>\n&#13;<br \/>\n&#13;<br \/>\n&#13;<br \/>\n&#13;<br \/>\n&#13;<br \/>\n&#13;<br \/>\n&#13;<br \/>\n&#13;<br \/>\n&#13;<br \/>\n&#13;<br \/>\n&#13;<br \/>\n&#13;<br \/>\n&#13;<br \/>\n&#13;<br \/>\n&#13;<br \/>\n&#13;<br \/>\n&#13;<br \/>\n&#13;<br \/>\n&#13;<br \/>\n&#13;<br \/>\n&#13;<br \/>\n&#13;<br \/>\n&#13;\n<\/p>\n<p class=\"chapter-paragraph\">Br\u00fcckner vi \u00e8 rimasto implicato in modo quasi casuale. <b>Nel 2019 era stato infatti condannato a 7 anni e mezzo di carcere per aver stuprato nel 2005, in Portogallo, un\u2019americana di 72 anni<\/b>. Nel 2020 \u00e8 emerso che la polizia federale tedesca e la Procura di Braunschweig stavano indagando e consideravano l\u2019uomo, gi\u00e0 condannato il passato per pedofilia, come possibile assassino della piccola Maddie. In quel periodo, <b>Br\u00fcckner viveva in Portogallo, a bordo di una roulotte.\u00a0<\/b>Poi per\u00f2 l\u2019indagine \u00e8 entrata in un vicolo cieco.\u00a0<\/p>\n<p class=\"chapter-paragraph\">Davanti al Tribunale di Braunschweig, F\u00fclscher ha ottenuto, nell\u2019ottobre 2024, un\u2019assoluzione per il suo cliente. E oggi \u00e8 andato a prelevarlo dal carcere. <a href=\"https:\/\/www.corriere.it\/esteri\/25_giugno_03\/maddie-mccann-nuove-ricerche-12784969-b342-4d6f-8f78-43b5343c9xlk.shtml\" title=\"https:\/\/www.corriere.it\/esteri\/25_giugno_03\/maddie-mccann-nuove-ricerche-12784969-b342-4d6f-8f78-43b5343c9xlk.shtml\" rel=\"nofollow noopener\" target=\"_blank\">Da quell\u2019ottobre di un anno fa molte cose sono successe.<\/a><b> Gli investigatori hanno esaminato migliaia di nuove piste, trovato indizi per altri cinque reati sessuali, <\/b>per i quali hanno incriminato Br\u00fcckner. Tuttavia, il Tribunale di Braunschweig, con la sentenza dell\u2019ottobre 2024, lo ha assolto su tutti i punti. <b>La Procura ha fatto ricorso contro la sentenza<\/b> e la Corte Federale di Giustizia non ha ancora completato l\u2019esame, e quindi i termini sono scaduti.<\/p>\n<p class=\"chapter-paragraph\">Per il caso Maddie, hanno sempre sottolineato gli investigatori, <b>le prove non sono ancora sufficienti per un mandato di arresto o per un\u2019accusa. <\/b>Br\u00fcckner ha scontato la pena detentiva per lo stupro della 72enne ed \u00e8 tornato libero. Proprio alla fine, gli investigatori hanno ottenuto per lui delle <b>condizioni restrittive<\/b>: ha dovuto consegnare il passaporto, non pu\u00f2 lasciare il Paese e dovr\u00e0 indossare un braccialetto elettronico. I suoi avvocati avevano probabilmente tentato di opporsi a questa misura di sorveglianza.<br \/>In ogni caso, il giallo della piccola Maddie resta senza il suo principale sospetto, o senza un sospettato alternativo.<\/p>\n<p class=\"is-last-update\" datetime=\"2025-09-17T10:33:53+02:00\">17 settembre 2025 ( modifica il 17 settembre 2025 | 10:33)<\/p>\n<p class=\"is-copyright\">\n            \u00a9 RIPRODUZIONE RISERVATA\n        <\/p>\n","protected":false},"excerpt":{"rendered":"di Mara Gergolet Il 48enne, in carcere per stupro in Germania, \u00e8 il principale sospettato per la scomparsa&hellip;\n","protected":false},"author":3,"featured_media":113440,"comment_status":"","ping_status":"","sticky":false,"template":"","format":"standard","meta":{"footnotes":""},"categories":[160],"tags":[2766,78487,78485,874,5475,4538,14,164,165,284,78491,3336,21838,1491,78486,7024,78492,166,7,15,10278,893,7900,78493,17294,1291,78488,78489,282,8752,78494,2319,7062,78490,11,167,12,168,161,162,163],"class_list":{"0":"post-113439","1":"post","2":"type-post","3":"status-publish","4":"format-standard","5":"has-post-thumbnail","7":"category-mondo","8":"tag-bambina","9":"tag-braunschweig","10":"tag-bruckner","11":"tag-carcere","12":"tag-christian","13":"tag-condannato","14":"tag-cronaca","15":"tag-dal-mondo","16":"tag-dalmondo","17":"tag-federale","18":"tag-fulscher","19":"tag-gran","20":"tag-investigatori","21":"tag-libero","22":"tag-maddie","23":"tag-mattino","24":"tag-mccann","25":"tag-mondo","26":"tag-news","27":"tag-notizie","28":"tag-ottenuto","29":"tag-ottobre","30":"tag-piccola","31":"tag-piccola-maddie","32":"tag-portogallo","33":"tag-principale","34":"tag-principale-sospettato","35":"tag-principale-sospettato-scomparsa","36":"tag-procura","37":"tag-scomparsa","38":"tag-scomparsa-bambina","39":"tag-sentenza","40":"tag-sospettato","41":"tag-sospettato-scomparsa","42":"tag-ultime-notizie","43":"tag-ultime-notizie-di-mondo","44":"tag-ultimenotizie","45":"tag-ultimenotiziedimondo","46":"tag-world","47":"tag-world-news","48":"tag-worldnews"},"share_on_mastodon":{"url":"","error":""},"_links":{"self":[{"href":"https:\/\/www.europesays.com\/it\/wp-json\/wp\/v2\/posts\/113439","targetHints":{"allow":["GET"]}}],"collection":[{"href":"https:\/\/www.europesays.com\/it\/wp-json\/wp\/v2\/posts"}],"about":[{"href":"https:\/\/www.europesays.com\/it\/wp-json\/wp\/v2\/types\/post"}],"author":[{"embeddable":true,"href":"https:\/\/www.europesays.com\/it\/wp-json\/wp\/v2\/users\/3"}],"replies":[{"embeddable":true,"href":"https:\/\/www.europesays.com\/it\/wp-json\/wp\/v2\/comments?post=113439"}],"version-history":[{"count":0,"href":"https:\/\/www.europesays.com\/it\/wp-json\/wp\/v2\/posts\/113439\/revisions"}],"wp:featuredmedia":[{"embeddable":true,"href":"https:\/\/www.europesays.com\/it\/wp-json\/wp\/v2\/media\/113440"}],"wp:attachment":[{"href":"https:\/\/www.europesays.com\/it\/wp-json\/wp\/v2\/media?parent=113439"}],"wp:term":[{"taxonomy":"category","embeddable":true,"href":"https:\/\/www.europesays.com\/it\/wp-json\/wp\/v2\/categories?post=113439"},{"taxonomy":"post_tag","embeddable":true,"href":"https:\/\/www.europesays.com\/it\/wp-json\/wp\/v2\/tags?post=113439"}],"curies":[{"name":"wp","href":"https:\/\/api.w.org\/{rel}","templated":true}]}}