{"id":113445,"date":"2025-09-17T08:39:09","date_gmt":"2025-09-17T08:39:09","guid":{"rendered":"https:\/\/www.europesays.com\/it\/113445\/"},"modified":"2025-09-17T08:39:09","modified_gmt":"2025-09-17T08:39:09","slug":"altro-che-vaccini-e-farmaci-contro-covid-e-influenza-basta-un-semplice-spray-nasale-ecco-quale","status":"publish","type":"post","link":"https:\/\/www.europesays.com\/it\/113445\/","title":{"rendered":"Altro che vaccini e farmaci, contro Covid e influenza basta un semplice spray nasale: ecco quale"},"content":{"rendered":"<p><strong>Spray nasale antiallergico riduce il rischio di Covid-19? Un nuovo studio apre scenari promettenti, cosa \u00e8 stato scoperto.<\/strong><\/p>\n<p>In un momento in cui l\u2019incertezza sull\u2019efficacia delle nuove vaccinazioni contro il Covid-19 continua a generare dibattito, arriva un\u2019interessante scoperta dal mondo della ricerca: uno spray nasale comunemente usato contro le allergie potrebbe offrire un\u2019efficace barriera contro l\u2019infezione da SARS-CoV-2.<\/p>\n<p>Uno <strong>studio condotto in Germania<\/strong> e pubblicato\u00a0 sulla rivista JAMA Internal Medicine suggerisce che l\u2019<strong>azelastina<\/strong>, un farmaco antistaminico utilizzato da anni nel trattamento della rinite allergica, potrebbe ridurre significativamente il rischio di contrarre il Covid-19.<\/p>\n<p>Altro che vaccini e farmaci, contro Covid e influenza basta un semplice spray nasale: ecco quale<\/p>\n<p>L\u2019azelastina \u00e8 un <strong>antistaminico<\/strong> approvato dalla FDA gi\u00e0 nel 1996 e comunemente impiegato per trattare i sintomi della rinite allergica stagionale e perenne: congestione nasale, prurito, naso che cola e starnuti. Gli scienziati hanno iniziato fin dall\u2019inizio della pandemia a valutare se potesse avere un potenziale effetto <strong>antivirale<\/strong>.<\/p>\n<p><img fetchpriority=\"high\" decoding=\"async\" aria-describedby=\"caption-attachment-21448\" class=\"size-full wp-image-21448\" src=\"data:image\/svg+xml,%3Csvg%20xmlns=\" http:=\"\" alt=\"Spray nasale pericoloso o alleato?\" width=\"1080\" height=\"720\" data-lazy- data-lazy- data-recalc-dims=\"1\" data-lazy-src=\"https:\/\/www.europesays.com\/it\/wp-content\/uploads\/2025\/09\/Spray-nasale-16925-ungherianews.com_-1.jpg\"\/><\/p>\n<p id=\"caption-attachment-21448\" class=\"wp-caption-text\">Altro che vaccini e farmaci, contro Covid e influenza basta un semplice spray nasale: ecco quale-ungherianews.com<\/p>\n<p>Alcune ricerche preliminari hanno suggerito che l\u2019azelastina potrebbe <strong>ostacolare l\u2019ingresso del virus nelle cellule<\/strong> legandosi a uno dei recettori chiave sfruttati dal coronavirus. Il recente trial clinico, definito <strong>randomizzato, in doppio cieco e controllato con placebo<\/strong>, ha coinvolto <strong>450 volontari adulti sani<\/strong>, quasi tutti gi\u00e0 vaccinati contro il Covid-19. I partecipanti sono stati suddivisi in due gruppi:<\/p>\n<ul>\n<li>Il <strong>gruppo di trattamento<\/strong> ha utilizzato uno spray nasale contenente azelastina, applicato <strong>tre volte al giorno per circa due mesi<\/strong><\/li>\n<li>Il <strong>gruppo di controllo<\/strong> ha ricevuto invece uno spray placebo<\/li>\n<\/ul>\n<p>Durante il periodo di osservazione, i partecipanti sono stati sottoposti <strong>due volte a settimana<\/strong> a test rapidi antigenici per monitorare l\u2019eventuale insorgenza di infezioni da SARS-CoV-2. In caso di positivit\u00e0, veniva effettuata anche una conferma tramite test PCRI risultati ottenuti sono certamente incoraggianti.<\/p>\n<p>Lo studio, pur ben condotto, <strong>\u00e8 ancora nella fase 2<\/strong> della sperimentazione clinica, e occorrono <strong>ulteriori indagini su larga scala<\/strong> per confermare questi risultati, valutare la reale efficacia a lungo termine e monitorare eventuali effetti collaterali associati a un uso prolungato.<\/p>\n<p>Un altro aspetto da considerare \u00e8 che i partecipanti allo studio erano per la quasi totalit\u00e0 gi\u00e0 vaccinati. Resta quindi da chiarire se l\u2019azelastina offra <strong>una protezione aggiuntiva<\/strong> nei soggetti immunizzati, o se potrebbe essere efficace anche <strong>in assenza di vaccinazione<\/strong>.<\/p>\n<p>Al momento, <strong>non esistono raccomandazioni ufficiali<\/strong> che indichino l\u2019utilizzo di spray a base di azelastina per prevenire il Covid-19. Tuttavia, se le prossime fasi di ricerca confermeranno i dati attuali, il farmaco potrebbe rappresentare una <strong>soluzione semplice, accessibile e a basso costo<\/strong> per rafforzare la protezione personale.<\/p>\n","protected":false},"excerpt":{"rendered":"Spray nasale antiallergico riduce il rischio di Covid-19? Un nuovo studio apre scenari promettenti, cosa \u00e8 stato scoperto.&hellip;\n","protected":false},"author":3,"featured_media":113446,"comment_status":"","ping_status":"","sticky":false,"template":"","format":"standard","meta":{"footnotes":""},"categories":[1512],"tags":[239,1537,90,89,240,2189,2188,2187],"class_list":{"0":"post-113445","1":"post","2":"type-post","3":"status-publish","4":"format-standard","5":"has-post-thumbnail","7":"category-vaccini","8":"tag-health","9":"tag-it","10":"tag-italia","11":"tag-italy","12":"tag-salute","13":"tag-vaccine","14":"tag-vaccines","15":"tag-vaccini"},"share_on_mastodon":{"url":"","error":""},"_links":{"self":[{"href":"https:\/\/www.europesays.com\/it\/wp-json\/wp\/v2\/posts\/113445","targetHints":{"allow":["GET"]}}],"collection":[{"href":"https:\/\/www.europesays.com\/it\/wp-json\/wp\/v2\/posts"}],"about":[{"href":"https:\/\/www.europesays.com\/it\/wp-json\/wp\/v2\/types\/post"}],"author":[{"embeddable":true,"href":"https:\/\/www.europesays.com\/it\/wp-json\/wp\/v2\/users\/3"}],"replies":[{"embeddable":true,"href":"https:\/\/www.europesays.com\/it\/wp-json\/wp\/v2\/comments?post=113445"}],"version-history":[{"count":0,"href":"https:\/\/www.europesays.com\/it\/wp-json\/wp\/v2\/posts\/113445\/revisions"}],"wp:featuredmedia":[{"embeddable":true,"href":"https:\/\/www.europesays.com\/it\/wp-json\/wp\/v2\/media\/113446"}],"wp:attachment":[{"href":"https:\/\/www.europesays.com\/it\/wp-json\/wp\/v2\/media?parent=113445"}],"wp:term":[{"taxonomy":"category","embeddable":true,"href":"https:\/\/www.europesays.com\/it\/wp-json\/wp\/v2\/categories?post=113445"},{"taxonomy":"post_tag","embeddable":true,"href":"https:\/\/www.europesays.com\/it\/wp-json\/wp\/v2\/tags?post=113445"}],"curies":[{"name":"wp","href":"https:\/\/api.w.org\/{rel}","templated":true}]}}