{"id":113461,"date":"2025-09-17T08:49:16","date_gmt":"2025-09-17T08:49:16","guid":{"rendered":"https:\/\/www.europesays.com\/it\/113461\/"},"modified":"2025-09-17T08:49:16","modified_gmt":"2025-09-17T08:49:16","slug":"wolff-potremo-lottare-nelle-prime-posizioni-dando-il-massimo-a-baku-fp-news","status":"publish","type":"post","link":"https:\/\/www.europesays.com\/it\/113461\/","title":{"rendered":"Wolff: &#8220;Potremo lottare nelle prime posizioni dando il massimo a Baku&#8221; | FP &#8211; News"},"content":{"rendered":"<p><strong>A Baku per dimenticare Monza<\/strong><\/p>\n<p>\u00c8 trascorsa poco pi\u00f9 di una settimana dalla frustrazione espressa da <strong>Toto Wolff<\/strong> al termine del GP d\u2019Italia a Monza, dove il Team Principal della <strong>Mercedes <\/strong>non era parso alquanto soddisfatto per il risultato dei propri piloti, elogiando al contrario il vincitore Max Verstappen. Una prestazione, quella del quattro volte iridato della Red Bull, che a parere dell\u2019austriaco aveva <a href=\"https:\/\/www.formulapassion.it\/f1\/f1-news\/wolff-verstappen-fa-sembrare-tutti-stupidi-mercedes-russell-antonelli\" title=\"\u201cfatto sembrare tutti stupidi\u201d\" rel=\"nofollow noopener\" target=\"_blank\">\u201cfatto sembrare tutti stupidi\u201d<\/a>.<\/p>\n<p>Ma ora, per lui cos\u00ec come per la Mercedes, \u00e8 arrivato il momento di voltare pagina a pochi giorni dal <strong><a href=\"https:\/\/www.formulapassion.it\/f1\/f1-orari\/orari-tv-gp-azerbaigian-2025-baku-televisione-sky-tv8-diretta-differita-programma-dove-vederla-ferrari-leclerc-hamilton-sf25\" title=\"Gran Premio d\u2019Azerbaigian\" rel=\"nofollow noopener\" target=\"_blank\">Gran Premio d\u2019Azerbaigian<\/a><\/strong>, che si terr\u00e0 su un circuito cittadino come quello di <strong>Baku<\/strong>. Un tracciato dalle caratteristiche molto particolari che si snoda tra curve a bassa velocit\u00e0 e rettilinei lunghissimi, in una nazione dove la Mercedes ha vinto in due occasioni: nel 2016 e nel 2017, rispettivamente con Valtteri Bottas e Lewis Hamilton.<\/p>\n<p><strong>Dall\u2019Azerbaigian per il \u2018titolo\u2019 di vicecampione <\/strong><\/p>\n<p>Per Wolff l\u2019obiettivo \u00e8 ovviamente quello di risollevarsi con entrambi i suoi non solo per dimenticare la prestazione incolore di Monza, ma anche per non perdere ulteriore terreno in classifica Costruttori, che vede ora la squadra di Brackley al 3\u00b0 posto e a 20 punti di ritardo dalla Ferrari: \u201cConclusa la parte europea dell\u2019anno, questo fine settimana iniziamo l\u2019ultimo terzo di stagione \u2013 ha dichiarato \u2013 <strong>sar\u00e0 una corsa serrata verso il traguardo ad Abu Dhabi, con tre team in lotta per il secondo posto nel Campionato Costruttori<\/strong>. Abbiamo perso terreno rispetto ai nostri avversari a Monza e sappiamo che nelle ultime otto gare dovremo fare meglio di quanto fatto in Italia se vogliamo arrivare al vertice. Le gare oltreoceano iniziano con due circuiti cittadini. Il primo in Azerbaigian, prima di dirigerci a Singapore tra due settimane. Il circuito di Baku \u00e8 un impegnativo mix di rettilinei ad alta velocit\u00e0, curve a 90 gradi e la stretta e tortuosa sezione del castello. \u00c8 un buon test sia per la vettura che per il pilota. La griglia di partenza \u00e8 serrata e, ancora una volta, piccoli margini faranno una grande differenza; <strong>se riusciremo a dare il massimo, allora possiamo sperare in un weekend di grande impegno, lottando nelle prime posizioni<\/strong>\u201c.<\/p>\n","protected":false},"excerpt":{"rendered":"A Baku per dimenticare Monza \u00c8 trascorsa poco pi\u00f9 di una settimana dalla frustrazione espressa da Toto Wolff&hellip;\n","protected":false},"author":3,"featured_media":113462,"comment_status":"","ping_status":"","sticky":false,"template":"","format":"standard","meta":{"footnotes":""},"categories":[1454],"tags":[1770,683,1771,76818,1537,90,89,1866,245,244,5515],"class_list":{"0":"post-113461","1":"post","2":"type-post","3":"status-publish","4":"format-standard","5":"has-post-thumbnail","7":"category-f1","8":"tag-f1","9":"tag-formula-1","10":"tag-formula1","11":"tag-gp-baku","12":"tag-it","13":"tag-italia","14":"tag-italy","15":"tag-mercedes-amg-f1","16":"tag-sport","17":"tag-sports","18":"tag-toto-wolff"},"share_on_mastodon":{"url":"","error":""},"_links":{"self":[{"href":"https:\/\/www.europesays.com\/it\/wp-json\/wp\/v2\/posts\/113461","targetHints":{"allow":["GET"]}}],"collection":[{"href":"https:\/\/www.europesays.com\/it\/wp-json\/wp\/v2\/posts"}],"about":[{"href":"https:\/\/www.europesays.com\/it\/wp-json\/wp\/v2\/types\/post"}],"author":[{"embeddable":true,"href":"https:\/\/www.europesays.com\/it\/wp-json\/wp\/v2\/users\/3"}],"replies":[{"embeddable":true,"href":"https:\/\/www.europesays.com\/it\/wp-json\/wp\/v2\/comments?post=113461"}],"version-history":[{"count":0,"href":"https:\/\/www.europesays.com\/it\/wp-json\/wp\/v2\/posts\/113461\/revisions"}],"wp:featuredmedia":[{"embeddable":true,"href":"https:\/\/www.europesays.com\/it\/wp-json\/wp\/v2\/media\/113462"}],"wp:attachment":[{"href":"https:\/\/www.europesays.com\/it\/wp-json\/wp\/v2\/media?parent=113461"}],"wp:term":[{"taxonomy":"category","embeddable":true,"href":"https:\/\/www.europesays.com\/it\/wp-json\/wp\/v2\/categories?post=113461"},{"taxonomy":"post_tag","embeddable":true,"href":"https:\/\/www.europesays.com\/it\/wp-json\/wp\/v2\/tags?post=113461"}],"curies":[{"name":"wp","href":"https:\/\/api.w.org\/{rel}","templated":true}]}}