{"id":113489,"date":"2025-09-17T09:04:10","date_gmt":"2025-09-17T09:04:10","guid":{"rendered":"https:\/\/www.europesays.com\/it\/113489\/"},"modified":"2025-09-17T09:04:10","modified_gmt":"2025-09-17T09:04:10","slug":"il-politecnico-di-torino-caccia-un-professore-israeliano-aveva-lodato-lesercito-idf","status":"publish","type":"post","link":"https:\/\/www.europesays.com\/it\/113489\/","title":{"rendered":"Il politecnico di Torino caccia un professore israeliano: aveva lodato l\u2019esercito Idf"},"content":{"rendered":"<p>Forte imbarazzo al Politecnico di Torino, dove ieri, 16 settembre, il rettore Stefano Corgnati ha sospeso Pini Zorea, professore dell\u2019Universit\u00e0 di Braude (Israele). La decisione \u00e8 maturata dopo la diffusione di un filmato registrato luned\u00ec da parte del collettivo studentesco Cambiare Rotta, dove si vede il docente lodare l\u2019esercito israeliano durante il corso di Principi e tecnologie di elaborazione di immagini digitali (dottorato di ingegneria elettrica, elettronica e comunicazioni).<\/p>\n<p>Cosa ha detto il professore<\/p>\n<p>Tutto \u00e8 successo quando alcuni studenti del collettivo sono entrati in aula per contestare il docente, vista la loro critica sugli scambi tra le universit\u00e0 torinesi e quelle israeliane. A quel punto, Pini ha sostenuto che molte persone europee non avrebbero capito cos\u2019\u00e8 davvero successo a ottobre 2023, con l\u2019inizio della guerra tra Hamas e Israele. Successivamente, ha pronunciato la frase incriminata: \u201cHo lavorato nell&#8217;esercito molti anni fa e posso assicurarvi che l&#8217;IDF \u00e8 il pi\u00f9 corretto che ci sia\u201d.<\/p>\n<blockquote class=\"instagram-media\" style=\"background-color:#FFF;border-radius:3px;border-width:0;box-shadow:0 0 1px 0 rgba(0,0,0,0.5),0 1px 10px 0 rgba(0,0,0,0.15);margin:1px;max-width:540px;min-width:326px;padding:0;width:calc(100% - 2px);\" data-instgrm-captioned=\"\" data-instgrm-permalink=\"https:\/\/www.instagram.com\/p\/DOqibWVDPHt\/?utm_source=ig_embed&amp;utm_campaign=loading\" data-instgrm-version=\"14\"\/><p>Le reazioni e la sospensione<\/p>\n<p>Cambiare Rotta ha denunciato pubblicamente le parole di Zorea. Solo dopo la diffusione della notizia, Corgnati ha deciso di convocarlo e sospenderlo. Spiega il rettore in una lettera al quotidiano La Stampa: \u201cHo assunto la mia decisione in attesa di un confronto diretto con il docente. Durante una recente lezione, il docente stava avviando il proprio intervento quando alcuni studenti esterni al corso hanno sollevato questioni in merito all&#8217;utilizzo del riconoscimento facciale come tecnologia impiegata in applicazioni militari o di sorveglianza, richiamando in particolare il suo utilizzo da parte dell&#8217;esercito israeliano. A tali osservazioni il docente ha risposto con esternazioni relative all&#8217;esercito israeliano che, per quanto risulta dai frammenti video diffusi sui social, appaiono inappropriate nel contesto di un compito didattico relativo a lezioni di carattere tecnico, oltre ad essere in contrasto con i principi pi\u00f9 volte espressi dal Politecnico di Torino, che condanna ogni forma di violenza, ripudia la guerra ed esprime profondo sdegno per il continuo massacro della popolazione civile a Gaza. Queste esternazioni rischiano, in un momento cos\u00ec delicato, di alzare il livello di tensione nella comunit\u00e0 studentesca e accademica, ostacolando l&#8217;impegno dell&#8217;Ateneo nel promuovere un dialogo costruttivo volto a unire e non dividere. Inoltre, la sospensione del modulo didattico rappresenta un&#8217;azione di tutela nei confronti del docente nostro ospite, cos\u00ec come degli studenti che frequentano le sue lezioni\u201d.<\/p>\n<p>Continua a leggere le notizie di <a href=\"https:\/\/www.torinotoday.it\/\" target=\"_blank\" rel=\"nofollow noopener\">TorinoToday<\/a>, segui la nostra <a href=\"https:\/\/www.facebook.com\/TorinoToday\" target=\"_blank\" rel=\"nofollow noopener\">pagina Facebook<\/a> e iscriviti al <a href=\"https:\/\/whatsapp.com\/channel\/0029VaDWXSwCMY0Jr5wm4a1v\" target=\"_blank\" rel=\"nofollow noopener\">nostro canale WhatsApp<\/a><\/p>\n<p>      <script async src=\"\/\/www.instagram.com\/embed.js\"><\/script><\/p>\n","protected":false},"excerpt":{"rendered":"Forte imbarazzo al Politecnico di Torino, dove ieri, 16 settembre, il rettore Stefano Corgnati ha sospeso Pini Zorea,&hellip;\n","protected":false},"author":3,"featured_media":113490,"comment_status":"","ping_status":"","sticky":false,"template":"","format":"standard","meta":{"footnotes":""},"categories":[79],"tags":[14,93,94,43443,1537,90,89,7,15,11,84,91,12,85,92],"class_list":{"0":"post-113489","1":"post","2":"type-post","3":"status-publish","4":"format-standard","5":"has-post-thumbnail","7":"category-italia","8":"tag-cronaca","9":"tag-cronaca-italiana","10":"tag-cronacaitaliana","11":"tag-guerra-israele-palestina","12":"tag-it","13":"tag-italia","14":"tag-italy","15":"tag-news","16":"tag-notizie","17":"tag-ultime-notizie","18":"tag-ultime-notizie-e-news-di-oggi","19":"tag-ultime-notizie-italia","20":"tag-ultimenotizie","21":"tag-ultimenotizieenewsdioggi","22":"tag-ultimenotizieitalia"},"share_on_mastodon":{"url":"","error":""},"_links":{"self":[{"href":"https:\/\/www.europesays.com\/it\/wp-json\/wp\/v2\/posts\/113489","targetHints":{"allow":["GET"]}}],"collection":[{"href":"https:\/\/www.europesays.com\/it\/wp-json\/wp\/v2\/posts"}],"about":[{"href":"https:\/\/www.europesays.com\/it\/wp-json\/wp\/v2\/types\/post"}],"author":[{"embeddable":true,"href":"https:\/\/www.europesays.com\/it\/wp-json\/wp\/v2\/users\/3"}],"replies":[{"embeddable":true,"href":"https:\/\/www.europesays.com\/it\/wp-json\/wp\/v2\/comments?post=113489"}],"version-history":[{"count":0,"href":"https:\/\/www.europesays.com\/it\/wp-json\/wp\/v2\/posts\/113489\/revisions"}],"wp:featuredmedia":[{"embeddable":true,"href":"https:\/\/www.europesays.com\/it\/wp-json\/wp\/v2\/media\/113490"}],"wp:attachment":[{"href":"https:\/\/www.europesays.com\/it\/wp-json\/wp\/v2\/media?parent=113489"}],"wp:term":[{"taxonomy":"category","embeddable":true,"href":"https:\/\/www.europesays.com\/it\/wp-json\/wp\/v2\/categories?post=113489"},{"taxonomy":"post_tag","embeddable":true,"href":"https:\/\/www.europesays.com\/it\/wp-json\/wp\/v2\/tags?post=113489"}],"curies":[{"name":"wp","href":"https:\/\/api.w.org\/{rel}","templated":true}]}}