{"id":113491,"date":"2025-09-17T09:05:09","date_gmt":"2025-09-17T09:05:09","guid":{"rendered":"https:\/\/www.europesays.com\/it\/113491\/"},"modified":"2025-09-17T09:05:09","modified_gmt":"2025-09-17T09:05:09","slug":"garlasco-i-ris-riscrivono-la-dinamica-del-delitto-poggi-la-ricostruzione-diversa-dal-2007-e-limpronta-di-una-mano-nel-sangue","status":"publish","type":"post","link":"https:\/\/www.europesays.com\/it\/113491\/","title":{"rendered":"Garlasco, i Ris riscrivono la dinamica del delitto Poggi: la ricostruzione diversa dal 2007 e l&#8217;impronta di una mano nel sangue"},"content":{"rendered":"<p>    di<br \/>\n    Cesare Giuzzi<\/p>\n<p class=\"summary-art is-line-h-12\">In una consulenza di 300 pagine effettuata con nuove tecniche i Ris di Cagliari hanno rianalizzato le tracce di sangue nella villetta di via Pascoli. L\u2019indagine prosegue sull\u2019analisi del Dna sulle unghie della vittima: per i pm \u00e8 di Sempio<\/p>\n<p class=\"chapter-paragraph\">Trecento pagine, una ricostruzione ritenuta \u00abcompleta\u00bb di tutte le tracce di sangue isolate in casa Poggi. Anche di quelle che finora non erano state prese in considerazione nella precedente relazione firmata il 12 dicembre 2007 dall\u2019allora comandante del Ris di Parma <a href=\"https:\/\/milano.corriere.it\/notizie\/lombardia\/25_settembre_10\/garlasco-sono-undici-le-nuove-impronte-isolate-su-spazzatura-e-cereali-nella-villetta-del-delitto-ora-dovranno-essere-attribuite-a68303b1-20de-443d-be01-3f584d9ccxlk.shtml\" title=\"Garlasco, sono undici le nuove impronte isolate su spazzatura e cereali nella villetta del delitto: ora dovranno essere attribuite\" rel=\"nofollow noopener\" target=\"_blank\">Luciano Garofano<\/a> (oggi consulente della difesa Sempio). <b>Tanto che, secondo quanto trapelato, la consulenza sulla Bpa (Bloodstain pattern analysis) depositata ieri a Pavia dal tenente colonnello del Ris di Cagliari Andrea Berti sarebbe arrivata a risultati \u00abdiversi\u00bb da quella dell\u2019epoca<\/b> e, in sostanza, dalla ricostruzione della dinamica del delitto di Chiara Poggi riportata nelle sentenze che hanno portato alla condanna di Alberto Stasi a 16 anni per omicidio<b>. Nella consulenza si analizza, ad esempio, <a href=\"https:\/\/milano.corriere.it\/notizie\/cronaca\/25_luglio_25\/garlasco-l-impronta-33-lasciata-da-una-mano-imbrattata-di-sudore-e-materiale-ematico-la-perizia-dei-legali-di-stasi-2b7ecc94-5630-4d70-b6f0-2d53d81f4xlk.shtml\" title=\"Garlasco, l&#039;impronta 33 lasciata da una mano \u00abimbrattata di sudore e sangue\u00bb: la perizia dei legali di Stasi\" rel=\"nofollow noopener\" target=\"_blank\">l\u2019impronta di una mano<\/a>, mai evidenziata nei precedenti accertamenti tecnici<\/b>. Si tratta di una traccia rimasta impressa in una chiazza di sangue alla base delle scale che portano al primo piano della villetta di via Pascoli.\u00a0<\/p>\n<p class=\"chapter-paragraph\">La stessa di cui aveva parlato il professor Francesco Maria Avato in una consulenza per l\u2019allora difesa di Stasi<b>. Tuttavia, lavorando solo su immagini, non sarebbe possibile attribuire oggi quell\u2019impronta di una mano sinistra alla vittima<\/b>, all\u2019assassino o a una eventuale contaminazione della scena. Visto che uno dei primi carabinieri intervenuti sulla scena del crimine scivol\u00f2 nel sangue della vittima. I contenuti della consulenza per\u00f2 \u2014 nonostante alcune indiscrezioni emerse ieri ma ritenute dagli inquirenti \u00abnon aderenti a quanto riportato nella relazione\u00bb \u2014 sono stati secretati e non verranno messi a disposizione delle parti fino alla chiusura delle indagini.<b> Il consulente della Procura di Pavia non sarebbe entrato nel merito sulla presenza di una sola o pi\u00f9 persone nel delitto o nelle fasi successive.\u00a0<\/b>    &#13;<br \/>\n&#13;<br \/>\n&#13;<br \/>\n&#13;<br \/>\n&#13;<br \/>\n&#13;<br \/>\n&#13;<br \/>\n&#13;<br \/>\n&#13;<br \/>\n&#13;<br \/>\n&#13;<br \/>\n&#13;<br \/>\n&#13;<br \/>\n&#13;<br \/>\n&#13;<br \/>\n&#13;<br \/>\n&#13;<br \/>\n&#13;<br \/>\n&#13;<br \/>\n&#13;<br \/>\n&#13;<br \/>\n&#13;<br \/>\n&#13;<br \/>\n&#13;<br \/>\n&#13;<br \/>\n&#13;<br \/>\n&#13;<br \/>\n&#13;<br \/>\n&#13;<br \/>\n&#13;<br \/>\n&#13;<br \/>\n&#13;<br \/>\n&#13;<br \/>\n&#13;<br \/>\n&#13;<br \/>\n&#13;<br \/>\n&#13;<br \/>\n&#13;<br \/>\n&#13;<br \/>\n&#13;<br \/>\n&#13;<br \/>\n&#13;<br \/>\n&#13;<br \/>\n&#13;<br \/>\n&#13;<br \/>\n&#13;<br \/>\n&#13;<br \/>\n&#13;<br \/>\n&#13;<br \/>\n&#13;<br \/>\n&#13;<br \/>\n&#13;<br \/>\n&#13;\n<\/p>\n<p class=\"chapter-paragraph\">N\u00e9 d\u00e0 una indicazione sulla responsabilit\u00e0 nel delitto di Stasi o di Andrea Sempio, il nuovo indagato. Cos\u00ec come non parla della possibile arma utilizzata, rimasta non definita con certezza nemmeno nelle sentenze. Su questo dovr\u00e0 esprimersi nei prossimi mesi l\u2019anatomopatologa <b>Cristina Cattaneo<\/b> incaricata dal procuratore Fabio Napoleone e dall\u2019aggiunto Stefano Civardi di \u00abrianalizzare\u00bb tutti gli aspetti medico legali. Entrambe le relazioni dovranno poi essere inserite nel contesto delle indagini insieme agli altri elementi raccolti dai carabinieri del Nucleo investigativo di Milano.<\/p>\n<p class=\"chapter-paragraph\">\u00a0L\u2019indagine sul caso Garlasco prosegue sul punto principale della nuova inchiesta: l\u2019analisi del Dna sulle unghie della vittima che per la Procura di Pavia apparterrebbe a Sempio. <b>La perita Denise Albani \u00e8 al lavoro sui dati grezzi dal Ris che all\u2019epoca del delitto aveva compiuto analisi genetiche sulle unghie<\/b>. Le stesse rianalizzate nel processo d\u2019appello dal professor Francesco De Stefano che per\u00f2 ritenne il Dna inutilizzabile.<\/p>\n<p class=\"is-mr-t-20 is-mr-b-20\"><b><br \/>\n                    <a href=\"https:\/\/milano.corriere.it\/?intcmp=Notizielocali_nd_010623_corriere_ss_milano\" target=\"_blank\" rel=\"nofollow noopener\">Vai a tutte le notizie di Milano<\/a><br \/>\n            <\/b><\/p>\n<p class=\"chapter-paragraph\"><b><a href=\"https:\/\/www.corriere.it\/newsletter\/?theme=41&amp;intcmp=IIIcolonna_NL_CorMilano\" target=\"_blank\" rel=\"nofollow noopener\">Iscriviti alla newsletter di Corriere Milano<\/a><\/b><\/p>\n<p class=\"is-last-update\" datetime=\"2025-09-17T07:34:13+02:00\">17 settembre 2025<\/p>\n<p class=\"is-copyright\">\n            \u00a9 RIPRODUZIONE RISERVATA\n        <\/p>\n","protected":false},"excerpt":{"rendered":"di Cesare Giuzzi In una consulenza di 300 pagine effettuata con nuove tecniche i Ris di Cagliari hanno&hellip;\n","protected":false},"author":3,"featured_media":113492,"comment_status":"","ping_status":"","sticky":false,"template":"","format":"standard","meta":{"footnotes":""},"categories":[6],"tags":[5143,78504,78505,2700,6300,3905,1243,11074,14,2446,767,10551,78506,2640,78507,78508,3452,1250,6057,8,3596,78503,950,1537,90,89,962,7,15,82,9,83,10,8141,11065,21393,11070,1466,11066,11072,13,11,80,84,12,81,85,42540,548],"class_list":{"0":"post-113491","1":"post","2":"type-post","3":"status-publish","4":"format-standard","5":"has-post-thumbnail","7":"category-ultime-notizie","8":"tag-analisi","9":"tag-analisi-dna","10":"tag-analisi-dna-unghie","11":"tag-andrea","12":"tag-cagliari","13":"tag-carabinieri","14":"tag-consulente","15":"tag-consulenza","16":"tag-cronaca","17":"tag-delitto","18":"tag-difesa","19":"tag-dinamica","20":"tag-dinamica-delitto","21":"tag-dna","22":"tag-dna-unghie","23":"tag-dna-unghie-vittima","24":"tag-epoca","25":"tag-francesco","26":"tag-garlasco","27":"tag-headlines","28":"tag-impronta","29":"tag-impronta-mano","30":"tag-indagine","31":"tag-it","32":"tag-italia","33":"tag-italy","34":"tag-mano","35":"tag-news","36":"tag-notizie","37":"tag-notizie-di-cronaca","38":"tag-notizie-principali","39":"tag-notiziedicronaca","40":"tag-notizieprincipali","41":"tag-pavia","42":"tag-poggi","43":"tag-ricostruzione","44":"tag-ris","45":"tag-sangue","46":"tag-sempio","47":"tag-stasi","48":"tag-titoli","49":"tag-ultime-notizie","50":"tag-ultime-notizie-di-cronaca","51":"tag-ultime-notizie-e-news-di-oggi","52":"tag-ultimenotizie","53":"tag-ultimenotiziedicronaca","54":"tag-ultimenotizieenewsdioggi","55":"tag-unghie","56":"tag-vittima"},"share_on_mastodon":{"url":"","error":""},"_links":{"self":[{"href":"https:\/\/www.europesays.com\/it\/wp-json\/wp\/v2\/posts\/113491","targetHints":{"allow":["GET"]}}],"collection":[{"href":"https:\/\/www.europesays.com\/it\/wp-json\/wp\/v2\/posts"}],"about":[{"href":"https:\/\/www.europesays.com\/it\/wp-json\/wp\/v2\/types\/post"}],"author":[{"embeddable":true,"href":"https:\/\/www.europesays.com\/it\/wp-json\/wp\/v2\/users\/3"}],"replies":[{"embeddable":true,"href":"https:\/\/www.europesays.com\/it\/wp-json\/wp\/v2\/comments?post=113491"}],"version-history":[{"count":0,"href":"https:\/\/www.europesays.com\/it\/wp-json\/wp\/v2\/posts\/113491\/revisions"}],"wp:featuredmedia":[{"embeddable":true,"href":"https:\/\/www.europesays.com\/it\/wp-json\/wp\/v2\/media\/113492"}],"wp:attachment":[{"href":"https:\/\/www.europesays.com\/it\/wp-json\/wp\/v2\/media?parent=113491"}],"wp:term":[{"taxonomy":"category","embeddable":true,"href":"https:\/\/www.europesays.com\/it\/wp-json\/wp\/v2\/categories?post=113491"},{"taxonomy":"post_tag","embeddable":true,"href":"https:\/\/www.europesays.com\/it\/wp-json\/wp\/v2\/tags?post=113491"}],"curies":[{"name":"wp","href":"https:\/\/api.w.org\/{rel}","templated":true}]}}