{"id":113497,"date":"2025-09-17T09:09:09","date_gmt":"2025-09-17T09:09:09","guid":{"rendered":"https:\/\/www.europesays.com\/it\/113497\/"},"modified":"2025-09-17T09:09:09","modified_gmt":"2025-09-17T09:09:09","slug":"neonata-deceduta-nella-casa-maternita-a-testaccio-morta-prima-di-venire-alla-luce-lautopsia-non-aveva-aria-nei-polmoni","status":"publish","type":"post","link":"https:\/\/www.europesays.com\/it\/113497\/","title":{"rendered":"Neonata deceduta nella casa maternit\u00e0 a Testaccio, morta prima di venire alla luce. L&#8217;autopsia: \u00abNon aveva aria nei polmoni\u00bb"},"content":{"rendered":"<p>Gli esami autoptici al Policlinico Umberto I. I medici effettueranno anche accertamenti di natura istologica per capire lo stato di salute della piccola alla fine della gravidanza<\/p>\n<p class=\"chapter-paragraph\">Prime risposte dall&#8217;autopsia sulla <a href=\"https:\/\/roma.corriere.it\/notizie\/cronaca\/25_settembre_15\/roma-neonata-deceduta-a-testaccio-l-ostetrica-dopo-il-parto-non-si-muoveva-il-giallo-delle-analisi-e-dei-monitoraggi-a30d2106-4aba-41a6-b860-0e1e522aexlk.shtml\" title=\"Roma, neonata morta a Testaccio, marted\u00ec l&#039;autopsia. Indagate le due ostetriche\" rel=\"nofollow noopener\" target=\"_blank\">neonata deceduta durante il parto<\/a> venerd\u00ec scorso nella casa maternit\u00e0\u00a0\u00abIl Nido\u00bb di via Marmorata, a Testaccio. Secondo i primi accertamenti medico-legali la piccola non avrebbe avuto <b>aria nei polmoni<\/b> nel momento in cui \u00e8 venuta alla luce nella struttura per <b>parti naturali<\/b> come fossero in casa. <b>Saranno necessarie ora altre indagini<\/b> anche di natura <b>istologica <\/b>per capire le <b>condizioni di salute<\/b> della bimba prima che avvenisse il parto assistito da un&#8217;ostetrica che \u00e8 stata indagata insieme con la titolare del centro autorizzato dalla Asl che doveva operare secondo le linee guida della Regione.\u00a0<\/p>\n<p>    L&#8217;allarme\u00a0<\/p>\n<p class=\"chapter-paragraph\">L&#8217;ipotesi investigativa \u00e8 che qualcosa nell&#8217;intervento sia andato male e che la specialista che doveva far nascere la bimba se ne sia accorta solo nel momento in cui ha visto materialmente la piccola. Non prima quindi quando potrebbe aver avuto un problema. <b>L&#8217;allarme \u00e8 scattato alle 14.30 circa di venerd\u00ec quando <a href=\"https:\/\/roma.corriere.it\/notizie\/cronaca\/25_settembre_14\/neonata-deceduta-nella-casa-maternita-a-testaccio-l-allarme-dell-ostetrica-e-la-denuncia-del-padre-sequestrato-il-nido-3d3b23e3-607d-4c16-a90f-db890d4e8xlk.shtml\" title=\"Neonata deceduta nella casa maternit\u00e0 a Testaccio, l&#039;allarme dell&#039;ostetrica e la denuncia del padre. Sequestrato \u00abIl Nido\u00bb\" rel=\"nofollow noopener\" target=\"_blank\">l&#8217;ostetrica ha chiamato il 112<\/a><\/b> dopo aver cercato una prima rianimazione della bambina. Alle 14.45 il personale medico dell&#8217;Ares 118 ha proseguito le operazioni constatando purtroppo il decesso alle successive 15.24. La polizia \u00e8 stata fatta invece intervenire dal padre della piccola, che assisteva la moglie, alle 15.40    &#13;<br \/>\n&#13;<br \/>\n&#13;<br \/>\n&#13;<br \/>\n&#13;<br \/>\n&#13;<br \/>\n&#13;<br \/>\n&#13;<br \/>\n&#13;<br \/>\n&#13;<br \/>\n&#13;<br \/>\n&#13;<br \/>\n&#13;<br \/>\n&#13;<br \/>\n&#13;<br \/>\n&#13;<br \/>\n&#13;<br \/>\n&#13;<br \/>\n&#13;<br \/>\n&#13;<br \/>\n&#13;<br \/>\n&#13;<br \/>\n&#13;<br \/>\n&#13;<br \/>\n&#13;<br \/>\n&#13;<br \/>\n&#13;<br \/>\n&#13;<br \/>\n&#13;<br \/>\n&#13;<br \/>\n&#13;<br \/>\n&#13;<br \/>\n&#13;<br \/>\n&#13;<br \/>\n&#13;<br \/>\n&#13;<br \/>\n&#13;<br \/>\n&#13;<br \/>\n&#13;<br \/>\n&#13;<br \/>\n&#13;<br \/>\n&#13;<br \/>\n&#13;<br \/>\n&#13;<br \/>\n&#13;<br \/>\n&#13;<br \/>\n&#13;<br \/>\n&#13;<br \/>\n&#13;<br \/>\n&#13;<br \/>\n&#13;<br \/>\n&#13;<br \/>\n&#13;\n<\/p>\n<p>    L&#8217;ipotesi dell&#8217;errore nella procedura<\/p>\n<p class=\"chapter-paragraph\">\u00abIl Nido\u00bb \u00e8 stato sequestrato dagli agenti del commissariato Trevi-Campo Marzio.\u00a0\u00c8 aperto dal 1989 ed \u00e8 molto noto per la sua attivit\u00e0 di parti naturali e assistenza alla gravidanza anche con ipnosi e corsi di yoga. Ma anche per <b>le sue campagne contro la\u00a0\u00abmedicalizzazione\u00bb delle puerpere. <\/b>Qualcuno dei vicini di casa nel condominio al civico 169 di via Marmorata aveva\u00a0 sostenuto di aver udito una bimba piangere prima del silenzio proprio quel pomeriggio. I successivi accertamenti medico-legali dovranno rivelare, oltre all&#8217;assenza di ossigeno nei polmoni della bimba, anche in quale momento del parto ci\u00f2 \u00e8 avvenuto sempre nell&#8217;ipotesi che <b>ci possa essere stato un errore nella procedura per far nascere la piccola <\/b>e se fossero state messe in atto tutte le iniziative di monitoraggio previste invece in una struttura sanitaria.\u00a0<\/p>\n<p class=\"is-last-update\" datetime=\"2025-09-17T07:37:11+02:00\">17 settembre 2025<\/p>\n<p class=\"is-copyright\">\n            \u00a9 RIPRODUZIONE RISERVATA\n        <\/p>\n","protected":false},"excerpt":{"rendered":"Gli esami autoptici al Policlinico Umberto I. I medici effettueranno anche accertamenti di natura istologica per capire lo&hellip;\n","protected":false},"author":3,"featured_media":113498,"comment_status":"","ping_status":"","sticky":false,"template":"","format":"standard","meta":{"footnotes":""},"categories":[1480],"tags":[2801,78509,78510,2271,7488,78511,8362,2750,6880,71412,2597,6196,78512,2097,78513,1944,239,2460,1537,90,89,452,7871,7900,20130,240,1942,1943,1940,1941],"class_list":{"0":"post-113497","1":"post","2":"type-post","3":"status-publish","4":"format-standard","5":"has-post-thumbnail","7":"category-salute-femminile","8":"tag-accertamenti","9":"tag-accertamenti-medico","10":"tag-accertamenti-medico-legali","11":"tag-allarme","12":"tag-aria","13":"tag-aria-polmoni","14":"tag-autopsia","15":"tag-bimba","16":"tag-capire","17":"tag-deceduta","18":"tag-doveva","19":"tag-errore","20":"tag-errore-procedura","21":"tag-far","22":"tag-far-nascere","23":"tag-femminile","24":"tag-health","25":"tag-ipotesi","26":"tag-it","27":"tag-italia","28":"tag-italy","29":"tag-medico","30":"tag-parto","31":"tag-piccola","32":"tag-polmoni","33":"tag-salute","34":"tag-salute-femminile","35":"tag-salutefemminile","36":"tag-womens-health","37":"tag-womenshealth"},"share_on_mastodon":{"url":"","error":""},"_links":{"self":[{"href":"https:\/\/www.europesays.com\/it\/wp-json\/wp\/v2\/posts\/113497","targetHints":{"allow":["GET"]}}],"collection":[{"href":"https:\/\/www.europesays.com\/it\/wp-json\/wp\/v2\/posts"}],"about":[{"href":"https:\/\/www.europesays.com\/it\/wp-json\/wp\/v2\/types\/post"}],"author":[{"embeddable":true,"href":"https:\/\/www.europesays.com\/it\/wp-json\/wp\/v2\/users\/3"}],"replies":[{"embeddable":true,"href":"https:\/\/www.europesays.com\/it\/wp-json\/wp\/v2\/comments?post=113497"}],"version-history":[{"count":0,"href":"https:\/\/www.europesays.com\/it\/wp-json\/wp\/v2\/posts\/113497\/revisions"}],"wp:featuredmedia":[{"embeddable":true,"href":"https:\/\/www.europesays.com\/it\/wp-json\/wp\/v2\/media\/113498"}],"wp:attachment":[{"href":"https:\/\/www.europesays.com\/it\/wp-json\/wp\/v2\/media?parent=113497"}],"wp:term":[{"taxonomy":"category","embeddable":true,"href":"https:\/\/www.europesays.com\/it\/wp-json\/wp\/v2\/categories?post=113497"},{"taxonomy":"post_tag","embeddable":true,"href":"https:\/\/www.europesays.com\/it\/wp-json\/wp\/v2\/tags?post=113497"}],"curies":[{"name":"wp","href":"https:\/\/api.w.org\/{rel}","templated":true}]}}