{"id":113599,"date":"2025-09-17T10:10:08","date_gmt":"2025-09-17T10:10:08","guid":{"rendered":"https:\/\/www.europesays.com\/it\/113599\/"},"modified":"2025-09-17T10:10:08","modified_gmt":"2025-09-17T10:10:08","slug":"herbert-alpine-in-un-tunnel-buio-senza-luce-in-fondo","status":"publish","type":"post","link":"https:\/\/www.europesays.com\/it\/113599\/","title":{"rendered":"Herbert: \u201cAlpine in un tunnel buio, senza luce in fondo\u201d"},"content":{"rendered":"<p>L\u2019ex commissario di <a href=\"http:\/\/www.f1.com\" target=\"_blank\" rel=\"noopener nofollow\">Formula 1<\/a> Johnny Herbert ha espresso tutta la sua perplessit\u00e0 sul difficile momento vissuto da Alpine, fanalino di coda del Mondiale 2025 e ormai staccata dal resto della griglia.<\/p>\n<p>Il team francese paga le prestazioni deludente della power unit Renault, unite a una situazione interna complicata. Dei tre piloti schierati quest\u2019anno, solo Pierre Gasly \u00e8 riuscito a conquistare punti: tutti i 20 raccolti da Alpine finora sono merito suo. N\u00e9 Jack Doohan n\u00e9 Franco Colapinto hanno infatti ancora centrato la zona punti.<\/p>\n<p>\u201c\u00c8 un tunnel molto lungo e molto buio,\u201d ha dichiarato Herbert a Racing Tipster. \u201cNon hanno la giusta mentalit\u00e0 e la direzione necessaria per risollevarsi. La competitivit\u00e0 in F1 \u00e8 altissima e loro non sembrano avere le persone giuste al comando. \u00c8 sorprendente vederli in una situazione simile dopo i successi del passato.\u201d<\/p>\n<p>Gasly rinnova, motore Mercedes nel 2026<\/p>\n<p>Nonostante le difficolt\u00e0, Alpine ha annunciato durante il weekend di Monza il rinnovo di Gasly fino al 2027. Il futuro potrebbe per\u00f2 riservare prospettive migliori: dal 2026 la squadra abbandoner\u00e0 il progetto motore Renault per affidarsi alla power unit Mercedes, ritenuta la pi\u00f9 competitiva con l\u2019arrivo dei nuovi regolamenti.<\/p>\n<p>Resta da sciogliere il nodo sul compagno di squadra di Gasly. Colapinto non ha convinto, mentre altre opzioni si assottigliano dopo i recenti movimenti di mercato: Valtteri Bottas e Sergio Perez hanno gi\u00e0 firmato con Cadillac. Tra i possibili candidati restano Yuki Tsunoda, in caso di separazione con Red Bull, e il giovane talento del vivaio Paul Aron, autore di prove convincenti nelle sue apparizioni in pista.<\/p>\n","protected":false},"excerpt":{"rendered":"L\u2019ex commissario di Formula 1 Johnny Herbert ha espresso tutta la sua perplessit\u00e0 sul difficile momento vissuto da&hellip;\n","protected":false},"author":3,"featured_media":113600,"comment_status":"","ping_status":"","sticky":false,"template":"","format":"standard","meta":{"footnotes":""},"categories":[1454],"tags":[1770,683,1771,1537,90,89,245,244],"class_list":{"0":"post-113599","1":"post","2":"type-post","3":"status-publish","4":"format-standard","5":"has-post-thumbnail","7":"category-f1","8":"tag-f1","9":"tag-formula-1","10":"tag-formula1","11":"tag-it","12":"tag-italia","13":"tag-italy","14":"tag-sport","15":"tag-sports"},"share_on_mastodon":{"url":"","error":""},"_links":{"self":[{"href":"https:\/\/www.europesays.com\/it\/wp-json\/wp\/v2\/posts\/113599","targetHints":{"allow":["GET"]}}],"collection":[{"href":"https:\/\/www.europesays.com\/it\/wp-json\/wp\/v2\/posts"}],"about":[{"href":"https:\/\/www.europesays.com\/it\/wp-json\/wp\/v2\/types\/post"}],"author":[{"embeddable":true,"href":"https:\/\/www.europesays.com\/it\/wp-json\/wp\/v2\/users\/3"}],"replies":[{"embeddable":true,"href":"https:\/\/www.europesays.com\/it\/wp-json\/wp\/v2\/comments?post=113599"}],"version-history":[{"count":0,"href":"https:\/\/www.europesays.com\/it\/wp-json\/wp\/v2\/posts\/113599\/revisions"}],"wp:featuredmedia":[{"embeddable":true,"href":"https:\/\/www.europesays.com\/it\/wp-json\/wp\/v2\/media\/113600"}],"wp:attachment":[{"href":"https:\/\/www.europesays.com\/it\/wp-json\/wp\/v2\/media?parent=113599"}],"wp:term":[{"taxonomy":"category","embeddable":true,"href":"https:\/\/www.europesays.com\/it\/wp-json\/wp\/v2\/categories?post=113599"},{"taxonomy":"post_tag","embeddable":true,"href":"https:\/\/www.europesays.com\/it\/wp-json\/wp\/v2\/tags?post=113599"}],"curies":[{"name":"wp","href":"https:\/\/api.w.org\/{rel}","templated":true}]}}