{"id":113611,"date":"2025-09-17T10:16:09","date_gmt":"2025-09-17T10:16:09","guid":{"rendered":"https:\/\/www.europesays.com\/it\/113611\/"},"modified":"2025-09-17T10:16:09","modified_gmt":"2025-09-17T10:16:09","slug":"uomini-e-donne-sullepilogo-del-trono-di-rosario-lex-tentatore-di-ilaria-andrea-lei-invidiosa-di-lui","status":"publish","type":"post","link":"https:\/\/www.europesays.com\/it\/113611\/","title":{"rendered":"Uomini e Donne, sull&#8217;epilogo del trono di Rosario l&#8217;ex tentatore di Ilaria, Andrea: &#8220;Lei invidiosa di lui&#8221;"},"content":{"rendered":"<p>Dopo il caos in studio a Uomini e Donne, parla Andrea Marinelli: \u201cRosario rovinato ancora da lei\u201d<\/p>\n<p>Dopo lo speciale di luned\u00ec sera di <strong>Temptation Island<\/strong>, che ha acceso i riflettori sull\u2019ennesimo capitolo della tormentata storia tra<strong> Rosario Guglielmi e Lucia Ilardo<\/strong>, e dopo <a href=\"https:\/\/www.comingsoon.it\/vip\/news\/uomini-e-donne-anticipazioni-maria-de-filippi-caccia-rosario-dal-trono-dopo\/n208144\/\" target=\"_blank\" title=\"la clamorosa registrazione di Uomini e Donne in cui il trono di Rosario \u00e8 letteralmente crollato prima ancora di iniziare\" rel=\"nofollow noopener\"><strong>la clamorosa registrazione di Uomini e Donne in cui il trono di Rosario \u00e8 letteralmente crollato prima ancora di iniziare<\/strong><\/a> a causa delle rivelazioni della stessa <strong>Lucia<\/strong>, arriva ora una nuova voce a rendere la vicenda ancora pi\u00f9 intricata.<\/p>\n<p>Dopo la registrazione di Uomini e Donne, arriva la stoccata Andrea Marinelli<\/p>\n<p>In esclusiva, infatti, Lorenzo Pugnaloni ha intercettato il single <strong>Andrea Marinelli<\/strong>,<strong> il tentatore con cui Lucia <\/strong>aveva avuto rapporti durante l\u2019estate. Attraverso la sua agenzia, Alex Model di Firenze, il giovane ha deciso di rompere il silenzio e chiarire pubblicamente la sua posizione, raccontando il suo punto di vista non solo sul rapporto con <strong>Lucia<\/strong>, ma anche sul discusso percorso di <strong>Rosario<\/strong>.<\/p>\n<p>Andrea non ha usato giri di parole, confermando senza esitazioni ci\u00f2 che lo ha legato a Lucia nei mesi scorsi. Ecco le sue parole, rilasciate prima che arrivassero le novit\u00e0 dalla registrazione di <strong>Uomini e Donne<\/strong>:<\/p>\n<blockquote><p>\u201cI rapporti con Lucia sono fermi a quando ci siamo visti. Nei giorni successivi ci siamo sentiti per un brevissimo periodo, ma senza l\u2019intenzione di fare un passo avanti. Come dice lei, l\u2019interesse tra noi non era sentimentale ma pi\u00f9 fisico, chi per un motivo chi per un altro. Ho visto due parti nella puntata: da un lato Lucia, che a mio parere si \u00e8 resa conto di aver perso una persona con principi e valori; dall\u2019altro Rosario, esausto per comportamenti di cui era all\u2019oscuro e che non lo rappresentano\u2026\u201d<\/p><\/blockquote>\n<p>Il tentatore ha poi speso parole inaspettate nei confronti dell\u2019ex concorrente di Temptation Island, dimostrando anche un certo rispetto umano per lui:<\/p>\n<blockquote><p>\u201cIl trono sarebbe stato un\u2019opportunit\u00e0 di riscatto per un ragazzo che ha sofferto molto. Se questa sofferenza \u00e8 stata causata anche da me, me ne dispiace, perch\u00e9 Rosario mi sembra una persona solida e pragmatica, un po\u2019 come me. \u00c8 stato coraggioso nell\u2019accettare quella proposta, perch\u00e9 non \u00e8 facile riaprirsi avendo ancora i cerotti sul cuore\u201d.<\/p><\/blockquote>\n<p>Ma dopo il terremoto televisivo di ieri, con l<strong>\u2019ingresso di Lucia in studio e la conseguente decisione di Maria De Filippi di interrompere il trono di Rosario<\/strong>, <strong>Andrea Marinelli <\/strong>\u00e8 tornato a parlare, stavolta con toni molto pi\u00f9 duri.<\/p>\n<blockquote><p>\u201cE poi arriva la notizia, che ridimensiona la considerazione che avevo di Rosario e mi fa ridere il comportamento di Lucia. Quando parlai davanti alle telecamere raccontando cosa era successo tra noi, lei mi chiam\u00f2 insultandomi dicendo che non avrei dovuto farlo. E ora? Ora lo ha fatto lei.\u201d<\/p><\/blockquote>\n<p>Il modello non ha esitato a ipotizzare delle motivazioni dietro il gesto clamoroso di <strong>Lucia <\/strong>in studio:<\/p>\n<blockquote><p>\u201cForse \u00e8 stata invidiosa della possibilit\u00e0 data a Rosario e non a lei? Forse voleva far vedere che la \u2018cattiva\u2019 non era solo lei? Sicuramente avr\u00e0 avuto le sue motivazioni, ma Rosario che si lascia rovinare ancora una volta da lei, questo s\u00ec che mi fa ridere\u201d.<\/p><\/blockquote>\n<p>Un intreccio sempre pi\u00f9 complesso, fatto di dichiarazioni, accuse incrociate e colpi di scena che, a ogni nuova puntata e registrazione, sembra regalare un capitolo inedito. La sensazione \u00e8 che la vicenda di Rosario e Lucia sia destinata a far discutere ancora a lungo, soprattutto dopo l\u2019ultima presa di posizione del tentatore.<\/p>\n<p>Scopri le ultime news su <strong><a href=\"https:\/\/www.comingsoon.it\/tv\/uomini-e-donne\/3\/scheda\/\" target=\"_blank\" title=\"Uomini e Donne\" rel=\"nofollow noopener\">Uomini e Donne<\/a><\/strong>.<\/p>\n","protected":false},"excerpt":{"rendered":"Dopo il caos in studio a Uomini e Donne, parla Andrea Marinelli: \u201cRosario rovinato ancora da lei\u201d Dopo&hellip;\n","protected":false},"author":3,"featured_media":113612,"comment_status":"","ping_status":"","sticky":false,"template":"","format":"standard","meta":{"footnotes":""},"categories":[1444],"tags":[203,204,1537,90,89,253],"class_list":{"0":"post-113611","1":"post","2":"type-post","3":"status-publish","4":"format-standard","5":"has-post-thumbnail","7":"category-tv","8":"tag-entertainment","9":"tag-intrattenimento","10":"tag-it","11":"tag-italia","12":"tag-italy","13":"tag-tv"},"share_on_mastodon":{"url":"","error":""},"_links":{"self":[{"href":"https:\/\/www.europesays.com\/it\/wp-json\/wp\/v2\/posts\/113611","targetHints":{"allow":["GET"]}}],"collection":[{"href":"https:\/\/www.europesays.com\/it\/wp-json\/wp\/v2\/posts"}],"about":[{"href":"https:\/\/www.europesays.com\/it\/wp-json\/wp\/v2\/types\/post"}],"author":[{"embeddable":true,"href":"https:\/\/www.europesays.com\/it\/wp-json\/wp\/v2\/users\/3"}],"replies":[{"embeddable":true,"href":"https:\/\/www.europesays.com\/it\/wp-json\/wp\/v2\/comments?post=113611"}],"version-history":[{"count":0,"href":"https:\/\/www.europesays.com\/it\/wp-json\/wp\/v2\/posts\/113611\/revisions"}],"wp:featuredmedia":[{"embeddable":true,"href":"https:\/\/www.europesays.com\/it\/wp-json\/wp\/v2\/media\/113612"}],"wp:attachment":[{"href":"https:\/\/www.europesays.com\/it\/wp-json\/wp\/v2\/media?parent=113611"}],"wp:term":[{"taxonomy":"category","embeddable":true,"href":"https:\/\/www.europesays.com\/it\/wp-json\/wp\/v2\/categories?post=113611"},{"taxonomy":"post_tag","embeddable":true,"href":"https:\/\/www.europesays.com\/it\/wp-json\/wp\/v2\/tags?post=113611"}],"curies":[{"name":"wp","href":"https:\/\/api.w.org\/{rel}","templated":true}]}}