{"id":113730,"date":"2025-09-17T11:24:20","date_gmt":"2025-09-17T11:24:20","guid":{"rendered":"https:\/\/www.europesays.com\/it\/113730\/"},"modified":"2025-09-17T11:24:20","modified_gmt":"2025-09-17T11:24:20","slug":"con-belen-non-e-successo-niente-di-grave-e-la-prima-volta-che-diventa-zia-ha-detto-che-la-vuole-tenere-lei-a-casa-la-bambina-parla-cecilia-rodriguez","status":"publish","type":"post","link":"https:\/\/www.europesays.com\/it\/113730\/","title":{"rendered":"&#8220;Con Belen non \u00e8 successo niente di grave. \u00c8 la prima volta che diventa zia, ha detto che la vuole tenere lei a casa la bambina&#8221;: parla Cecilia Rodriguez"},"content":{"rendered":"<p>\u201cBelen \u00e8 molto contenta per la mia gravidanza, mi ha accompagnata. <strong>\u00c8 la prima volta che diventa zia, ha detto che la vuole tenere lei a casa la bambina<\/strong>\u201d, ha raccontato<strong> Cecilia Rodriguez <\/strong>a \u201c<strong>Verissimo<\/strong>\u201c. Nel salotto di <strong>Silvia Toffanin<\/strong> per la prima volta ha rotto il silenzio parlando del presunto litigio con sua sorella, da mesi diverse testate hanno raccontato la loro distanza, visibile sui social, ma condita di motivazioni differenti.<\/p>\n<p>\u201c<strong>Se abbiamo litigato? Non \u00e8 successo niente di grave<\/strong>, siamo due sorelle che ci assomigliamo tanto per\u00f2 siamo molto diverse caratterialmente quindi qualche litigata ogni tanto ci scappa\u201d, ha spiegato Cecilia. Non smentendo lo scontro ma cercando di sgonfiare le polemiche e il clamore che ha accompagnato la vicenda in questi mesi: \u201cSiamo una famiglia molto unita, ognuno per\u00f2 ha la sua vita e la sua nuova famiglia e ci sono momenti in cui siamo pi\u00f9 insieme altri no. <strong>Non vedo mia sorella come un personaggio, per me \u00e8 mia sorella<\/strong>.<a href=\"https:\/\/www.ilfattoquotidiano.it\/2025\/05\/12\/cecilia-rodriguez-incinta-belen-madre-veronica-reazione\/7983999\/\" rel=\"nofollow noopener\" target=\"_blank\"> Con la mia famiglia sono sempre stata molto protettiva. Non ho foto col pancione n\u00e9 con lei ma neanche con mio fratello. Penso che alla gente piace tanto quando la gente litiga<\/a>\u201c.<\/p>\n<p>Rodriguez ha raggiunto il nono mese di gravidanza: \u201c<strong>Sto molto bene, \u00e8 un bel periodo, forse il pi\u00f9 bello della mia vita<\/strong>. La piccolina dovrebbe nascere a met\u00e0 ottobre. Ho desiderato tanto questo momento, ho aspettato tanto e un po\u2019 \u00e8 come se non ci credessi. Ogni giorno imparo qualcosa di nuovo. Sono felice\u201d. La sorella della showgirl argentina non ha nascosto la sua emozione per l\u2019arrivo di Clara Isabel, questo il nome scelto con il compagno<strong> Ignazio Moser<\/strong>.<\/p>\n<p>Il percorso per arrivare alla gravidanza \u00e8 stato lungo e tortuoso: \u201cIo e Ignazio non riuscivamo ad avere figli. Ci ho provato per pi\u00f9 di cinque anni ma penso che sia arrivata nel momento giusto questa gravidanza, ci vedo cresciuti entrambi. <strong>Ci siamo disperati<\/strong>. Volevo che succedesse tutto in modo naturale, mi chiedevo \u2018perch\u00e9. <strong>Tutti i mesi mi veniva da piangere poi \u00e8 accaduto nel momento giusto<\/strong> ma mi sono dovuta far aiutare dalla scienza, ho fatto un trattamento (la procreazione assistita, ndr), mi sono convinta ed \u00e8 andata bene\u201d, ha concluso Cecilia.<\/p>\n","protected":false},"excerpt":{"rendered":"\u201cBelen \u00e8 molto contenta per la mia gravidanza, mi ha accompagnata. \u00c8 la prima volta che diventa zia,&hellip;\n","protected":false},"author":3,"featured_media":113731,"comment_status":"","ping_status":"","sticky":false,"template":"","format":"standard","meta":{"footnotes":""},"categories":[1480],"tags":[1944,239,1537,90,89,240,1942,1943,1940,1941],"class_list":{"0":"post-113730","1":"post","2":"type-post","3":"status-publish","4":"format-standard","5":"has-post-thumbnail","7":"category-salute-femminile","8":"tag-femminile","9":"tag-health","10":"tag-it","11":"tag-italia","12":"tag-italy","13":"tag-salute","14":"tag-salute-femminile","15":"tag-salutefemminile","16":"tag-womens-health","17":"tag-womenshealth"},"share_on_mastodon":{"url":"","error":""},"_links":{"self":[{"href":"https:\/\/www.europesays.com\/it\/wp-json\/wp\/v2\/posts\/113730","targetHints":{"allow":["GET"]}}],"collection":[{"href":"https:\/\/www.europesays.com\/it\/wp-json\/wp\/v2\/posts"}],"about":[{"href":"https:\/\/www.europesays.com\/it\/wp-json\/wp\/v2\/types\/post"}],"author":[{"embeddable":true,"href":"https:\/\/www.europesays.com\/it\/wp-json\/wp\/v2\/users\/3"}],"replies":[{"embeddable":true,"href":"https:\/\/www.europesays.com\/it\/wp-json\/wp\/v2\/comments?post=113730"}],"version-history":[{"count":0,"href":"https:\/\/www.europesays.com\/it\/wp-json\/wp\/v2\/posts\/113730\/revisions"}],"wp:featuredmedia":[{"embeddable":true,"href":"https:\/\/www.europesays.com\/it\/wp-json\/wp\/v2\/media\/113731"}],"wp:attachment":[{"href":"https:\/\/www.europesays.com\/it\/wp-json\/wp\/v2\/media?parent=113730"}],"wp:term":[{"taxonomy":"category","embeddable":true,"href":"https:\/\/www.europesays.com\/it\/wp-json\/wp\/v2\/categories?post=113730"},{"taxonomy":"post_tag","embeddable":true,"href":"https:\/\/www.europesays.com\/it\/wp-json\/wp\/v2\/tags?post=113730"}],"curies":[{"name":"wp","href":"https:\/\/api.w.org\/{rel}","templated":true}]}}