{"id":113861,"date":"2025-09-17T12:41:10","date_gmt":"2025-09-17T12:41:10","guid":{"rendered":"https:\/\/www.europesays.com\/it\/113861\/"},"modified":"2025-09-17T12:41:10","modified_gmt":"2025-09-17T12:41:10","slug":"enzo-iacchetti-lite-in-tv-con-eyal-mizrahi-su-gaza-fascista-stro-scendo-ti-prendo-a-pugni","status":"publish","type":"post","link":"https:\/\/www.europesays.com\/it\/113861\/","title":{"rendered":"Enzo Iacchetti, lite in tv con Eyal Mizrahi su Gaza: \u00abFascista\u00bb, \u00abStro***, scendo ti prendo a pugni\u00bb"},"content":{"rendered":"<p>    di<br \/>\n    Redazione Spettacoli<\/p>\n<p class=\"summary-art is-line-h-12\">Il duro botta e risposta a \u00ab\u00c8 sempre Cartabianca\u00bb. Il conduttore al presidente della Federazione Amici di Israele: \u00abCome si fa a sostenere che gli israeliani non sono responsabili di quanto sta accadendo, quando sono gi\u00e0 morte quasi 70 mila persone e 20 mila bambini?\u00bb<\/p>\n<p class=\"chapter-paragraph\"><b>Volano gli stracci<\/b> a\u00a0\u00ab\u00c8 sempre Cartabianca\u00bb tra <b>Enzo Iacchetti<\/b>\u00a0e <b>Eyal Mizrahi<\/b>, presidente della Federazione Amici di Israele. Durante una puntata del talk condotto da <b>Bianca Berlinguer<\/b> su Retequattro,\u00a0il volto storico del telegiornale satirico \u00abStriscia la notizia\u00bb \u00e8 intervenuto in un segmento dedicato alla <b>tragica situazione nella Striscia di Gaza<\/b>.<\/p>\n<p class=\"chapter-paragraph\">Iacchetti ha <b>apertamente condannato le azioni militari israeliane<\/b>, riportando le <b>gravi accuse di genocidio<\/b> sollevate per ultima, nella giornata di marted\u00ec, <a href=\"https:\/\/www.corriere.it\/esteri\/25_settembre_16\/la-commissione-d-inchiesta-dell-onu-a-gaza-e-genocidio-l-ira-di-israele-antisemiti-f15aa620-5047-44a5-88a2-2700aaeb3xlk.shtml\" title=\"La commissione d&#039;inchiesta Onu: \u00abA Gaza Israele compie un genocidio\u00bb. Da chi \u00e8 composta, e quali sono le prove?\" rel=\"nofollow noopener\" target=\"_blank\">dalla Commissione indipendente dell&#8217;Onu<\/a>. Le parole dell\u2019attore hanno scatenato <b>la reazione di Eyal Mizrahi<\/b>, che lo ha accusato di fare affermazioni prive di basi concrete.    &#13;<br \/>\n&#13;<br \/>\n&#13;<br \/>\n&#13;<br \/>\n&#13;<br \/>\n&#13;<br \/>\n&#13;<br \/>\n&#13;<br \/>\n&#13;<br \/>\n&#13;<br \/>\n&#13;<br \/>\n&#13;<br \/>\n&#13;<br \/>\n&#13;<br \/>\n&#13;<br \/>\n&#13;<br \/>\n&#13;<br \/>\n&#13;<br \/>\n&#13;<br \/>\n&#13;<br \/>\n&#13;<br \/>\n&#13;<br \/>\n&#13;<br \/>\n&#13;<br \/>\n&#13;<br \/>\n&#13;<br \/>\n&#13;<br \/>\n&#13;<br \/>\n&#13;<br \/>\n&#13;<br \/>\n&#13;<br \/>\n&#13;<br \/>\n&#13;<br \/>\n&#13;<br \/>\n&#13;<br \/>\n&#13;<br \/>\n&#13;<br \/>\n&#13;<br \/>\n&#13;<br \/>\n&#13;<br \/>\n&#13;<br \/>\n&#13;<br \/>\n&#13;<br \/>\n&#13;<br \/>\n&#13;<br \/>\n&#13;<br \/>\n&#13;<br \/>\n&#13;<br \/>\n&#13;<br \/>\n&#13;<br \/>\n&#13;<br \/>\n&#13;<br \/>\n&#13;\n<\/p>\n<p class=\"chapter-paragraph\">La tensione \u00e8 salita rapidamente, culminando in un <b>duro botta e risposta<\/b> in diretta. \u00abDovevi dirmi che c&#8217;era una persona priva di ragionamento, <b>non<\/b> <b>voglio ascoltare queste stron***<\/b>e, mi alzo e me ne vado\u00bb, \u00e8 sbottato Iacchetti con Berlinguer, che ha faticato a <b>tenerlo in collegamento<\/b>.<\/p>\n<p class=\"chapter-paragraph\">Mizrahi\u00a0ha puntualizzato come <b>la responsabilit\u00e0 di ci\u00f2 che sta succedendo a Gaza<\/b> sia di <b>Hamas<\/b> per gli <b>attacchi del 7 ottobre<\/b>. Parole a cui Iacchetti ha replicato duramente: \u00abCome si fa a sostenere che gli israeliani non sono responsabili di quanto sta accadendo, quando <b>sono gi\u00e0 morte quasi 70 mila persone e 20 mila bambini?<\/b>\u00bb.<\/p>\n<p class=\"chapter-paragraph\">La lite ha raggiunto il climax quando <b>Mizrahi ha messo in dubbio i numeri delle vittime<\/b>, nonostante i dati condivisi pubblicamente durante la trasmissione. Di fronte a queste negazioni, Iacchetti ha manifestato <b>l\u2019intenzione di lasciare il programma<\/b>, esasperato dalle parole dell\u2019interlocutore.<\/p>\n<p class=\"chapter-paragraph\">Il confronto si \u00e8 <b>ulteriormente infuocato<\/b> quando Mizrahi ha definito l&#8217;attore\u00a0<b>\u00abfascista\u00bb<\/b> e chiedendo ironicamente cosa intendesse con il termine <b>\u00abbambino\u00bb<\/b>, nel <b>contesto delle vittime a Gaza<\/b>. Durissima la reazione di Iacchetti, che ha <b>minacciato fisicamente Mizrahi.<\/b>\u00a0\u00abPezzo di me**a, stro***, io vengo e ti prendo a pugni\u00bb ha urlato, costringendo Berlinguer a <b>mandare la pubblicit\u00e0<\/b>.<\/p>\n<p class=\"chapter-paragraph\">Lo scontro si \u00e8 quindi spostato sui <b>numeri dei civili uccisi dall&#8217;esercito israeliano<\/b> (200mila, afferma Iacchetti. \u00abNo, 50mila e la met\u00e0 di questi erano terroristi\u00bb, la risposta). Altra potente fiammata. \u00abStai facendo una figura di me**a mi alzo e me ne vado\u00bb, ha minacciato ancora Iacchetti, con Mauro Corona che in sottofondo urlava: <b>\u00abMandatelo via\u00bb<\/b>. Iacchetti ha quindi concluso: \u00abNon parlo con un contraddittorio, <b>in questa guerra non c&#8217;\u00e8 un contraddittorio perch\u00e9 c&#8217;\u00e8 un solo esercito<\/b>\u00bb.<\/p>\n<p class=\"chapter-paragraph\"><a href=\"https:\/\/www.corriere.it\/esteri\/diretta-live\/25_settembre_17\/israele-hamas-la-guerra-a-gaza-in-diretta-truppe-idf-entrate-a-gaza-city-netanyahu-trump-mi-ha-invitato-alla-casa-bianca.shtml\" title=\"Israele-Hamas, la guerra a Gaza in diretta | Truppe Idf entrate a Gaza City. Idf: \u00abCirca 400 mila gli evacuati\u00bb. Aperto un nuovo \u00abcorridoio umanitario per 48 ore\u00bb. Papa Leone: \u00abServe un cessate il fuoco\u00bb\" rel=\"nofollow noopener\" target=\"_blank\">Le ultime notizie sulla guerra a Gaza, in diretta<\/a><\/p>\n<p class=\"is-last-update\" datetime=\"2025-09-17T13:24:57+02:00\">17 settembre 2025 ( modifica il 17 settembre 2025 | 13:24)<\/p>\n<p class=\"is-copyright\">\n            \u00a9 RIPRODUZIONE RISERVATA\n        <\/p>\n","protected":false},"excerpt":{"rendered":"di Redazione Spettacoli Il duro botta e risposta a \u00ab\u00c8 sempre Cartabianca\u00bb. Il conduttore al presidente della Federazione&hellip;\n","protected":false},"author":3,"featured_media":113862,"comment_status":"","ping_status":"","sticky":false,"template":"","format":"standard","meta":{"footnotes":""},"categories":[6],"tags":[3981,78898,78899,78900,78901,1266,78902,2382,788,34600,5804,24860,78903,78904,14,14841,78905,78906,5478,58864,773,1124,78342,18615,5260,78907,78908,73,8,59174,1537,90,89,78897,7,15,82,9,83,10,4979,4172,13,11,80,84,12,81,85],"class_list":{"0":"post-113861","1":"post","2":"type-post","3":"status-publish","4":"format-standard","5":"has-post-thumbnail","7":"category-ultime-notizie","8":"tag-accadendo","9":"tag-accadendo-morte","10":"tag-accadendo-morte-bambini","11":"tag-alzo","12":"tag-alzo-vado","13":"tag-amici","14":"tag-amici-israele","15":"tag-attore","16":"tag-bambini","17":"tag-berlinguer","18":"tag-botta","19":"tag-botta-risposta","20":"tag-cartabianca","21":"tag-contraddittorio","22":"tag-cronaca","23":"tag-duro","24":"tag-duro-botta","25":"tag-duro-botta-risposta","26":"tag-enzo","27":"tag-enzo-iacchetti","28":"tag-esercito","29":"tag-eyal","30":"tag-eyal-mizrahi","31":"tag-fascista","32":"tag-federazione","33":"tag-federazione-amici","34":"tag-federazione-amici-israele","35":"tag-gaza","36":"tag-headlines","37":"tag-iacchetti","38":"tag-it","39":"tag-italia","40":"tag-italy","41":"tag-mizrahi","42":"tag-news","43":"tag-notizie","44":"tag-notizie-di-cronaca","45":"tag-notizie-principali","46":"tag-notiziedicronaca","47":"tag-notizieprincipali","48":"tag-parole","49":"tag-risposta","50":"tag-titoli","51":"tag-ultime-notizie","52":"tag-ultime-notizie-di-cronaca","53":"tag-ultime-notizie-e-news-di-oggi","54":"tag-ultimenotizie","55":"tag-ultimenotiziedicronaca","56":"tag-ultimenotizieenewsdioggi"},"share_on_mastodon":{"url":"","error":""},"_links":{"self":[{"href":"https:\/\/www.europesays.com\/it\/wp-json\/wp\/v2\/posts\/113861","targetHints":{"allow":["GET"]}}],"collection":[{"href":"https:\/\/www.europesays.com\/it\/wp-json\/wp\/v2\/posts"}],"about":[{"href":"https:\/\/www.europesays.com\/it\/wp-json\/wp\/v2\/types\/post"}],"author":[{"embeddable":true,"href":"https:\/\/www.europesays.com\/it\/wp-json\/wp\/v2\/users\/3"}],"replies":[{"embeddable":true,"href":"https:\/\/www.europesays.com\/it\/wp-json\/wp\/v2\/comments?post=113861"}],"version-history":[{"count":0,"href":"https:\/\/www.europesays.com\/it\/wp-json\/wp\/v2\/posts\/113861\/revisions"}],"wp:featuredmedia":[{"embeddable":true,"href":"https:\/\/www.europesays.com\/it\/wp-json\/wp\/v2\/media\/113862"}],"wp:attachment":[{"href":"https:\/\/www.europesays.com\/it\/wp-json\/wp\/v2\/media?parent=113861"}],"wp:term":[{"taxonomy":"category","embeddable":true,"href":"https:\/\/www.europesays.com\/it\/wp-json\/wp\/v2\/categories?post=113861"},{"taxonomy":"post_tag","embeddable":true,"href":"https:\/\/www.europesays.com\/it\/wp-json\/wp\/v2\/tags?post=113861"}],"curies":[{"name":"wp","href":"https:\/\/api.w.org\/{rel}","templated":true}]}}