{"id":113925,"date":"2025-09-17T13:22:09","date_gmt":"2025-09-17T13:22:09","guid":{"rendered":"https:\/\/www.europesays.com\/it\/113925\/"},"modified":"2025-09-17T13:22:09","modified_gmt":"2025-09-17T13:22:09","slug":"chi-e-michael-telesca-fidanzato-di-katia-buchicchio-miss-italia-2025","status":"publish","type":"post","link":"https:\/\/www.europesays.com\/it\/113925\/","title":{"rendered":"Chi \u00e8 Michael Telesca, fidanzato di Katia Buchicchio, Miss Italia 2025"},"content":{"rendered":"<p><strong>Michael Telesca<\/strong> \u00e8 il fidanzato di <strong>Katia Buchicchio,<\/strong> eletta Miss Italia 2025. La giovane 18enne \u00e8 stata incoronata nella finale del concorso andata in scena presso il Pala Savelli di Porto San Giorgio, nella provincia di Fermo, nelle Marche.\n<\/p>\n<p>Chi \u00e8 Michael Telesca<\/p>\n<p>Classe 2005, Michael Telesca \u00e8 legato da diversi anni a <a href=\"https:\/\/dilei.it\/vip\/katia-buchicchio-chi\/1839839\/\" rel=\"nofollow noopener\" target=\"_blank\">Katia Buchicchio<\/a>. Anche lui lucano, Michael vive ad Anzi, proprio come Katia Buchicchio, e gioca a calcio nella squadra del suo paese. Di lui si sa poco e niente, l\u2019unica certezza \u00e8 che la relazione con la nuova Miss Italia \u00e8 molto importante, raccontata sui social da scatti romantici e foto che immortalano momenti di quotidianit\u00e0.<\/p>\n<p>Dopo la vittoria della sua fidanzata nel concorso che ha eletto la pi\u00f9 bella d\u2019Italia, Michael ha scritto un lungo post. In apertura vediamo una foto di Katia durante <a href=\"https:\/\/dilei.it\/spettacolo\/fotonotizia\/miss-italia-2025-finaliste\/1819396\/\" rel=\"nofollow noopener\" target=\"_blank\">Miss Italia 2025<\/a> con il numero 10. \u201cHo aspettato un po\u2019 per scrivere qualcosa, ma volevo farlo in un momento speciale \u2013 ha scritto -. Raggiante, energica e piena di gioia sono aggettivi che descrivono a pieno ci\u00f2 che sei. Naturalezza e spontaneit\u00e0 sono invece i sentimenti che hai provato e mi hai fatto arrivare durante l\u2019esibizione. Non posso che essere fiero di te e dei tuoi traguardi che hai raggiunto fin\u2019ora, solamente divertendoti. Il tuo carattere forte dimostrer\u00e0 che resterai te stessa per sempre. Sei meravigliosa\u201d.<\/p>\n<blockquote class=\"instagram-media\" data-instgrm-captioned=\"\" data-instgrm-permalink=\"https:\/\/www.instagram.com\/p\/DOqlkQpghxK\/?utm_source=ig_embed&amp;utm_campaign=loading\" data-instgrm-version=\"14\" style=\" background:#FFF; border:0; border-radius:3px; box-shadow:0 0 1px 0 rgba(0,0,0,0.5),0 1px 10px 0 rgba(0,0,0,0.15); margin: 1px; max-width:100%; min-width:326px; padding:0; width:99.375%; width:-webkit-calc(100% - 2px); width:calc(100% - 2px);\"\/>\n<p>La risposta di Katia non \u00e8 tardata ad arrivare. \u201cAmore mio, ti amo tanto \u2013 ha commentato -. Sei parte di me. Da oggi riscriveremo le regole non scritte (tu sai)\u201d.<\/p>\n<p>La vittoria di Katia Buchicchio a Miss Italia 2025<\/p>\n<p>18 anni, originaria di Anzi, in provincia di Potenza, Katia Buchicchio ha trionfato a Miss Italia 2025, conquistando l\u2019ambita corona. Diplomata al liceo scientifico, ora studia odontoiatria a Roma. Sin dalla sua incoronazione, la giovane ha svelato di aver ottenuto questo grande risultato grazie al sostegno della sua famiglia. Non solo il fidanzato Michael, ma anche il <strong>padre Antonio,<\/strong> che le fa da manager e a cui ha scelto di dedicare la vittoria, la <strong>mamma Rosaria e sua zia Maria.<\/strong> Proprio quest\u2019ultima avrebbe convinto Katia a prendere parte al concorso.<\/p>\n<p>\u201cZia Maria \u00e8 da sempre appassionata del mondo della bellezza e mi ha spinto a partecipare \u2013 ha spiegato al Corriere della Sera, raccontando anche il suo percorso -. Alle prefinali nazionali mi sono guardata attorno e ho visto tante ragazze talentuose. Non mi aspettavo certo di arrivare fra le prime otto e poi fra le prime tre. L\u00ec ho pensato \u201cAdesso \u00e8 davvero tutto possibile\u201d\u201d.<\/p>\n<p>Riguardo al futuro invece Katia ha confessato che sogna di diventare una conduttrice e lavorare in televisione, ma gli studi restano comunque fondamentali. \u201cCredo che se sono riuscita da arrivare qui \u00e8 perch\u00e9 sono sempre rimasta me stessa \u2013 ha confessato -. Sul palco mi divertivo a ballare, non pensavo a niente. Volevo solo divertirmi e mostrare la vera Katia, solare, intraprendente. La vera bellezza poi \u00e8 saper catturare l\u2019attenzione. Ho conosciuto <a href=\"https:\/\/dilei.it\/vip\/ofelia-passaponti-chi\/1490651\/\" rel=\"nofollow noopener\" target=\"_blank\">Ofelia Passaponti,<\/a> la Miss Italia 2024. Lei \u00e8 incredibile, ti cattura ed \u00e8 questo che per me \u00e8 la vera bellezza\u201d.<\/p>\n<p>\t<script async src=\"\/\/www.instagram.com\/embed.js\"><\/script><\/p>\n","protected":false},"excerpt":{"rendered":"Michael Telesca \u00e8 il fidanzato di Katia Buchicchio, eletta Miss Italia 2025. La giovane 18enne \u00e8 stata incoronata&hellip;\n","protected":false},"author":3,"featured_media":113926,"comment_status":"","ping_status":"","sticky":false,"template":"","format":"standard","meta":{"footnotes":""},"categories":[1451],"tags":[1621,1620,203,204,1537,90,89,77286,78941],"class_list":{"0":"post-113925","1":"post","2":"type-post","3":"status-publish","4":"format-standard","5":"has-post-thumbnail","7":"category-celebrita","8":"tag-celebrita","9":"tag-celebrities","10":"tag-entertainment","11":"tag-intrattenimento","12":"tag-it","13":"tag-italia","14":"tag-italy","15":"tag-katia-buchicchio","16":"tag-michael-telesca"},"share_on_mastodon":{"url":"","error":""},"_links":{"self":[{"href":"https:\/\/www.europesays.com\/it\/wp-json\/wp\/v2\/posts\/113925","targetHints":{"allow":["GET"]}}],"collection":[{"href":"https:\/\/www.europesays.com\/it\/wp-json\/wp\/v2\/posts"}],"about":[{"href":"https:\/\/www.europesays.com\/it\/wp-json\/wp\/v2\/types\/post"}],"author":[{"embeddable":true,"href":"https:\/\/www.europesays.com\/it\/wp-json\/wp\/v2\/users\/3"}],"replies":[{"embeddable":true,"href":"https:\/\/www.europesays.com\/it\/wp-json\/wp\/v2\/comments?post=113925"}],"version-history":[{"count":0,"href":"https:\/\/www.europesays.com\/it\/wp-json\/wp\/v2\/posts\/113925\/revisions"}],"wp:featuredmedia":[{"embeddable":true,"href":"https:\/\/www.europesays.com\/it\/wp-json\/wp\/v2\/media\/113926"}],"wp:attachment":[{"href":"https:\/\/www.europesays.com\/it\/wp-json\/wp\/v2\/media?parent=113925"}],"wp:term":[{"taxonomy":"category","embeddable":true,"href":"https:\/\/www.europesays.com\/it\/wp-json\/wp\/v2\/categories?post=113925"},{"taxonomy":"post_tag","embeddable":true,"href":"https:\/\/www.europesays.com\/it\/wp-json\/wp\/v2\/tags?post=113925"}],"curies":[{"name":"wp","href":"https:\/\/api.w.org\/{rel}","templated":true}]}}