{"id":113961,"date":"2025-09-17T13:44:11","date_gmt":"2025-09-17T13:44:11","guid":{"rendered":"https:\/\/www.europesays.com\/it\/113961\/"},"modified":"2025-09-17T13:44:11","modified_gmt":"2025-09-17T13:44:11","slug":"generazione-z-e-bicicletta-la-rivoluzione-urbana-parte-dai-giovani","status":"publish","type":"post","link":"https:\/\/www.europesays.com\/it\/113961\/","title":{"rendered":"Generazione Z e bicicletta: la rivoluzione urbana parte dai giovani"},"content":{"rendered":"<p>La bicicletta non \u00e8 solo un mezzo di trasporto: per la <strong>Generazione Z<\/strong> \u00e8 un manifesto di valori. \u00c8 benessere fisico, libert\u00e0 di movimento, sostenibilit\u00e0 ambientale. \u00c8 anche un segnale di indipendenza dalle logiche di consumo legate all\u2019auto privata. Ma nonostante l\u2019entusiasmo, questa energia rischia di rimanere intrappolata se le citt\u00e0 non sapranno farsi trovare pronte.<\/p>\n<p>Il primo <strong>Sondaggio Europeo sulla Mobilit\u00e0 Urbana<\/strong> promosso da Decathlon, che ha coinvolto oltre 4.000 giovani in sei paesi (Francia, Regno Unito, Germania, Italia, Polonia e Spagna), fotografa con chiarezza un fenomeno in crescita:<strong> la Gen Z \u00e8 gi\u00e0 in sella e non vede l\u2019ora di pedalare di pi\u00f9<\/strong>. A una condizione, per\u00f2: che le infrastrutture urbane rispecchino la loro voglia di cambiamento.<\/p>\n<p>Una generazione gi\u00e0 in sella, ma non ancora ogni giorno<\/p>\n<p>I dati parlano chiaro: il <strong>75% dei giovani europei<\/strong> utilizza abitualmente la bici e il <strong>58% lo fa almeno una volta a settimana<\/strong>. In Italia il trend \u00e8 simile, con un <strong>77% di ciclisti regolari<\/strong> e il <strong>54% che pedala almeno una volta la settimana<\/strong>. Si tratta di numeri importanti, che dimostrano come la bicicletta sia ormai entrata nello stile di vita delle nuove generazioni.<\/p>\n<p>C\u2019\u00e8 per\u00f2 un dato che stona: solo il <strong>16% dei giovani europei usa la bici ogni giorno<\/strong>. Per la maggioranza rimane un\u2019attivit\u00e0 legata al tempo libero (60%) o allo sport (45%). Questo significa che, <strong>nonostante l\u2019interesse, la bicicletta fatica a diventare un vero mezzo di trasporto quotidiano.<\/strong><\/p>\n<p>Perch\u00e9? Non \u00e8 un problema di motivazione: la voglia c\u2019\u00e8, ma <strong>le citt\u00e0 spesso non sono all\u2019altezza<\/strong>. Se in Germania e Polonia pedalare \u00e8 un\u2019abitudine settimanale consolidata, in Italia e Francia la bici \u00e8 pi\u00f9 associata allo svago che agli spostamenti. Il risultato \u00e8 una mobilit\u00e0 urbana che resta ancora troppo centrata sull\u2019auto.<\/p>\n<p>Perch\u00e9 la Gen Z sceglie la bici: salute, libert\u00e0 e sostenibilit\u00e0<\/p>\n<p>La Generazione Z non pedala solo per divertimento. Alla base della scelta ci sono motivazioni che riflettono un modo diverso di guardare al futuro. Il sondaggio mostra che i giovani scelgono la bici soprattutto per:<\/p>\n<ul class=\"wp-block-list\">\n<li><strong>rimanere in forma e in salute<\/strong> (79%)<\/li>\n<li><strong>assaporare la libert\u00e0<\/strong> e il piacere che la bici trasmette (68%)<\/li>\n<li><strong>risparmiare tempo<\/strong> evitando il traffico (68%)<\/li>\n<li><strong>spendere meno<\/strong> rispetto ad altri mezzi (67%)<\/li>\n<\/ul>\n<p><img fetchpriority=\"high\" decoding=\"async\" width=\"950\" height=\"1343\" src=\"https:\/\/www.europesays.com\/it\/wp-content\/uploads\/2025\/09\/DECATHLON-Barometer_Sintesi_page-0001.jpg\" alt=\"DECATHLON Barometer_Sintesi_page-0001\" class=\"wp-image-240153\"  \/><\/p>\n<p>In Italia, emerge un dato interessante: il <strong>69% dei giovani usa la bici anche per ridurre la propria impronta carbonica<\/strong>. Questo significa che la Gen Z non vede la bici solo come una scelta individuale, ma come un gesto concreto per contribuire a un <strong>futuro pi\u00f9 sostenibile<\/strong>.<\/p>\n<p>Questa consapevolezza ambientale rappresenta un cambio di paradigma. Mentre le generazioni precedenti associavano la bicicletta soprattutto allo sport o al tempo libero, i giovani di oggi la percepiscono come uno strumento di cambiamento sociale.<\/p>\n<p>La barriera della sicurezza: la vera sfida per le citt\u00e0<\/p>\n<p>Se la voglia di pedalare \u00e8 forte, ci\u00f2 che frena la Gen Z \u00e8 la percezione di sicurezza. Il sondaggio rivela che, nonostante l\u201987% dei giovani si senta \u201cabbastanza sicuro\u201d, ben il <strong>61% dichiara di non sentirsi completamente tranquillo<\/strong>.<\/p>\n<p>In Italia il dato \u00e8 ancora pi\u00f9 critico: <strong>un giovane su cinque non si sente sicuro in sella<\/strong>. Le cause sono note a chi pedala tutti i giorni: <strong>automobilisti poco rispettosi (64%)<\/strong>, <strong>mancanza di piste ciclabili dedicate (63%)<\/strong>, <strong>traffico eccessivo (42%)<\/strong>.<\/p>\n<p>La conseguenza \u00e8 che molti scelgono di usare la bici solo in contesti protetti o in momenti di tempo libero, rinunciando a farne il loro mezzo quotidiano. \u00c8 una fotografia che chi legge Bikeitalia conosce bene: senza infrastrutture sicure e continue, la bici non pu\u00f2 diventare davvero per tutti.<\/p>\n<p>Cosa chiede la Gen Z: pi\u00f9 piste ciclabili, parcheggi sicuri, segnaletica chiara<img loading=\"lazy\" decoding=\"async\" width=\"1280\" height=\"720\" src=\"https:\/\/www.europesays.com\/it\/wp-content\/uploads\/2025\/09\/DanielRasmussen-1322363-medium.jpg\" alt=\"Copenaghen -Cykelslangen crediti Daniel Rasmussen\" class=\"wp-image-218964\"  \/>Copenaghen   -Cykelslangen crediti Daniel Rasmussen<\/p>\n<p>Il messaggio dei giovani \u00e8 semplice e diretto: <strong>dateci citt\u00e0 a misura di bici<\/strong>. Le priorit\u00e0 indicate nel sondaggio sono chiare:<\/p>\n<ul class=\"wp-block-list\">\n<li><strong>pi\u00f9 piste ciclabili protette e separate<\/strong> (63% in Italia, 54% in Europa)<\/li>\n<li><strong>parcheggi sicuri per bici<\/strong> (43%)<\/li>\n<li><strong>segnaletica e mappe ciclabili pi\u00f9 efficaci<\/strong> (37%)<\/li>\n<\/ul>\n<p>Non si tratta di richieste di nicchia, ma di un consenso trasversale che emerge in tutte le citt\u00e0 europee, grandi e piccole. \u00c8 la conferma che le nuove generazioni non si accontentano di proclami sulla mobilit\u00e0 sostenibile: <strong>vogliono infrastrutture concrete<\/strong> che rendano la bici un mezzo affidabile, sicuro e competitivo rispetto all\u2019auto.<\/p>\n<p>La Settimana Europea della Mobilit\u00e0: l\u2019occasione per ascoltare i giovani<\/p>\n<p>E proprio in occasione della <strong>Settimana Europea della Mobilit\u00e0<\/strong> il messaggio non pu\u00f2 essere ignorato: la Gen Z \u00e8 pronta a pedalare, ma <strong>le citt\u00e0 devono cambiare passo<\/strong>.<\/p>\n<p>Per chi ama la bici e la vive ogni giorno, questa \u00e8 una notizia importante: significa che la spinta al cambiamento non arriva solo da associazioni e attivisti, ma anche da una nuova generazione che considera la bicicletta un diritto, non un lusso.<\/p>\n<p>La vera sfida, ora, \u00e8 che le amministrazioni smettano di limitarsi a iniziative simboliche e investano in modo serio e strutturale in mobilit\u00e0 ciclistica. Perch\u00e9 il futuro urbano sar\u00e0 scritto da chi oggi ha vent\u2019anni.<\/p>\n<p><strong>E la loro direzione \u00e8 gi\u00e0 chiara: due ruote, pedali e strade sicure<\/strong>.<\/p>\n","protected":false},"excerpt":{"rendered":"La bicicletta non \u00e8 solo un mezzo di trasporto: per la Generazione Z \u00e8 un manifesto di valori.&hellip;\n","protected":false},"author":3,"featured_media":113962,"comment_status":"","ping_status":"","sticky":false,"template":"","format":"standard","meta":{"footnotes":""},"categories":[1456],"tags":[78983,1824,1825,1537,90,89,74383,78984,245,244],"class_list":{"0":"post-113961","1":"post","2":"type-post","3":"status-publish","4":"format-standard","5":"has-post-thumbnail","7":"category-ciclismo","8":"tag-ciclabilita","9":"tag-ciclismo","10":"tag-cycling","11":"tag-it","12":"tag-italia","13":"tag-italy","14":"tag-mobilita-urbana","15":"tag-settimana-europea-della-mobilita","16":"tag-sport","17":"tag-sports"},"share_on_mastodon":{"url":"","error":""},"_links":{"self":[{"href":"https:\/\/www.europesays.com\/it\/wp-json\/wp\/v2\/posts\/113961","targetHints":{"allow":["GET"]}}],"collection":[{"href":"https:\/\/www.europesays.com\/it\/wp-json\/wp\/v2\/posts"}],"about":[{"href":"https:\/\/www.europesays.com\/it\/wp-json\/wp\/v2\/types\/post"}],"author":[{"embeddable":true,"href":"https:\/\/www.europesays.com\/it\/wp-json\/wp\/v2\/users\/3"}],"replies":[{"embeddable":true,"href":"https:\/\/www.europesays.com\/it\/wp-json\/wp\/v2\/comments?post=113961"}],"version-history":[{"count":0,"href":"https:\/\/www.europesays.com\/it\/wp-json\/wp\/v2\/posts\/113961\/revisions"}],"wp:featuredmedia":[{"embeddable":true,"href":"https:\/\/www.europesays.com\/it\/wp-json\/wp\/v2\/media\/113962"}],"wp:attachment":[{"href":"https:\/\/www.europesays.com\/it\/wp-json\/wp\/v2\/media?parent=113961"}],"wp:term":[{"taxonomy":"category","embeddable":true,"href":"https:\/\/www.europesays.com\/it\/wp-json\/wp\/v2\/categories?post=113961"},{"taxonomy":"post_tag","embeddable":true,"href":"https:\/\/www.europesays.com\/it\/wp-json\/wp\/v2\/tags?post=113961"}],"curies":[{"name":"wp","href":"https:\/\/api.w.org\/{rel}","templated":true}]}}