{"id":114011,"date":"2025-09-17T14:11:12","date_gmt":"2025-09-17T14:11:12","guid":{"rendered":"https:\/\/www.europesays.com\/it\/114011\/"},"modified":"2025-09-17T14:11:12","modified_gmt":"2025-09-17T14:11:12","slug":"super-8-classic-2025-il-percorso-altimetria-e-planimetria","status":"publish","type":"post","link":"https:\/\/www.europesays.com\/it\/114011\/","title":{"rendered":"Super 8 Classic 2025, il percorso (Altimetria e Planimetria)"},"content":{"rendered":"<p>\t\t<img width=\"1200\" height=\"888\" src=\"https:\/\/www.europesays.com\/it\/wp-content\/uploads\/2025\/09\/Super-8-Classic-2025-Planimetria.jpg\" class=\"attachment-full size-full wp-post-image\" alt=\"\" data-main-img=\"1\" decoding=\"async\" fetchpriority=\"high\"  \/><\/p>\n<p>\t\t\t\t\t<a href=\"https:\/\/cyclingpro.net\/spaziociclismo\/altro\/scopri-lapp-ufficiale-di-spaziociclismo\/\" title=\"\" rel=\"nofollow noopener\" target=\"_blank\"><br \/>\n\t\t\t\t\t\t<img loading=\"lazy\" decoding=\"async\" src=\"https:\/\/www.europesays.com\/it\/wp-content\/uploads\/2025\/09\/1758060682_662_Banner-App-SpazioCiclismo.png\" alt=\"\" width=\"728\" height=\"91\"\/><br \/>\n\t\t\t\t\t<\/a><\/p>\n<p>Percorso confermato in larga parte, almeno per quel che riguarda i suoi tratti distintivi, per la <strong>Super 8 Classic 2025<\/strong>, gara che si svolger\u00e0 in Belgio <strong>sabato 20 settembre.\u00a0<\/strong>La corsa, che rientra nell\u2019elenco degli appuntamento 1.Pro del calendario UCI, si dipaner\u00e0 su un tracciato molto nervoso, toccando molti punti \u201cclassici\u201d dei percorsi di tante altre gare che hanno luogo in questa zona. La partenza sar\u00e0 data a Brakel e l\u2019arrivo sar\u00e0 posto ad Haacht, dopo 200,7 chilometri. Lungo la giornata di gara i corridori dovranno affrontare 15 muri e diversi tratti in pav\u00e9, che assicureranno alla competizione spettacolo e incertezza; l\u2019ultima, breve, difficolt\u00e0 altimetrica, quella di Hulstbergstraat, terminer\u00e0 a 20 chilometri dal traguardo. Da l\u00ec in poi, sar\u00e0 tutta pianura, fino a quell\u2019arrivo che nel 2024 ha visto l\u2019esultanza di Filippo Baroncini.<\/p>\n<p>Altimetria e Planimetria Super 8 Classic 2025<\/p>\n<p>\t\t\t\t<a href=\"https:\/\/www.europesays.com\/it\/wp-content\/uploads\/2025\/09\/Super-8-Classic-2025-Altimetria.jpg\"><img loading=\"lazy\" decoding=\"async\" width=\"1200\" height=\"130\" src=\"https:\/\/www.europesays.com\/it\/wp-content\/uploads\/2025\/09\/Super-8-Classic-2025-Altimetria.jpg\" class=\"attachment-full size-full\" alt=\"\"  \/><\/a><\/p>\n<p>\t\t\t\t<a href=\"https:\/\/www.europesays.com\/it\/wp-content\/uploads\/2025\/09\/Super-8-Classic-2025-Planimetria.jpg\"><img loading=\"lazy\" decoding=\"async\" width=\"1200\" height=\"888\" src=\"https:\/\/www.europesays.com\/it\/wp-content\/uploads\/2025\/09\/Super-8-Classic-2025-Planimetria.jpg\" class=\"attachment-full size-full\" alt=\"\"  \/><\/a><\/p>\n<p>Seguici<\/p>\n<p>\t\t\t\t\t\t\t\t\t\t<a href=\"https:\/\/news.google.com\/publications\/CAAqBwgKMNaVhQswhaiCAw?hl=it&amp;gl=IT&amp;ceid=IT%3Ait\" title=\"Google News\" target=\"_blank\" rel=\"nofollow noopener\" class=\"post-followus-btn google-new-btn\"><br \/>\n\t\t\t\t\t\t<img decoding=\"async\" src=\"https:\/\/cyclingpro.net\/spaziociclismo\/wp-content\/themes\/jannah\/assets\/images\/google-news.svg\" alt=\"Google News\" loading=\"lazy\" width=\"120\" height=\"22\"\/><br \/>\n\t\t\t\t\t<\/a><br \/>\n\t\t\t\t\t\t\t\t\t\t<a href=\"https:\/\/flipboard.com\/@SpazioCiclismo\" title=\"Flipboard\" target=\"_blank\" rel=\"nofollow noopener\" class=\"post-followus-btn flipboard-btn\"><br \/>\n\t\t\t\t\t\t<img decoding=\"async\" src=\"https:\/\/cyclingpro.net\/spaziociclismo\/wp-content\/themes\/jannah\/assets\/images\/flipboard.svg\" alt=\"Flipboard\" loading=\"lazy\" width=\"152\" height=\"30\"\/><br \/>\n\t\t\t\t\t<\/a><\/p>\n","protected":false},"excerpt":{"rendered":"Percorso confermato in larga parte, almeno per quel che riguarda i suoi tratti distintivi, per la Super 8&hellip;\n","protected":false},"author":3,"featured_media":114012,"comment_status":"","ping_status":"","sticky":false,"template":"","format":"standard","meta":{"footnotes":""},"categories":[1456],"tags":[1824,1825,1537,90,89,245,244,77014],"class_list":{"0":"post-114011","1":"post","2":"type-post","3":"status-publish","4":"format-standard","5":"has-post-thumbnail","7":"category-ciclismo","8":"tag-ciclismo","9":"tag-cycling","10":"tag-it","11":"tag-italia","12":"tag-italy","13":"tag-sport","14":"tag-sports","15":"tag-super-8-classic-2025"},"share_on_mastodon":{"url":"","error":""},"_links":{"self":[{"href":"https:\/\/www.europesays.com\/it\/wp-json\/wp\/v2\/posts\/114011","targetHints":{"allow":["GET"]}}],"collection":[{"href":"https:\/\/www.europesays.com\/it\/wp-json\/wp\/v2\/posts"}],"about":[{"href":"https:\/\/www.europesays.com\/it\/wp-json\/wp\/v2\/types\/post"}],"author":[{"embeddable":true,"href":"https:\/\/www.europesays.com\/it\/wp-json\/wp\/v2\/users\/3"}],"replies":[{"embeddable":true,"href":"https:\/\/www.europesays.com\/it\/wp-json\/wp\/v2\/comments?post=114011"}],"version-history":[{"count":0,"href":"https:\/\/www.europesays.com\/it\/wp-json\/wp\/v2\/posts\/114011\/revisions"}],"wp:featuredmedia":[{"embeddable":true,"href":"https:\/\/www.europesays.com\/it\/wp-json\/wp\/v2\/media\/114012"}],"wp:attachment":[{"href":"https:\/\/www.europesays.com\/it\/wp-json\/wp\/v2\/media?parent=114011"}],"wp:term":[{"taxonomy":"category","embeddable":true,"href":"https:\/\/www.europesays.com\/it\/wp-json\/wp\/v2\/categories?post=114011"},{"taxonomy":"post_tag","embeddable":true,"href":"https:\/\/www.europesays.com\/it\/wp-json\/wp\/v2\/tags?post=114011"}],"curies":[{"name":"wp","href":"https:\/\/api.w.org\/{rel}","templated":true}]}}