{"id":114025,"date":"2025-09-17T14:19:09","date_gmt":"2025-09-17T14:19:09","guid":{"rendered":"https:\/\/www.europesays.com\/it\/114025\/"},"modified":"2025-09-17T14:19:09","modified_gmt":"2025-09-17T14:19:09","slug":"grande-fratello-giglio-e-yulia-bruschi-verso-temptation-island-parla-la-coppia","status":"publish","type":"post","link":"https:\/\/www.europesays.com\/it\/114025\/","title":{"rendered":"Grande Fratello, Giglio e Yulia Bruschi verso Temptation Island? Parla la coppia!"},"content":{"rendered":"<p>I due concorrenti dell&#8217;ultima edizione del Grande Fratello, Yulia Bruschi e Giglio, ricordano la loro esperienza nella Casa e parlano della possibilit\u00e0 di partecipare a Temptation Island.<\/p>\n<p>Tra le <strong>coppie nate nella Casa durante l&#8217;ultima edizione del Grande Fratello<\/strong> c&#8217;\u00e8 anche quella formata da <strong>Giglio e Yulia Bruschi<\/strong>. Ospiti nella trasmissione radiofonica Non succeder\u00e0 pi\u00f9, i due ex gieffini hanno raccontato <strong>come procede la loro storia lontano dalle telecamere<\/strong> e parlato della <strong>possibilit\u00e0 di vederli nel cast di Temptation Island<\/strong>.<\/p>\n<p>Le confessioni di Giglio e Yulia sul Gf<\/p>\n<p>Manca sempre meno al <strong>nuovo Grande Fratello di Simona Ventura<\/strong>, che <strong>partir\u00e0 ufficialmente il prossimo luned\u00ec 29 settembre 2025 in prima serata su Canale 5<\/strong>. Nell&#8217;attesa, due concorrenti della passata edizione del reality show condotto da Alfonso Signorini hanno rilasciato un&#8217;intervista a Giada Di Miceli in cui hanno ricordato la loro esperienza televisiva. Stiamo parlando di <strong>Yulia Bruschi e Giglio<\/strong>, che si sono conosciuti e innamorati nella Casa pi\u00f9 spiata d&#8217;Italia.<\/p>\n<p>Ospiti nell&#8217;ultima puntata della trasmissione Non succeder\u00e0 pi\u00f9, Yulia e Giglio hanno raccontato che la loro <strong>storia d&#8217;amore a distanza<\/strong> procede a gonfie vele e che <strong>la convivenza nella Casa del Gf \u00e8 stata fondamentale per capire se fossero fatti l\u2019uno per l\u2019altra<\/strong>:<\/p>\n<p>Leggi anche&#13;<br \/>\n\t<a href=\"https:\/\/www.comingsoon.it\/vip\/news\/grande-fratello-svelato-il-primo-concorrente-ufficiale-della-nuova-edizione\/n208168\/\" class=\"trkLeggiAnche\" title=\"Simona Ventura presenta il primo concorrente della nuova edizione del Gf\" rel=\"nofollow noopener\" target=\"_blank\">Simona Ventura presenta il primo concorrente della nuova edizione del Gf<\/a><\/p>\n<blockquote><p>La conoscenza che si riesce a tenere all\u2019interno del Gf \u00e8 una conoscenza molto intima, quindi le basi sono molto solide, poi \u00e8 chiaro che giustamente quando si esce si \u00e8 un po\u2019 scombussolati perch\u00e9 si ritorna alla normalit\u00e0, e quindi un po\u2019 si \u00e8 presi dalla propria vita. C\u2019era un po\u2019 di ansia, un po\u2019 di preoccupazione perch\u00e9 giustamente \u00e8 sempre un po\u2019 cos\u00ec. Per\u00f2 diciamo che le ansie sono sparite tutte perch\u00e9 si \u00e8 confermata la persona conosciuta dentro, quindi sono molto molto contento di questo.<\/p><\/blockquote>\n<p>Yulia e Giglio dal Gf a Temptation Island?<\/p>\n<p>Dopo aver ricordato la loro esperienza nella Casa del <strong>Grande Fratello<\/strong> e raccontato come vanno le cose tra di loro lontano dalle telecamere, <strong>Yulia Bruschi e Giglio <\/strong>hanno parlato della possibilit\u00e0 di mettere a dura prova la loro storia d&#8217;amore nel villaggio delle tentazioni. A proposito di una loro <strong>partecipazione a Temptation Island<\/strong>, la giovane coppia sembra avere le idee molto chiare.<\/p>\n<p>&#8220;Mai, mai, esattamente mai! Mettermi in ridicolo davanti a tutta Italia, mettere in ridicolo la mia relazione davanti a tutta Italia perch\u00e9 comunque la tua storia viene strumentalizzata&#8221; ha affermato Giglio, che ha poi spiegato &#8220;I problemi di coppia quando diventano pubblici non sono pi\u00f9 problemi di coppia ma \u00e8 show&#8221;. Un pensiero condiviso a pieno dalla sua fidanzata, che ha commentato la sua passata partecipazione al <strong>docu-reality delle tentazioni di Canale 5<\/strong>:<\/p>\n<blockquote><p>Diciamo la verit\u00e0, io ho gi\u00e0 dato precedentemente quindi non ho bisogno di ritornare a Temptation Island. Come dice Luca, secondo me le proprie cose \u00e8 bene tenerle in intimo, e poi non \u00e8 un programma che rifarei in coppia. E\u2019 stata una bella esperienza al tempo, l\u2019ho fissata nel 2020 come tentatrice, \u00e8 stato un po\u2019 per gioco. Mand\u00f2 la candidatura la mia mamma insieme a delle mie amiche, mi presero e partii per questa esperienza.<\/p><\/blockquote>\n<p>Scopri le ultime news sul <a href=\"https:\/\/www.comingsoon.it\/tv\/grande-fratello\/2\/scheda\/\" target=\"_blank\" title=\"Grande Fratello\" rel=\"nofollow noopener\"><strong>Grande Fratello<\/strong><\/a>.<\/p>\n","protected":false},"excerpt":{"rendered":"I due concorrenti dell&#8217;ultima edizione del Grande Fratello, Yulia Bruschi e Giglio, ricordano la loro esperienza nella Casa&hellip;\n","protected":false},"author":3,"featured_media":114026,"comment_status":"","ping_status":"","sticky":false,"template":"","format":"standard","meta":{"footnotes":""},"categories":[1444],"tags":[203,204,1537,90,89,253],"class_list":{"0":"post-114025","1":"post","2":"type-post","3":"status-publish","4":"format-standard","5":"has-post-thumbnail","7":"category-tv","8":"tag-entertainment","9":"tag-intrattenimento","10":"tag-it","11":"tag-italia","12":"tag-italy","13":"tag-tv"},"share_on_mastodon":{"url":"","error":""},"_links":{"self":[{"href":"https:\/\/www.europesays.com\/it\/wp-json\/wp\/v2\/posts\/114025","targetHints":{"allow":["GET"]}}],"collection":[{"href":"https:\/\/www.europesays.com\/it\/wp-json\/wp\/v2\/posts"}],"about":[{"href":"https:\/\/www.europesays.com\/it\/wp-json\/wp\/v2\/types\/post"}],"author":[{"embeddable":true,"href":"https:\/\/www.europesays.com\/it\/wp-json\/wp\/v2\/users\/3"}],"replies":[{"embeddable":true,"href":"https:\/\/www.europesays.com\/it\/wp-json\/wp\/v2\/comments?post=114025"}],"version-history":[{"count":0,"href":"https:\/\/www.europesays.com\/it\/wp-json\/wp\/v2\/posts\/114025\/revisions"}],"wp:featuredmedia":[{"embeddable":true,"href":"https:\/\/www.europesays.com\/it\/wp-json\/wp\/v2\/media\/114026"}],"wp:attachment":[{"href":"https:\/\/www.europesays.com\/it\/wp-json\/wp\/v2\/media?parent=114025"}],"wp:term":[{"taxonomy":"category","embeddable":true,"href":"https:\/\/www.europesays.com\/it\/wp-json\/wp\/v2\/categories?post=114025"},{"taxonomy":"post_tag","embeddable":true,"href":"https:\/\/www.europesays.com\/it\/wp-json\/wp\/v2\/tags?post=114025"}],"curies":[{"name":"wp","href":"https:\/\/api.w.org\/{rel}","templated":true}]}}