{"id":114314,"date":"2025-09-17T17:15:11","date_gmt":"2025-09-17T17:15:11","guid":{"rendered":"https:\/\/www.europesays.com\/it\/114314\/"},"modified":"2025-09-17T17:15:11","modified_gmt":"2025-09-17T17:15:11","slug":"sanita-giuliano-ugl-il-governo-intervenga-rapidamente-sullabolizione-del-vincolo-di-esclusivita-migliaia-di-operatori-attendono-risposte-concrete-tu-news-24","status":"publish","type":"post","link":"https:\/\/www.europesays.com\/it\/114314\/","title":{"rendered":"Sanit\u00e0, Giuliano (UGL): \u201cIl Governo intervenga rapidamente sull&#8217;abolizione del vincolo di esclusivit\u00e0. Migliaia di operatori attendono risposte concrete\u201d &#8211; Tu News 24"},"content":{"rendered":"<p>&#8211; Pubblicit\u00e0 &#8211;  B1-HOMEPAGE-300&#215;250-TUNEWS24<\/p>\n<p>A meno di quattro mesi dalla<strong> scadenza della norma<\/strong> che ha temporaneamente abolito il <strong>vincolo di esclusivit\u00e0<\/strong> per<strong> i professionisti sanitari dipendenti del SSN \u2013 esclusi i medici \u2013 <\/strong>nessuna risposta,<strong> nessun provvedimento<\/strong>, nessun segnale. Solo <strong>un assordante silenzio istituzionale<\/strong> che sa di disinteresse e di abbandono nei confronti di <strong>un\u2019intera categoria di lavoratori gi\u00e0 provata da anni di sacrifici.<\/strong><\/p>\n<p>\u201cLa misura sperimentale che ha permesso agli operatori sanitari non medici di esercitare anche in libera professione ha rappresentato un timido, ma importante passo avanti. E adesso? Tutto tace. Il tempo passa, e chi deve decidere resta a guardare, condannando probabilmente migliaia di professionisti all\u2019ennesima beffa\u201d, dichiara <strong>Gianluca Giuliano, <\/strong>Segretario Nazionale della\u00a0UGL\u00a0Salute.<\/p>\n<p>La <strong>mancata abolizione<\/strong> del <strong>vincolo di esclusivit\u00e0 <\/strong>rischia di essere <strong>un errore politico grave. <\/strong>In un momento in cui il <strong>Servizio Sanitario Nazionale<\/strong> arranca e le<strong> professioni sanitarie<\/strong> stanno perdendo attrattivit\u00e0, bloccare la possibilit\u00e0 di lavorare anche nel privato equivale a spegnere ogni speranza di <strong>rilancio del settore.<\/strong><\/p>\n<p>\u201cLa possibilit\u00e0 di esercitare sia nel pubblico che nel privato non \u00e8 un privilegio: \u00e8 una leva fondamentale per valorizzare i professionisti, ridurre le liste d\u2019attesa e migliorare i servizi offerti ai cittadini. Continuare a ignorare questa esigenza significa non avere a cuore n\u00e9 i lavoratori n\u00e9 il diritto alla\u00a0salute\u00a0degli italiani\u201d, aggiunge <strong>Giuliano.<\/strong><\/p>\n<p>La\u00a0<strong>UGL\u00a0Salute<\/strong>\u00a0chiede al <strong>Governo<\/strong> un <strong>atto immediato di responsabilit\u00e0<\/strong>: la <strong>proroga <\/strong>deve essere approvata <strong>prima del 31 dicembre.<\/strong> Ma non basta: <strong>chiediamo che venga resa strutturale la misura per tutte le professioni sanitarie, nessuna esclusa.<\/strong><\/p>\n<p>\u201cNon accetteremo ulteriori rinvii, promesse al vento o inutili passerelle. Se le istituzioni non raccoglieranno il nostro appello siamo pronti a far sentire ancora pi\u00f9 forte la nostra voce affinch\u00e9 i diritti dei professionisti non vengano ancora una volta calpestati\u201d, conclude <strong>il Segretario Giuliano.<\/strong><\/p>\n","protected":false},"excerpt":{"rendered":"&#8211; Pubblicit\u00e0 &#8211; B1-HOMEPAGE-300&#215;250-TUNEWS24 A meno di quattro mesi dalla scadenza della norma che ha temporaneamente abolito il&hellip;\n","protected":false},"author":3,"featured_media":114315,"comment_status":"","ping_status":"","sticky":false,"template":"","format":"standard","meta":{"footnotes":""},"categories":[1481],"tags":[2065,2066,239,2063,2064,1537,90,89,240],"class_list":{"0":"post-114314","1":"post","2":"type-post","3":"status-publish","4":"format-standard","5":"has-post-thumbnail","7":"category-assistenza-sanitaria","8":"tag-assistenza-sanitaria","9":"tag-assistenzasanitaria","10":"tag-health","11":"tag-health-care","12":"tag-healthcare","13":"tag-it","14":"tag-italia","15":"tag-italy","16":"tag-salute"},"share_on_mastodon":{"url":"","error":""},"_links":{"self":[{"href":"https:\/\/www.europesays.com\/it\/wp-json\/wp\/v2\/posts\/114314","targetHints":{"allow":["GET"]}}],"collection":[{"href":"https:\/\/www.europesays.com\/it\/wp-json\/wp\/v2\/posts"}],"about":[{"href":"https:\/\/www.europesays.com\/it\/wp-json\/wp\/v2\/types\/post"}],"author":[{"embeddable":true,"href":"https:\/\/www.europesays.com\/it\/wp-json\/wp\/v2\/users\/3"}],"replies":[{"embeddable":true,"href":"https:\/\/www.europesays.com\/it\/wp-json\/wp\/v2\/comments?post=114314"}],"version-history":[{"count":0,"href":"https:\/\/www.europesays.com\/it\/wp-json\/wp\/v2\/posts\/114314\/revisions"}],"wp:featuredmedia":[{"embeddable":true,"href":"https:\/\/www.europesays.com\/it\/wp-json\/wp\/v2\/media\/114315"}],"wp:attachment":[{"href":"https:\/\/www.europesays.com\/it\/wp-json\/wp\/v2\/media?parent=114314"}],"wp:term":[{"taxonomy":"category","embeddable":true,"href":"https:\/\/www.europesays.com\/it\/wp-json\/wp\/v2\/categories?post=114314"},{"taxonomy":"post_tag","embeddable":true,"href":"https:\/\/www.europesays.com\/it\/wp-json\/wp\/v2\/tags?post=114314"}],"curies":[{"name":"wp","href":"https:\/\/api.w.org\/{rel}","templated":true}]}}