{"id":114373,"date":"2025-09-17T17:55:22","date_gmt":"2025-09-17T17:55:22","guid":{"rendered":"https:\/\/www.europesays.com\/it\/114373\/"},"modified":"2025-09-17T17:55:22","modified_gmt":"2025-09-17T17:55:22","slug":"libri-liberi-donatella-di-pietrantonio-e-lino-guanciale-alla-casa-circondariale-di-bari","status":"publish","type":"post","link":"https:\/\/www.europesays.com\/it\/114373\/","title":{"rendered":"&#8220;Libri Liberi&#8221;: Donatella Di Pietrantonio e Lino Guanciale alla casa Circondariale di Bari"},"content":{"rendered":"<p><img fetchpriority=\"high\" decoding=\"async\" width=\"950\" height=\"352\" src=\"https:\/\/www.europesays.com\/it\/wp-content\/uploads\/2025\/09\/Di-Pietrantonio-Guanciale-NEW.jpg\" alt=\"\" class=\"wp-image-20915\"\/><\/p>\n<p>Il <strong>19 settembre<\/strong> alle ore <strong>13.30<\/strong>, nella<strong> Casa Circondariale<\/strong> di <strong>Bari <\/strong>(Corso Alcide De Gasperi, 37), la scrittrice <strong>Donatella Di Pietrantonio<\/strong> e l\u2019attore\u00a0<strong>Lino Guanciale<\/strong> incontrano i detenuti nell\u2019ambito di\u00a0<strong><a href=\"https:\/\/cepell.it\/dal-6-marzo-al-21-dicembre-2025-libri-liberi-i-grandi-classici-raccontati-nelle-carceri-italiane\/\" rel=\"nofollow noopener\" target=\"_blank\">Libri Liberi<\/a><\/strong>, iniziativa promossa dalla\u00a0<strong>Fondazione De Sanctis<\/strong>\u00a0con il patrocinio del\u00a0<strong>Ministero della Giustizia<\/strong>\u00a0\u2013 Dipartimento dell\u2019Amministrazione Penitenziaria e Dipartimento per la giustizia minorile e di comunit\u00e0- e in collaborazione con il\u00a0<strong>Centro per il libro e la<\/strong>\u00a0<strong>lettura<\/strong>\u00a0del<strong>\u00a0Ministero della Cultura<\/strong>.<\/p>\n<p><strong>Donatella di Pietrantonio<\/strong> e <strong>Lino Guanciale<\/strong> danno voce e corpo al loro incontro da lettori con <strong>G\u00e9nie la matta<\/strong> di<strong> In\u00e8s Cagnati<\/strong>, la storia dell\u2019amore, lancinante e assoluto, di una figlia, Marie, nata da uno stupro, per la madre, Eug\u00e9nie detta G\u00e9nie, che, ripudiata dalla famiglia e respinta dalla comunit\u00e0 dopo che ha generato una bastarda, si \u00e8 murata nel silenzio e nella lontananza.<\/p>\n<p><strong>Donatella Di Pietrantonio<\/strong>, nata ad Arsita (Teramo) nel 1962, \u00e8 una\u00a0scrittrice italiana e dentista pediatrica, nota per i suoi romanzi ambientati in Abruzzo che esplorano temi di famiglia e radici, come L\u2019Arminuta (Premio Campiello 2017) e L\u2019et\u00e0 fragile (Premio Strega 2024).\u00a0Ha esordito con\u00a0Mia madre \u00e8 un fiume\u00a0(2011) e ha scritto anche la sceneggiatura del film\u00a0L\u2019Arminuta,\u00a0vincendo il David di Donatello.\u00a0<\/p>\n<p><strong>Lino Guanciale<\/strong> \u00e8 un\u00a0attore nato ad Avezzano il 21 maggio 1979, che si \u00e8 diplomato all\u2019Accademia d\u2019Arte Drammatica nel 2003 e ha poi lavorato in teatro e cinema con registi come Gigi Proietti e Luca Ronconi, prima di raggiungere la popolarit\u00e0 con ruoli in serie TV come La Dama Velata, L\u2019allieva, La Porta Rossa, e Il Commissario Ricciardi.\u00a0<\/p>\n<p>La rassegna proseguir\u00e0 fino al 21 dicembre<strong> <\/strong>2025 portando nelle carceri italiane i capolavori della letteratura sempre affrontati da uno scrittore o una scrittrice accompagnati da un attore o un\u2019attrice. La tappa successiva sar\u00e0 il 9 ottobre al Pagliarelli di Palermo, dove <strong>Giuseppe Culicchia <\/strong>e <strong>Giorgio Colangeli <\/strong>si confronteranno con <strong>I 49 racconti <\/strong>di <strong>Ernest Hemingway<\/strong>. <\/p>\n<p>L\u2019obiettivo di\u00a0<strong>Libri liberi\u00a0<\/strong>\u00e8 offrire ai detenuti la possibilit\u00e0 di immergersi in mondi letterari alternativi e di esplorare le profondit\u00e0 della condizione umana attraverso la lettura. Con il prezioso contributo di attori e scrittori di fama, gli incontri diventano esperienze uniche e irripetibili, in cui le storie prendono vita attraverso letture avvincenti e discussioni appassionate. Sar\u00e0 incoraggiato il dialogo e il confronto aperto per rendere i detenuti non solo spettatori ma anche protagonisti di questi straordinari incontri. La rassegna si inserisce cos\u00ec in un pi\u00f9 ampio contesto di promozione della cultura come strumento di riscatto e rinascita, offrendo una preziosa occasione di riscoperta del s\u00e9 e del proprio valore all\u2019interno della comunit\u00e0.<\/p>\n<p><strong>I protagonisti e le protagoniste<\/strong><\/p>\n<p>Elisa Fuksas con Elena Lietti, Daniele Mencarelli con Alessio Boni, Aurelio Picca con Sergio Rubini, Rosella Postorino con Francesco Montanari, Giulia Caminito con Claudia Gerini, Igiaba Scego con Anna Bonaiuto, Donatella Di Pietrantonio con Lino Guanciale, Giuseppe Culicchia con Giorgio Colangeli, Davide Rondoni con David Riondino, Antonio Franchini con Marianna Fontana.<\/p>\n<p><a href=\"https:\/\/cepell.it\/wp-content\/uploads\/2025\/02\/Locandina-Libri-Liberi-Def.jpg\" rel=\"nofollow noopener\" target=\"_blank\"><strong>Locandina programma completo \u201cLibri Liberi\u201d 2025<\/strong><\/a><\/p>\n<p><strong><a href=\"https:\/\/cepell.it\/wp-content\/uploads\/2025\/09\/WhatsApp-Image-2025-09-17-at-10.30.48.jpeg\" rel=\"nofollow noopener\" target=\"_blank\">Locandina 19 settembre Casa Circondariale Bari<\/a><\/strong><\/p>\n","protected":false},"excerpt":{"rendered":"Il 19 settembre alle ore 13.30, nella Casa Circondariale di Bari (Corso Alcide De Gasperi, 37), la scrittrice&hellip;\n","protected":false},"author":3,"featured_media":114374,"comment_status":"","ping_status":"","sticky":false,"template":"","format":"standard","meta":{"footnotes":""},"categories":[1445],"tags":[1608,203,204,1537,90,89,1609],"class_list":{"0":"post-114373","1":"post","2":"type-post","3":"status-publish","4":"format-standard","5":"has-post-thumbnail","7":"category-libri","8":"tag-books","9":"tag-entertainment","10":"tag-intrattenimento","11":"tag-it","12":"tag-italia","13":"tag-italy","14":"tag-libri"},"share_on_mastodon":{"url":"","error":""},"_links":{"self":[{"href":"https:\/\/www.europesays.com\/it\/wp-json\/wp\/v2\/posts\/114373","targetHints":{"allow":["GET"]}}],"collection":[{"href":"https:\/\/www.europesays.com\/it\/wp-json\/wp\/v2\/posts"}],"about":[{"href":"https:\/\/www.europesays.com\/it\/wp-json\/wp\/v2\/types\/post"}],"author":[{"embeddable":true,"href":"https:\/\/www.europesays.com\/it\/wp-json\/wp\/v2\/users\/3"}],"replies":[{"embeddable":true,"href":"https:\/\/www.europesays.com\/it\/wp-json\/wp\/v2\/comments?post=114373"}],"version-history":[{"count":0,"href":"https:\/\/www.europesays.com\/it\/wp-json\/wp\/v2\/posts\/114373\/revisions"}],"wp:featuredmedia":[{"embeddable":true,"href":"https:\/\/www.europesays.com\/it\/wp-json\/wp\/v2\/media\/114374"}],"wp:attachment":[{"href":"https:\/\/www.europesays.com\/it\/wp-json\/wp\/v2\/media?parent=114373"}],"wp:term":[{"taxonomy":"category","embeddable":true,"href":"https:\/\/www.europesays.com\/it\/wp-json\/wp\/v2\/categories?post=114373"},{"taxonomy":"post_tag","embeddable":true,"href":"https:\/\/www.europesays.com\/it\/wp-json\/wp\/v2\/tags?post=114373"}],"curies":[{"name":"wp","href":"https:\/\/api.w.org\/{rel}","templated":true}]}}