{"id":114821,"date":"2025-09-17T23:16:09","date_gmt":"2025-09-17T23:16:09","guid":{"rendered":"https:\/\/www.europesays.com\/it\/114821\/"},"modified":"2025-09-17T23:16:09","modified_gmt":"2025-09-17T23:16:09","slug":"ajax-inter-0-2-doppietta-di-thuram","status":"publish","type":"post","link":"https:\/\/www.europesays.com\/it\/114821\/","title":{"rendered":"Ajax-Inter 0-2 doppietta di Thuram"},"content":{"rendered":"<p>                                Al debutto europeo sulla panchina nerazzurra, il nuovo tecnico pu\u00f2 subito sorridere grazie al suo bomber: un gol per tempo e olandesi al tappeto<\/p>\n<p>\n                                                    Dal nostro inviato Francesco Pietrella\n                            <\/p>\n<p>                    17 settembre 2025 (modifica il 18 settembre 2025 | 00:11)  &#8211; AMSTERDAM<\/p>\n<p class=\"paragraph\" spellcheck=\"true\">Nella citt\u00e0 di Rembrandt vale la pena rivisitare un suo quadro e infilarci dentro il ragazzo col numero nove: \u201cLezioni di colpi di testa del Dottor Thuram\u201d. Il francese stende 2-0 l\u2019Ajax con due incornate da centravanti e se la ride, stavolta di gusto, fiero e sincero, mentre accanto a lui c\u2019\u00e8 chi lo osserva con fare curioso, come i chirurghi che assistono alla \u201cLezione di anatomia del dottor Tulp\u201d. Uno dei dipinti pi\u00f9 famosi del pittore olandese cresciuto lungo i canali. L\u2019Inter rifila due schiaffi che valgono triplo: stende l\u2019Ajax, lontano parente dello squadrone in cui Chivu si divertiva da capitano, scaccia via la crisi e brinda finalmente il fortino. Dopo i quattro gol incassati all\u2019Allianz con la Juve, un clean sheet era ci\u00f2 che serviva.<\/p>\n<p>    thuram show\u2014 \u00a0<\/p>\n<p class=\"paragraph is-inline\" spellcheck=\"true\">Amsterdam sa di stroopwafel, i dolci tipici del posto, e grandi rivincite in tutte le lingue. La prima \u00e8 di Sommer, che nel primo tempo ha salvato il risultato sullo 0-0. Il tutto dopo una settimana da incubo dopo i due errori con la Juve. Lo svizzero ha neutralizzato Godts nell\u2019unico momento in cui la difesa nerazzurra ha vacillato: lancio di Edvardsen dalle retrovie &#8211; da vedere e rivedere -, controllo del belga e parata di Yann. La seconda \u00e8 tutta di Thuram, beccato dai tifosi per via di quella risata dopo il gol segnato da Adzic all\u2019ultimo secondo. Stavolta ha esultato, ha sorriso e magari avr\u00e0 ripensato anche a suo padre: nel 2004, con la Juventus, Lilian gioc\u00f2 alla Johan Cruijff Arena contro Heitinga, oggi allenatore di un Ajax che vive di folate, affidato a sporadici solisti quest\u2019oggi piuttosto spenti (Godts, Weghorst, Klaassen). Marcus ha liquidato la pratica con due azioni simili tra il 42\u2019 e il 47\u2019: due colpi di testa sugli sviluppi di un angolo, due assist di Calhanoglu e due errori in marcatura di Klaassen, ex di turno, reo di essersi perso due volte il francese. L\u2019anno scorso Thuram ha segnato tre reti di testa. Ora \u00e8 gi\u00e0 a quattro. Il tutto dopo aver conquistato anche un rigore &#8211; trattenuta evidente di Baas nel primo tempo -, ma il Var gliel\u2019ha tolto perch\u00e9 in realt\u00e0 \u00e8 stato lui a tirare la maglia del centrale all\u2019inizio dell\u2019azione (34\u2019).<\/p>\n<p>    bravo pio\u2014 \u00a0<\/p>\n<p class=\"paragraph is-inline\" spellcheck=\"true\">L&#8217;ultima rivincita \u00e8 di Chivu, bravo a non stravolgere l&#8217;assetto europeo: dentro solo Ajanki, uno che sembra giocare all&#8217;Inter da tre anni, e il vetenne Pio, schierato dal 1&#8242; per l&#8217;infortunio di Lautaro. Per il resto, Cristian ha confermato il blocco arrivato in finale l&#8217;anno scorso. E ha pagato. Si pu\u00f2 dire che l\u2019Inter ha vinto con la testa. Il primo ad alzarla \u00e8 stato Esposito. Il pi\u00f9 giovane titolare dai tempi di Santon e Balotelli, schierati da Mourinho a 18 anni nel 2008-09. Il ragazzo del rione Cicerone ha tenuto alta la guardia contro i centrali olandesi, soprattutto con Itakura, difendendo con le unghie e coi denti palloni sporchi. Alla mezz\u2019ora ha smistato una bella palla sui venti metri e poi ha servito Thuram. Il duetto ha funzionato.<\/p>\n<p><a class=\"is-partner-link\" href=\"https:\/\/fantacampionato.gazzetta.it\/home\/?cmpid=PWPS_fantacampionato_cta25%20\" rel=\"nofollow noopener\" target=\"_blank\">Fantacampionato, ci siamo! La classifica generale parte alla 6\u00aa giornata &#8211; sei ancora in tempo per vincere auto, moto, e-bike e molto altro. Gioca ora!<\/a><\/p>\n<p>    sommer ok\u2014 \u00a0<\/p>\n<p class=\"paragraph is-inline\" spellcheck=\"true\">Bene anche Dumfries, soprattutto in fase difensiva. Per lui un paio di diagonali niente male: ha vinto il duello con Wijndal, assaltatore con licenza di puntare e rompere la linea. Oggi non l\u2019ha mai fatto. L\u2019Inter ha sofferto poco, ha blindato la difesa dopo i quattro schiaffi dell\u2019Allianz e gli altri due contro l\u2019Udinese. Ha gestito il vantaggio rischiando un paio di volte, ma Sommer &#8211; in difficolt\u00e0 solo su un colpo di testa di Dolberg nel finale &#8211; ha rispolverato le regole gi\u00e0 dettate da Chivu: i \u201csassi\u201d possono restare nelle tasche. Cos\u00ec come i ricordi. Heitinga e Cristian, campioni d&#8217;Olanda insieme nel 2002, si sono sfidati in Champions per la prima volta. Il destino \u00e8 cos\u00ec. Al resto, infine, ha pensato il Dottor Thuram. Il ragazzo del quadro.<\/p>\n<p class=\"is-copyright\">\u00a9 RIPRODUZIONE RISERVATA<\/p>\n","protected":false},"excerpt":{"rendered":"Al debutto europeo sulla panchina nerazzurra, il nuovo tecnico pu\u00f2 subito sorridere grazie al suo bomber: un gol&hellip;\n","protected":false},"author":3,"featured_media":114822,"comment_status":"","ping_status":"","sticky":false,"template":"","format":"standard","meta":{"footnotes":""},"categories":[1452],"tags":[5781,79511,79512,54487,79513,79514,7831,38821,721,2839,2023,79506,16840,767,24427,79507,5362,3889,1426,1740,3368,79402,1976,79422,350,1537,90,89,565,79427,24737,79508,2982,7173,14642,5402,11318,14855,22850,1739,33586,337,245,244,12354,79509,79510,1928,33591,2200],"class_list":{"0":"post-114821","1":"post","2":"type-post","3":"status-publish","4":"format-standard","5":"has-post-thumbnail","7":"category-calcio","8":"tag-accanto","9":"tag-accanto-osserva","10":"tag-accanto-osserva-curioso","11":"tag-adzic","12":"tag-adzic-stavolta","13":"tag-adzic-stavolta-esultato","14":"tag-ajax","15":"tag-allianz","16":"tag-calcio","17":"tag-chivu","18":"tag-colpi","19":"tag-colpi-testa","20":"tag-cristian","21":"tag-difesa","22":"tag-dottor","23":"tag-dottor-thuram","24":"tag-errori","25":"tag-europeo","26":"tag-finale","27":"tag-football","28":"tag-francese","29":"tag-godts","30":"tag-gol","31":"tag-heitinga","32":"tag-inter","33":"tag-it","34":"tag-italia","35":"tag-italy","36":"tag-juve","37":"tag-klaassen","38":"tag-nerazzurra","39":"tag-olandesi","40":"tag-paio","41":"tag-pio","42":"tag-quadro","43":"tag-ragazzo","44":"tag-resto","45":"tag-schiaffi","46":"tag-segnato","47":"tag-soccer","48":"tag-sommer","49":"tag-soprattutto","50":"tag-sport","51":"tag-sports","52":"tag-stavolta","53":"tag-stende","54":"tag-stende-ajax","55":"tag-testa","56":"tag-thuram","57":"tag-vinto"},"share_on_mastodon":{"url":"","error":""},"_links":{"self":[{"href":"https:\/\/www.europesays.com\/it\/wp-json\/wp\/v2\/posts\/114821","targetHints":{"allow":["GET"]}}],"collection":[{"href":"https:\/\/www.europesays.com\/it\/wp-json\/wp\/v2\/posts"}],"about":[{"href":"https:\/\/www.europesays.com\/it\/wp-json\/wp\/v2\/types\/post"}],"author":[{"embeddable":true,"href":"https:\/\/www.europesays.com\/it\/wp-json\/wp\/v2\/users\/3"}],"replies":[{"embeddable":true,"href":"https:\/\/www.europesays.com\/it\/wp-json\/wp\/v2\/comments?post=114821"}],"version-history":[{"count":0,"href":"https:\/\/www.europesays.com\/it\/wp-json\/wp\/v2\/posts\/114821\/revisions"}],"wp:featuredmedia":[{"embeddable":true,"href":"https:\/\/www.europesays.com\/it\/wp-json\/wp\/v2\/media\/114822"}],"wp:attachment":[{"href":"https:\/\/www.europesays.com\/it\/wp-json\/wp\/v2\/media?parent=114821"}],"wp:term":[{"taxonomy":"category","embeddable":true,"href":"https:\/\/www.europesays.com\/it\/wp-json\/wp\/v2\/categories?post=114821"},{"taxonomy":"post_tag","embeddable":true,"href":"https:\/\/www.europesays.com\/it\/wp-json\/wp\/v2\/tags?post=114821"}],"curies":[{"name":"wp","href":"https:\/\/api.w.org\/{rel}","templated":true}]}}