{"id":115325,"date":"2025-09-18T06:11:13","date_gmt":"2025-09-18T06:11:13","guid":{"rendered":"https:\/\/www.europesays.com\/it\/115325\/"},"modified":"2025-09-18T06:11:13","modified_gmt":"2025-09-18T06:11:13","slug":"meta-ray-ban-display-ufficiali-gli-occhiali-smart-con-schermo-e-braccialetto-prezzo-e-dettagli-di-orion","status":"publish","type":"post","link":"https:\/\/www.europesays.com\/it\/115325\/","title":{"rendered":"Meta Ray-Ban Display, ufficiali gli occhiali smart con schermo e braccialetto: prezzo e dettagli di Orion"},"content":{"rendered":"<p class=\"subtitle mb-3\">Meta ha presentato i Meta Ray-Ban Display, occhiali intelligenti con display nella lente e bracciale a comandi gestuali: ecco prezzo (in dollari) e specifiche ufficiali.<\/p>\n<p>    <img decoding=\"async\" src=\"https:\/\/www.europesays.com\/it\/wp-content\/uploads\/2025\/09\/meta-ray-ban-display_jpg_1600x900_crop_q85.jpg\"  class=\"embed-responsive-item\" alt=\"Meta Ray-Ban Display\" fetchpriority=\"high\"\/><\/p>\n<p>Sul palco del Meta Connect 2025, <strong>Mark Zuckerberg ha presentato i Meta Ray-Ban Display<\/strong>, la nuova generazione di occhiali intelligenti con schermo integrato. Si tratta di un prodotto che segna un passo ulteriore nella strategia di Meta, volto a proporre un&#8217;alternativa concreta all&#8217;uso tradizionale dello smartphone.\n<\/p>\n<p>Ecco tutti i dettagli di quello che era noto come progetto Orion.<\/p>\n<p>  Le caratteristiche dei Meta Ray-Ban Display<\/p>\n<p>Gli occhiali Meta Ray-Ban Display hanno come elemento pi\u00f9 innovativo \u00e8 la presenza di un piccolo display nella lente destra, che amplia sensibilmente le possibilit\u00e0 di utilizzo: dalle app social come Instagram, WhatsApp e Facebook, fino a funzioni di navigazione e traduzione in tempo reale. Gli occhiali conservano anche le componenti essenziali dei Ray-Ban Meta &#8220;classici&#8221;, tra cui assistente IA, fotocamere, speaker e microfoni. Tra l&#8217;altro, Meta ha presentato anche <a href=\"https:\/\/multiplayer.it\/notizie\/meta-ray-ban-gen-2-ufficiali-nuovi-occhiali-smart-piu-batteria-video-3k.html\" title=\"Ray-Ban Meta Gen 2 ufficiali: ecco i nuovi occhiali smart con pi\u00f9 batteria, video 3K e prezzo pi\u00f9 alto\" rel=\"nofollow noopener\" target=\"_blank\">i Ray-Ban Meta Gen 2 con pi\u00f9 batteria e prezzo pi\u00f9 alto<\/a> nel corso dello stesso evento.<\/p>\n<p>    <img decoding=\"async\" alt=\"Meta Neural Band\" class=\"lazyload embed-responsive-item\" data-caption=\"Meta Neural Band\" data-gallery-src=\"https:\/\/multiplayer.net-cdn.it\/thumbs\/images\/2025\/09\/18\/meta-rayban-display-bracciale_jpg_1400x0_q85.jpg\" src=\"https:\/\/www.europesays.com\/it\/wp-content\/uploads\/2025\/09\/meta-rayban-display-bracciale_jpg_800x0_crop_upscale_q85.jpg\" title=\"Meta Neural Band\"\/><\/p>\n<p>  Meta Neural Band<\/p>\n<p>\n<strong>Il Meta Neural Band costituisce un punto chiave<\/strong> dei nuovi occhiali. Si tratta di un bracciale simile a un fitness tracker, ma privo di schermo, che utilizza segnali muscolari registrati tramite elettromiografia. In questo modo \u00e8 possibile eseguire comandi con semplici movimenti della mano, senza ricorrere a schermi o controller fisici. Meta dichiara per il dispositivo un&#8217;autonomia di 18 ore e una resistenza all&#8217;acqua, caratteristiche che lo rendono adatto a un uso quotidiano.<\/p>\n<p>\t\t<a class=\"font-weight-bold\" href=\"https:\/\/multiplayer.it\/recensioni\/oppo-reno-14-recensione-smartphone-medio-gamma-android.html\" title=\"Oppo Reno 14, la recensione del nuovo smartphone medio gamma Android che procede per piccoli passi\" rel=\"nofollow noopener\" target=\"_blank\"><br \/>\n      Oppo Reno 14, la recensione del nuovo smartphone medio gamma Android che procede per piccoli passi<\/p>\n<p>        <img decoding=\"async\" alt=\"Oppo Reno 14, la recensione del nuovo smartphone medio gamma Android che procede per piccoli passi\" class=\"lazyload\" src=\"https:\/\/www.europesays.com\/it\/wp-content\/uploads\/2025\/09\/oppo-reno-14_jpg_200x150_crop_q85.jpg\"\/><\/p>\n<p>    <\/a><\/p>\n<p>La scelta di puntare su un&#8217;interfaccia basata sui gesti non \u00e8 casuale. Meta sta cercando di proporre un modello d&#8217;interazione diverso da quello dominato da Google e Apple, che ancora concentrano gran parte delle loro strategie su smartphone e sistemi operativi mobili. Con i Ray-Ban Meta Display, l&#8217;obiettivo \u00e8 offrire un&#8217;esperienza indipendente, basata su hardware di propriet\u00e0.\n<\/p>\n<p>Gli occhiali Meta Ray-Ban Display sono sviluppati in collaborazione con EssilorLuxottica e saranno disponibili dal 30 settembre a un prezzo di 799 dollari negli Stati Uniti. Non sono ancora noti prezzi e data di uscita in Italia. Nonostante la novit\u00e0, per\u00f2, i Meta Ray-Ban Display restano distanti dal progetto pi\u00f9 ambizioso mostrato nel 2024 con Orion. In quell&#8217;occasione Meta aveva presentato occhiali con lenti a realt\u00e0 aumentata e tracciamento oculare, funzioni che al momento non sono presenti nella nuova versione.<\/p>\n","protected":false},"excerpt":{"rendered":"Meta ha presentato i Meta Ray-Ban Display, occhiali intelligenti con display nella lente e bracciale a comandi gestuali:&hellip;\n","protected":false},"author":3,"featured_media":115326,"comment_status":"","ping_status":"","sticky":false,"template":"","format":"standard","meta":{"footnotes":""},"categories":[173],"tags":[1537,90,89,195,198,199,197,200,201,194,196],"class_list":{"0":"post-115325","1":"post","2":"type-post","3":"status-publish","4":"format-standard","5":"has-post-thumbnail","7":"category-scienza-e-tecnologia","8":"tag-it","9":"tag-italia","10":"tag-italy","11":"tag-science","12":"tag-science-and-technology","13":"tag-scienceandtechnology","14":"tag-scienza","15":"tag-scienza-e-tecnologia","16":"tag-scienzaetecnologia","17":"tag-technology","18":"tag-tecnologia"},"share_on_mastodon":{"url":"","error":""},"_links":{"self":[{"href":"https:\/\/www.europesays.com\/it\/wp-json\/wp\/v2\/posts\/115325","targetHints":{"allow":["GET"]}}],"collection":[{"href":"https:\/\/www.europesays.com\/it\/wp-json\/wp\/v2\/posts"}],"about":[{"href":"https:\/\/www.europesays.com\/it\/wp-json\/wp\/v2\/types\/post"}],"author":[{"embeddable":true,"href":"https:\/\/www.europesays.com\/it\/wp-json\/wp\/v2\/users\/3"}],"replies":[{"embeddable":true,"href":"https:\/\/www.europesays.com\/it\/wp-json\/wp\/v2\/comments?post=115325"}],"version-history":[{"count":0,"href":"https:\/\/www.europesays.com\/it\/wp-json\/wp\/v2\/posts\/115325\/revisions"}],"wp:featuredmedia":[{"embeddable":true,"href":"https:\/\/www.europesays.com\/it\/wp-json\/wp\/v2\/media\/115326"}],"wp:attachment":[{"href":"https:\/\/www.europesays.com\/it\/wp-json\/wp\/v2\/media?parent=115325"}],"wp:term":[{"taxonomy":"category","embeddable":true,"href":"https:\/\/www.europesays.com\/it\/wp-json\/wp\/v2\/categories?post=115325"},{"taxonomy":"post_tag","embeddable":true,"href":"https:\/\/www.europesays.com\/it\/wp-json\/wp\/v2\/tags?post=115325"}],"curies":[{"name":"wp","href":"https:\/\/api.w.org\/{rel}","templated":true}]}}