{"id":115426,"date":"2025-09-18T07:22:10","date_gmt":"2025-09-18T07:22:10","guid":{"rendered":"https:\/\/www.europesays.com\/it\/115426\/"},"modified":"2025-09-18T07:22:10","modified_gmt":"2025-09-18T07:22:10","slug":"luis-enrique-un-tempo-in-tribuna-e-uno-in-panchina","status":"publish","type":"post","link":"https:\/\/www.europesays.com\/it\/115426\/","title":{"rendered":"Luis Enrique, un tempo in tribuna e uno in panchina: &#8220;"},"content":{"rendered":"<p>Il\u00a0Psg\u00a0parte alla grande in\u00a0Champions League con una vittoria per\u00a04-0 sull\u2019Atalanta. Luis Enrique, che ha scelto di vedere il primo tempo dalla tribuna per poi tornare in panchina nel corso della ripresa, ha commentato cos\u00ec il dominio dei suoi giocatori al Parco dei Principi: &#8220;Credo che sia un inizio molto buono e che rifletta in parte la nostra idea di gioco contro un&#8217;ottima Atalanta, che \u00e8 una squadra forte fisicamente e buona a livello tecnico, che ti pressa, che ti infastidisce. Per\u00f2 penso che stiamo molto bene e che abbiamo meritato questa vittoria.\u00a0Certo \u00e8 che il nostro calendario \u00e8 un cammino pieno di alti e bassi, con tante sfide, con tanti ostacoli. Per\u00f2 \u00e8 vero che se torniamo indietro di un anno, la nostra partita contro il Girona era finita 0-0 al 92&#8242;, penso che oggi siamo stati molto superiori. Tutti sappiamo dell&#8217;importanza di stare bene e la vittoria si \u00e8 vista&#8221;.<\/p>\n","protected":false},"excerpt":{"rendered":"Il\u00a0Psg\u00a0parte alla grande in\u00a0Champions League con una vittoria per\u00a04-0 sull\u2019Atalanta. Luis Enrique, che ha scelto di vedere il&hellip;\n","protected":false},"author":3,"featured_media":115427,"comment_status":"","ping_status":"","sticky":false,"template":"","format":"standard","meta":{"footnotes":""},"categories":[1452],"tags":[721,1740,1537,90,89,1739,245,244],"class_list":{"0":"post-115426","1":"post","2":"type-post","3":"status-publish","4":"format-standard","5":"has-post-thumbnail","7":"category-calcio","8":"tag-calcio","9":"tag-football","10":"tag-it","11":"tag-italia","12":"tag-italy","13":"tag-soccer","14":"tag-sport","15":"tag-sports"},"share_on_mastodon":{"url":"","error":""},"_links":{"self":[{"href":"https:\/\/www.europesays.com\/it\/wp-json\/wp\/v2\/posts\/115426","targetHints":{"allow":["GET"]}}],"collection":[{"href":"https:\/\/www.europesays.com\/it\/wp-json\/wp\/v2\/posts"}],"about":[{"href":"https:\/\/www.europesays.com\/it\/wp-json\/wp\/v2\/types\/post"}],"author":[{"embeddable":true,"href":"https:\/\/www.europesays.com\/it\/wp-json\/wp\/v2\/users\/3"}],"replies":[{"embeddable":true,"href":"https:\/\/www.europesays.com\/it\/wp-json\/wp\/v2\/comments?post=115426"}],"version-history":[{"count":0,"href":"https:\/\/www.europesays.com\/it\/wp-json\/wp\/v2\/posts\/115426\/revisions"}],"wp:featuredmedia":[{"embeddable":true,"href":"https:\/\/www.europesays.com\/it\/wp-json\/wp\/v2\/media\/115427"}],"wp:attachment":[{"href":"https:\/\/www.europesays.com\/it\/wp-json\/wp\/v2\/media?parent=115426"}],"wp:term":[{"taxonomy":"category","embeddable":true,"href":"https:\/\/www.europesays.com\/it\/wp-json\/wp\/v2\/categories?post=115426"},{"taxonomy":"post_tag","embeddable":true,"href":"https:\/\/www.europesays.com\/it\/wp-json\/wp\/v2\/tags?post=115426"}],"curies":[{"name":"wp","href":"https:\/\/api.w.org\/{rel}","templated":true}]}}