{"id":115712,"date":"2025-09-18T10:28:16","date_gmt":"2025-09-18T10:28:16","guid":{"rendered":"https:\/\/www.europesays.com\/it\/115712\/"},"modified":"2025-09-18T10:28:16","modified_gmt":"2025-09-18T10:28:16","slug":"il-ritorno-di-pogacar-in-canada-sorrisi-e-fame-lanalisi-di-moser","status":"publish","type":"post","link":"https:\/\/www.europesays.com\/it\/115712\/","title":{"rendered":"Il ritorno di Pogacar in Canada: sorrisi e fame. L\u2019analisi di Moser"},"content":{"rendered":"<p class=\"\">Lo smartphone sul tavolo del ristorante, la pizza in arrivo, la compagna di fronte (immaginiamo la sua espressione) e il <a href=\"https:\/\/gpcqm.ca\/\" target=\"_blank\" rel=\"noreferrer noopener nofollow\">GP Cyclistique de Montr\u00e9al<\/a> da seguire\u2026 anche se non doveva commentarlo. Ebbene s\u00ec, <a href=\"https:\/\/bici.pro\/news\/professionisti\/davvero-stato-tour-brutto-dibattito-moser\/\" target=\"_blank\" rel=\"noreferrer noopener nofollow\">Moreno Moser<\/a> \u00e8 riuscito in tutto ci\u00f2! Ma noi siamo contenti: primo perch\u00e9 questa \u00e8 passione pura, secondo perch\u00e9 Moser \u00e8 riuscito a vedere la corsa di <a href=\"https:\/\/bici.pro\/news\/professionisti\/pogacar-show-giro-2025-due-su-due\/\" target=\"_blank\" rel=\"noreferrer noopener nofollow\">Tadej Pogacar<\/a>.<\/p>\n<p class=\"\">Con il suo occhio tecnico parliamo appunto del rientro del campione del mondo. Un rientro tanto atteso dopo il <a href=\"https:\/\/www.letour.fr\/\" target=\"_blank\" rel=\"noreferrer noopener nofollow\">Tour de France<\/a>. <strong>L\u2019asso del <a href=\"https:\/\/www.uaeteamemirates.com\/\" target=\"_blank\" rel=\"noreferrer noopener nofollow\">UAE Team Emirates<\/a> non gareggiava da 47 giorni.<\/strong><br \/>Come \u00e8 andata dunque la due giorni canadese di Pogacar? Che cosa ci hanno detto Quebec e Montreal?<\/p>\n<p><img loading=\"lazy\" decoding=\"async\" width=\"1009\" height=\"500\" src=\"data:image\/svg+xml,%3Csvg%20xmlns=\" http:=\"\" alt=\"\" class=\"wp-image-427019\" data-lazy- data-lazy- data-lazy-src=\"https:\/\/www.europesays.com\/it\/wp-content\/uploads\/2025\/07\/img_dkBrutto2.jpg\"\/>Moreno Moser (a sinistra) con Luca Gregorio ai microfoni di Eurosport (immagini tv)<\/p>\n<p><img loading=\"lazy\" decoding=\"async\" width=\"559\" height=\"745\" src=\"data:image\/svg+xml,%3Csvg%20xmlns=\" http:=\"\" alt=\"\" class=\"wp-image-427020\" data-lazy- data-lazy- data-lazy-src=\"https:\/\/www.europesays.com\/it\/wp-content\/uploads\/2025\/07\/img_mbBrutto2.jpg\"\/>Moreno Moser (a sinistra) con Luca Gregorio ai microfoni di Eurosport (immagini tv)<\/p>\n<p>Moreno, che ti \u00e8 parso questo ritorno di Tadej nelle due corse canadesi?<\/p>\n<p class=\"\">Mi \u00e8 parso alieno, come sempre. <strong>L\u2019ho visto fare lo stesso percorso dell\u2019anno scorso<\/strong>. Nel senso che anche l\u2019anno scorso a Qu\u00e9bec ha fatto un po\u2019 fatica, ha attaccato s\u00ec, ma non era superiore. Quest\u2019anno \u00e8 uguale: che sia per una questione di fuso orario, che magari alla prima corsa arrivi un po\u2019 scombussolato, che di gambe forse non rodate.<\/p>\n<p>Lui ha ai detto di essere era stato male durante la settimana\u2026<\/p>\n<p class=\"\">Esatto, la settimana \u00e8 stato male. E questa \u00e8 la dimostrazione, <strong>anche all\u201980 per cento Tadej \u00e8 un fenomeno. <\/strong>A Qu\u00e9bec \u00e8 andato cos\u00ec cos\u00ec, e comunque ci ha provato, per\u00f2 ha fatto la gamba. E 48 ore dopo a Montr\u00e9al gi\u00e0 volava. Quindi secondo me \u00e8 lo stesso identico percorso dell\u2019anno scorso.<\/p>\n<p>Avevamo lasciato un Pogacar un po\u2019 <a href=\"https:\/\/bici.pro\/training\/salute\/mente-pogacar-stress-emozioni-voglia-fermarsi\/\" target=\"_blank\" rel=\"noreferrer noopener nofollow\">meno sorridente del solito<\/a>, come ti \u00e8 parso?<\/p>\n<p class=\"\">Probabilmente aveva proprio bisogno di scaricare, di ricaricare le batterie, di cambiare aria. Lo stress portato da un sacco di fattori al Tour de France l\u2019aveva un po\u2019 spento. Secondo me ha inciso anche lo stress dei fischi. <strong>Fischi che non si sarebbe mai aspettato, per il fatto di andare troppo forte, i dubbi sulle sue performance\u2026 quella cosa l\u00ec gli ha fatto male.<\/strong> Per\u00f2 ha ricaricato le batterie ed \u00e8 tornato anche a divertirsi. A Montr\u00e9al mi \u00e8 sembrato un corridore che aveva voglia di divertirsi, non solo di vincere. Per vincere avrebbe potuto aspettare l\u2019ultimo giro e andare via. Invece aveva voglia di disintegrare tutti, anzi secondo me<strong> voleva proprio smorzare le voci disintegrando la corsa<\/strong>, anche per come l\u2019hanno impostata come squadra.<\/p>\n<p><img loading=\"lazy\" decoding=\"async\" width=\"1009\" height=\"500\" src=\"data:image\/svg+xml,%3Csvg%20xmlns=\" http:=\"\" alt=\"\" class=\"wp-image-434135\" data-lazy- data-lazy- data-lazy-src=\"https:\/\/www.europesays.com\/it\/wp-content\/uploads\/2025\/09\/img_dkPoMo2.jpg\"\/>Pogacar \u00e8 tornato in gara dopo 47 giorni e si \u00e8 subito mostrato in grande spolvero<\/p>\n<p><img loading=\"lazy\" decoding=\"async\" width=\"559\" height=\"745\" src=\"data:image\/svg+xml,%3Csvg%20xmlns=\" http:=\"\" alt=\"\" class=\"wp-image-434134\" data-lazy- data-lazy- data-lazy-src=\"https:\/\/www.europesays.com\/it\/wp-content\/uploads\/2025\/09\/img_mbPoMo2.jpg\"\/>Pogacar \u00e8 tornato in gara dopo 47 giorni e si \u00e8 subito mostrato in grande spolvero<\/p>\n<p>Cosa ne pensi del gesto nei confronti del compagno di squadra McNulty?<\/p>\n<p class=\"\">Bellissimo. <strong>Giustissimo che l\u2019abbia aspettato e che l\u2019abbia lasciato vincere. <\/strong>Personalmente non sono per il pensiero per cui non si possano lasciare vincere le corse ai compagni in queste situazioni. Soprattutto uno come Tadej pu\u00f2 permetterselo. <strong>Ha vinto e stravinto ogni cosa, quasi fino al punto di stufare, quindi pu\u00f2 benissimo permettersi di far vincere una corsa a un compagno.<\/strong> Tra l\u2019altro Montreal \u00e8 una corsa che aveva gi\u00e0 vinto due volte. Dal momento che vuole fare la collezione del palmar\u00e8s, i doppioni non gli servono! Quindi quel gesto non mi ha stupito affatto. Mi avrebbe stupito il contrario. Stavo guardando la corsa con la mia ragazza, Valeria, e le ho detto: \u201cSe non lo lascia vincere, butto via il telefono!\u201d.<\/p>\n<p>Quindi Pogacar \u00e8 il tuo favorito per il mondiale?<\/p>\n<p class=\"\">Senza alcun dubbio\u2026<\/p>\n<p>Visto anche il percorso, visto il suo stato di forma o entrambe le cose?<\/p>\n<p class=\"\">Visto tutto! <strong>Il percorso \u00e8 duro e quindi \u00e8 difficile metterlo in mezzo.<\/strong> Su un percorso facile ci si pu\u00f2 inventarsi qualcosa, vedi appunto Qu\u00e9bec. O una Sanremo. Ma su un percorso duro contano le gambe e non puoi inventarti niente. Dove conta la scia, dove contano i tatticismi, pu\u00f2 provare a fare qualcosa, ci possono essere pi\u00f9 variabili ed incognite. Ma in un mondiale cos\u00ec sar\u00e0 difficile.<\/p>\n<p><img loading=\"lazy\" decoding=\"async\" width=\"1009\" height=\"500\" src=\"data:image\/svg+xml,%3Csvg%20xmlns=\" http:=\"\" alt=\"\" class=\"wp-image-434136\" data-lazy- data-lazy- data-lazy-src=\"https:\/\/www.europesays.com\/it\/wp-content\/uploads\/2025\/09\/img_dkPoMo3.jpg\"\/>A Montreal il campione del mondo ha lasciato la vittoria a McNulty. Di certo avr\u00e0 un gregario ancora pi\u00f9 devoto adesso<\/p>\n<p><img loading=\"lazy\" decoding=\"async\" width=\"559\" height=\"745\" src=\"data:image\/svg+xml,%3Csvg%20xmlns=\" http:=\"\" alt=\"\" class=\"wp-image-434137\" data-lazy- data-lazy- data-lazy-src=\"https:\/\/www.europesays.com\/it\/wp-content\/uploads\/2025\/09\/img_mbPoMo3.jpg\"\/>A Montreal il campione del mondo ha lasciato la vittoria a McNulty. Di certo avr\u00e0 un gregario ancora pi\u00f9 devoto adesso<\/p>\n<p>I due giovani compagni, Del Toro e Ayuso, che si ritrover\u00e0 contro secondo te proveranno a sfruttare il suo lavoro? Sono i pi\u00f9 pericolosi?<\/p>\n<p class=\"\">Questa sar\u00e0 forse la parte pi\u00f9 interessante del mondiale. Di sicuro <a href=\"https:\/\/bici.pro\/news\/professionisti\/ayuso-terzo-vuelta-futuro\/\" target=\"_blank\" rel=\"noreferrer noopener nofollow\">Juan Ayuso<\/a> non gli dar\u00e0 una mano. Neanche <strong><a href=\"https:\/\/bici.pro\/focus\/incontri\/okay-batosta-del-toro-consapevole-potenziale\/\" target=\"_blank\" rel=\"noreferrer noopener nofollow\">Del Toro<\/a><\/strong> lo far\u00e0, per\u00f2 magari se si ritrovasse davanti e lui dietro potrebbe anche essere tra quelli che non tirano. Poi non sottovaluterei mai <a href=\"https:\/\/bici.pro\/news\/professionisti\/evenepoel-freccia-brabante-rientro\/\" target=\"_blank\" rel=\"noreferrer noopener nofollow\">Remco Evenepoel<\/a>.<\/p>\n<p>A proposito di Remco, forse c\u2019\u00e8 pi\u00f9 interesse per la cronometro?<\/p>\n<p class=\"\">Pi\u00f9 interesse no, ma effettivamente \u00e8 una sfida interessante, pi\u00f9 combattuta. <strong>Certo che se la crono \u00e8 troppo dura la specializzazione di Remco va un po\u2019 a farsi benedire.<\/strong><\/p>\n<p>Per\u00f2 abbiamo visto che Trinca Colonel, per esempio, user\u00e0 una monocorona da 60 denti, quindi sar\u00e0 anche scorrevole\u2026<\/p>\n<p class=\"\">Meglio cos\u00ec allora. Aspettiamoci una bella sfida.<\/p>\n<p>C\u2019\u00e8 qualcosa che ti ha colpito del rientro di Pogacar?<\/p>\n<p class=\"\">Una cosa che mi ha colpito in Canada non \u00e8 stato tanto di Tadej, quanto la sua squadra. Non ho mai visto una superiorit\u00e0 del genere. Io Montr\u00e9al l\u2019ho fatta due o tre volte, arrivando anche secondo, e posso dire che \u00e8 difficile fare la differenza su quel percorso. Almeno ai miei tempi.<\/p>\n<p><img loading=\"lazy\" decoding=\"async\" width=\"1009\" height=\"500\" src=\"data:image\/svg+xml,%3Csvg%20xmlns=\" http:=\"\" alt=\"\" class=\"wp-image-434140\" data-lazy- data-lazy- data-lazy-src=\"https:\/\/www.europesays.com\/it\/wp-content\/uploads\/2025\/09\/img_dkPoMo4.jpg\"\/>Moser \u00e8 rimasto colpito dalla solidit\u00e0 e dalla fame della UAE Emirates<\/p>\n<p><img loading=\"lazy\" decoding=\"async\" width=\"559\" height=\"745\" src=\"data:image\/svg+xml,%3Csvg%20xmlns=\" http:=\"\" alt=\"\" class=\"wp-image-434139\" data-lazy- data-lazy- data-lazy-src=\"https:\/\/www.europesays.com\/it\/wp-content\/uploads\/2025\/09\/img_mbPoMo4.jpg\"\/>Moser \u00e8 rimasto colpito dalla solidit\u00e0 e dalla fame della UAE Emirates<\/p>\n<p>Spiegati meglio\u2026<\/p>\n<p class=\"\">A Montr\u00e9al era impensabile partire prima dell\u2019ultimo giro. E all\u2019ultimo giro si arrivava con tre quarti del gruppo compatto. Quando feci secondo, dopo l\u2019ultima salita rimanemmo in venticinque. Io andai via con una \u201cmezza fagianata\u201d negli ultimi 3-4 chilometri su quegli stradoni. Questo per dire che non \u00e8 una corsa cos\u00ec dura e in gruppo si sta benone. Si risparmia tanto. Vedere <strong>una squadra che si mette davanti e con soli due uomini, Wellens e Sivakov, toglie di ruota l\u201980 per cento del gruppo, per me \u00e8 stata una roba folle.<\/strong><\/p>\n<p>Chiaro\u2026<\/p>\n<p class=\"\">Ma poi sono famelici. Mi <strong>sembrava davvero che volessero prendersi una rivincita di due giorni prima, quando comunque avevano fatto secondo proprio con Sivakov. E a me questa fame fa impazzire, <\/strong>mi piace da morire vederli cos\u00ec cattivi. Ovvio che le gambe buone ti fanno venire voglia di partire super determinato, anche a livello di mentalit\u00e0 sono inquadrati: sanno quello che vogliono. L\u2019altro \u201cGreg\u201d (<strong><a href=\"https:\/\/bici.pro\/news\/professionisti\/top-flop-2023-verdetti-gregorio-pancani\/\" target=\"_blank\" rel=\"noreferrer noopener nofollow\">Luca Gregorio<\/a><\/strong>, ndr) mi chiedeva se, considerando che la <a href=\"https:\/\/www.teamvismaleaseabike.com\/\" rel=\"nofollow noopener\" target=\"_blank\">Visma-Lease a Bike<\/a> ha vinto due Grandi Giri e la UAE uno, la stagione migliore l\u2019avesse fatta la Visma. Io gli ho risposto di no. <strong>La costanza che ha avuto la UAE in quest\u2019anno, oltre al Tour de France che da solo vale di pi\u00f9 di tutto, \u00e8 spaventosa. <\/strong>A volte vincono anche su pi\u00f9 fronti nello stesso giorno.<\/p>\n","protected":false},"excerpt":{"rendered":"Lo smartphone sul tavolo del ristorante, la pizza in arrivo, la compagna di fronte (immaginiamo la sua espressione)&hellip;\n","protected":false},"author":3,"featured_media":115713,"comment_status":"","ping_status":"","sticky":false,"template":"","format":"standard","meta":{"footnotes":""},"categories":[1456],"tags":[4014,1824,1825,1537,90,89,22512,245,244,1531],"class_list":{"0":"post-115712","1":"post","2":"type-post","3":"status-publish","4":"format-standard","5":"has-post-thumbnail","7":"category-ciclismo","8":"tag-canada","9":"tag-ciclismo","10":"tag-cycling","11":"tag-it","12":"tag-italia","13":"tag-italy","14":"tag-moreno-moser","15":"tag-sport","16":"tag-sports","17":"tag-tadej-pogacar"},"share_on_mastodon":{"url":"","error":""},"_links":{"self":[{"href":"https:\/\/www.europesays.com\/it\/wp-json\/wp\/v2\/posts\/115712","targetHints":{"allow":["GET"]}}],"collection":[{"href":"https:\/\/www.europesays.com\/it\/wp-json\/wp\/v2\/posts"}],"about":[{"href":"https:\/\/www.europesays.com\/it\/wp-json\/wp\/v2\/types\/post"}],"author":[{"embeddable":true,"href":"https:\/\/www.europesays.com\/it\/wp-json\/wp\/v2\/users\/3"}],"replies":[{"embeddable":true,"href":"https:\/\/www.europesays.com\/it\/wp-json\/wp\/v2\/comments?post=115712"}],"version-history":[{"count":0,"href":"https:\/\/www.europesays.com\/it\/wp-json\/wp\/v2\/posts\/115712\/revisions"}],"wp:featuredmedia":[{"embeddable":true,"href":"https:\/\/www.europesays.com\/it\/wp-json\/wp\/v2\/media\/115713"}],"wp:attachment":[{"href":"https:\/\/www.europesays.com\/it\/wp-json\/wp\/v2\/media?parent=115712"}],"wp:term":[{"taxonomy":"category","embeddable":true,"href":"https:\/\/www.europesays.com\/it\/wp-json\/wp\/v2\/categories?post=115712"},{"taxonomy":"post_tag","embeddable":true,"href":"https:\/\/www.europesays.com\/it\/wp-json\/wp\/v2\/tags?post=115712"}],"curies":[{"name":"wp","href":"https:\/\/api.w.org\/{rel}","templated":true}]}}