{"id":116417,"date":"2025-09-18T17:52:09","date_gmt":"2025-09-18T17:52:09","guid":{"rendered":"https:\/\/www.europesays.com\/it\/116417\/"},"modified":"2025-09-18T17:52:09","modified_gmt":"2025-09-18T17:52:09","slug":"il-ritorno-la-serie-e-stata-rinnovata-per-una-quinta-stagione","status":"publish","type":"post","link":"https:\/\/www.europesays.com\/it\/116417\/","title":{"rendered":"il ritorno. La serie \u00e8 stata rinnovata per una quinta stagione"},"content":{"rendered":"<p>In un mondo televisivo in costante evoluzione, poche serie riescono a mantenere alta l\u2019attenzione del pubblico stagione dopo stagione. <a title=\"The Morning Show: il ritorno. La serie \u00e8 stata rinnovata per una quinta stagione\" href=\"https:\/\/libreriamo.it\/intrattenimento\/serie-tv-bellissime-vedere-apple\/\" target=\"_blank\" rel=\"noopener nofollow\">The Morning Show<\/a>, la punta di diamante di Apple TV+, \u00e8 una di queste.<\/p>\n<p>E la notizia \u00e8 ufficiale: la serie \u00e8 stata rinnovata per una quinta stagione, ancor prima del debutto della quarta, disponibile dal 17 settembre 2025.<\/p>\n<p>Una scelta che testimonia non solo il successo di pubblico e critica, ma anche la fiducia totale di Apple nei confronti di una produzione che ha ridefinito i canoni della serialit\u00e0 drammatica contemporanea.<\/p>\n<p>A guidarla, come sempre, le due protagoniste assolute: Jennifer Aniston e Reese Witherspoon, attrici, produttrici esecutive e vere colonne portanti dello show.<\/p>\n<p>Curiosit\u00e0<\/p>\n<p>3 stagioni disponibili in streaming: 1 stagione appena rilasciata (quarta), 1 stagione appena confermata (quinta)<\/p>\n<p>2 attrici protagoniste anche produttrici, Emmy gi\u00e0 vinto prima ancora del debutto della S2, 622 premi e 2816 nomination totali per Apple TV+ (inclusi, The Morning Show, Ted Lasso e CODA)<\/p>\n<p>The Morning Show rinnovata per una quinta stagione: Jennifer Aniston e Reese Witherspoon pronte a tornare sul piccolo schermo<\/p>\n<p>Il futuro della TV inizia\u2026 ogni mattina Con il suo sguardo acuto sul mondo dell\u2019informazione, The Morning Show continua a essere una delle serie pi\u00f9 intelligenti e rilevanti del panorama contemporaneo.<\/p>\n<p>E mentre la realt\u00e0 imita la fiction (o viceversa), la domanda resta: chi controlla chi controlla le notizie? Nel frattempo, possiamo goderci lo spettacolo. E prepararci alla prossima stagione, tazzina di caff\u00e8 alla mano.<\/p>\n<p>Un rinnovo che parla chiaro: il pubblico vuole ancora The Morning Show<\/p>\n<p>Ad annunciare la notizia \u00e8 stato Matt Cherniss, responsabile della programmazione di Apple TV+, che ha definito la serie \u201cuna delle produzioni di punta della piattaforma\u201d. <\/p>\n<p>Il suo commento \u00e8 stato chiaro: The Morning Show non solo intrattiene, ma continua a sollevare domande cruciali sull\u2019informazione, il potere, la rappresentazione e il mondo dei media.<\/p>\n<p>La conferma di una quinta stagione prima ancora di vedere la quarta non \u00e8 un gesto comune nel panorama delle piattaforme streaming: \u00e8 un segnale di fiducia che raramente viene concesso se non alle serie pi\u00f9 amate e seguite. Un gesto che premia non solo gli ascolti, ma anche la coerenza narrativa e l\u2019impatto culturale dello show.<\/p>\n<p>Dentro la stagione 4: un\u2019America ancora pi\u00f9 divisa, una redazione sull\u2019orlo del collasso<\/p>\n<p>La quarta stagione, disponibile da oggi su Apple TV+, \u00e8 ambientata nella primavera del 2024, quasi due anni dopo gli eventi della stagione precedente.<\/p>\n<p>Al centro della trama, la fusione ormai completata tra due colossi mediatici immaginari, UBA e NBN, che obbliga redazioni, giornalisti e dirigenti a confrontarsi con nuove alleanze, conflitti d\u2019interesse e verit\u00e0 sempre pi\u00f9 sfuggenti. In un mondo in cui deepfake, teorie del complotto e censure aziendali si mescolano alla cronaca quotidiana, The Morning Show continua a proporre uno sguardo lucido (e spesso impietoso) sulla manipolazione delle notizie, sulla spettacolarizzazione dell\u2019informazione e sul fragile equilibrio tra etica e audience.<\/p>\n<p>Di chi possiamo fidarci, oggi? Sembra chiedere questa nuova stagione. Una domanda pi\u00f9 che mai attuale.<\/p>\n<p>Un cast stellare che si arricchisce<\/p>\n<p>Oltre alle consolidate presenze di Aniston Alex Levy, Witherspoon (Bradley Jackson), Billy Crudup (Cory Ellison), Mark Duplass, Nestor Carbonell e Greta Lee, la quarta stagione accoglie nuovi nomi di prestigio: Jon Hamm, vincitore di un Emmy, che torna nei panni del miliardario Paul Marks.<\/p>\n<p>Nicole Beharie, che aveva debuttato nella terza stagione. E, soprattutto, due icone del cinema mondiale: Marion Cotillard e Jeremy Irons, nei ruoli di figure chiave legate al nuovo assetto mediatico e politico dell\u2019universo UBA.<\/p>\n<p>Il risultato \u00e8 un ensemble narrativo corale, dove ogni personaggio incarna un punto di vista diverso sul ruolo dei media nell\u2019epoca della post-verit\u00e0.<\/p>\n<p>La formula vincente: donne al comando, anche dietro le quinte<\/p>\n<p>Uno degli elementi pi\u00f9 significativi di The Morning Show \u00e8 la sua produzione interamente guidata da donne. Oltre a Witherspoon e <a title=\"The Morning Show: il ritorno. La serie \u00e8 stata rinnovata per una quinta stagione\" href=\"https:\/\/www.treccani.it\/enciclopedia\/ricerca\/Jennifer%20aniston\/?search=Jennifer%20aniston\" target=\"_blank\" rel=\"noopener nofollow\">Jannifer Aniston<\/a>, che producono rispettivamente con Hello Sunshine ed Echo Films, il team include Charlotte Stoudt come showrunner e Mimi Leder alla regia e produzione esecutiva.<\/p>\n<p>Una scelta tutt\u2019altro che scontata che ha permesso allo show di affrontare tematiche complesse, molestie sul lavoro, differenze salariali, manipolazione dell\u2019opinione pubblica, identit\u00e0 sessuale, razzismo sistemico, con una prospettiva autentica, plurale, e spesso rivoluzionaria.<\/p>\n<p>Un palmar\u00e8s da capogiro Le prime tre stagioni della serie non hanno solo conquistato il pubblico, ma anche critica e giurie di premi internazionali.<\/p>\n<p>Alcuni dei riconoscimenti: Billy Crudup ha vinto un Emmy e un Critics Choice Award per la sua interpretazione di Cory Ellison.<\/p>\n<p>Jennifer Aniston ha ottenuto un SAG Award per il ruolo di Alex Levy, considerato uno dei pi\u00f9 maturi e intensi della sua carriera.<\/p>\n<p>La terza stagione ha ottenuto 16 nomination agli Emmy, rientrando anche nella prestigiosa lista dei 10 migliori programmi TV del 2023 dell\u2019AFI (American Film Institute).<\/p>\n<p>Anche Mimi Leder \u00e8 stata pi\u00f9 volte candidata all\u2019Emmy per la miglior regia, a dimostrazione dell\u2019altissimo livello qualitativo della serie.<\/p>\n<p>Un successo Apple Original che fa scuola<\/p>\n<p>Dal suo lancio nel 2019, The Morning Show ha accompagnato la crescita di Apple TV+, diventando la prima serie originale a conquistare davvero il grande pubblico su scala globale.<\/p>\n<p>Un prodotto d\u2019autore capace di unire: Il fascino delle grandi star di Hollywood, la profondit\u00e0 dei contenuti sociali e politici, e la capacit\u00e0 di rinnovarsi stagione dopo stagione.<\/p>\n<p>Il rinnovo per la quinta stagione segna quindi una nuova fase nella storia di questo piccolo colosso del piccolo schermo, che promette di esplorare nuovi territori narrativi e di tenere ancora alta l\u2019attenzione su ci\u00f2 che conta davvero: la verit\u00e0, il potere, la responsabilit\u00e0.<\/p>\n","protected":false},"excerpt":{"rendered":"In un mondo televisivo in costante evoluzione, poche serie riescono a mantenere alta l\u2019attenzione del pubblico stagione dopo&hellip;\n","protected":false},"author":3,"featured_media":116418,"comment_status":"","ping_status":"","sticky":false,"template":"","format":"standard","meta":{"footnotes":""},"categories":[1444],"tags":[203,204,1537,90,89,253],"class_list":{"0":"post-116417","1":"post","2":"type-post","3":"status-publish","4":"format-standard","5":"has-post-thumbnail","7":"category-tv","8":"tag-entertainment","9":"tag-intrattenimento","10":"tag-it","11":"tag-italia","12":"tag-italy","13":"tag-tv"},"share_on_mastodon":{"url":"","error":""},"_links":{"self":[{"href":"https:\/\/www.europesays.com\/it\/wp-json\/wp\/v2\/posts\/116417","targetHints":{"allow":["GET"]}}],"collection":[{"href":"https:\/\/www.europesays.com\/it\/wp-json\/wp\/v2\/posts"}],"about":[{"href":"https:\/\/www.europesays.com\/it\/wp-json\/wp\/v2\/types\/post"}],"author":[{"embeddable":true,"href":"https:\/\/www.europesays.com\/it\/wp-json\/wp\/v2\/users\/3"}],"replies":[{"embeddable":true,"href":"https:\/\/www.europesays.com\/it\/wp-json\/wp\/v2\/comments?post=116417"}],"version-history":[{"count":0,"href":"https:\/\/www.europesays.com\/it\/wp-json\/wp\/v2\/posts\/116417\/revisions"}],"wp:featuredmedia":[{"embeddable":true,"href":"https:\/\/www.europesays.com\/it\/wp-json\/wp\/v2\/media\/116418"}],"wp:attachment":[{"href":"https:\/\/www.europesays.com\/it\/wp-json\/wp\/v2\/media?parent=116417"}],"wp:term":[{"taxonomy":"category","embeddable":true,"href":"https:\/\/www.europesays.com\/it\/wp-json\/wp\/v2\/categories?post=116417"},{"taxonomy":"post_tag","embeddable":true,"href":"https:\/\/www.europesays.com\/it\/wp-json\/wp\/v2\/tags?post=116417"}],"curies":[{"name":"wp","href":"https:\/\/api.w.org\/{rel}","templated":true}]}}