{"id":116666,"date":"2025-09-18T20:38:11","date_gmt":"2025-09-18T20:38:11","guid":{"rendered":"https:\/\/www.europesays.com\/it\/116666\/"},"modified":"2025-09-18T20:38:11","modified_gmt":"2025-09-18T20:38:11","slug":"dalla-cura-dei-sintomi-alla-salute-integrale","status":"publish","type":"post","link":"https:\/\/www.europesays.com\/it\/116666\/","title":{"rendered":"dalla cura dei sintomi alla salute integrale"},"content":{"rendered":"<p>&#13;<br \/>\n      &#13;<br \/>\n&#13;<br \/>\n     &#13;<br \/>\n        &#13;<\/p>\n<p>BRINDISI &#8211; La Societ\u00e0 italiana di medicina (Sim) e l&#8217;associazione Verit\u00e0 \u00e8 Libert\u00e0 promuovono un incontro pubblico sul futuro della sanit\u00e0 italiana. L&#8217;evento, dal titolo &#8220;La medicina che vogliamo. Dalla Carta di Bologna a una nuova sanit\u00e0 Ppubblica&#8221;, si terr\u00e0 sabato 20 Settembre, alle 17:30, presso il teatro della <img decoding=\"async\" src=\"https:\/\/www.europesays.com\/it\/wp-content\/uploads\/2025\/09\/locandina-la-medicina-che-vogliamo.jpeg\" alt=\"locandina LA MEDICINA CHE VOGLIAMO\" title=\"locandina LA MEDICINA CHE VOGLIAMO\"\/>parrocchia San Vito Martire di Brindisi.<\/p>\n<p>Tra gli esperti presenti all\u2019incontro ci saranno Luigi Marcello Monsellato, ortopedico e psicoterapeuta, lo psicologo clinico Natale Petti, e l\u2019oncologo Claudio Pagliara. Al centro del dibattito, una nuova concezione della medicina che supera l&#8217;approccio tradizionale focalizzato sulla mera soppressione dei sintomi, ma che indaga le cause, le emozioni, l\u2019ambiente, l\u2019alimentazione e lo stile di vita.<\/p>\n<p>\u00a0<\/p>\n<p>I relatori presenteranno i principi di una medicina integrata e olistica, che considera l&#8217;individuo nella sua totalit\u00e0, analizzando non solo gli aspetti clinici ma anche le componenti emotive, ambientali, alimentari e comportamentali che influenzano la salute. Una medicina educativa, dunque, basata su una relazione profonda con il paziente, finalizzata a sviluppare consapevolezza delle proprie capacit\u00e0 naturali di guarigione e mantenimento della vitalit\u00e0, per una vita sana, longeva e felice.<\/p>\n<p>Rimani aggiornato sulle notizie dalla tua provincia iscrivendoti al nostro canale whatsapp: <a href=\"https:\/\/whatsapp.com\/channel\/0029VaKWoMlHVvTdyOiOzY2a\" rel=\"nofollow noopener\" target=\"_blank\">clicca qui<\/a><\/p>\n<p>Seguici gratuitamente anche sul canale Facebook: <a href=\"https:\/\/m.me\/j\/Abampv2kioahdYYR\/?fbclid=IwZXh0bgNhZW0CMTAAAR29fhbvEPBoqO0AXcm08uabvybjbX6Vl8SoolvjtSYOebOXvXAZ-222Rrk_aem_aWYjeKkf52MbBu56JCWyxw\" target=\"_blank\" rel=\"nofollow\">https:\/\/m.me\/j\/Abampv2kioahdYYR\/<\/a><\/p>\n<p> &#13;<br \/>\n       &#13;<br \/>\n&#13;<br \/>\n&#13;<br \/>\n  &#13;<br \/>\n  &#13;<br \/>\n  &#13;<br \/>\n&#13;<br \/>\n        &#13;<br \/>\n        &#13;<br \/>\n               &#13;<br \/>\n      &#13;<br \/>\n      &#13;<br \/>\n      &#13;<br \/>\n&#13;<br \/>\n&#13;<br \/>\n            &#13;<br \/>\n   &#13;<br \/>\n&#13;<br \/>\n &#13;<br \/>\n      &#13;<br \/>\n&#13;<br \/>\n      &#13;<\/p>\n","protected":false},"excerpt":{"rendered":"&#13; &#13; &#13; &#13; &#13; BRINDISI &#8211; La Societ\u00e0 italiana di medicina (Sim) e l&#8217;associazione Verit\u00e0 \u00e8 Libert\u00e0&hellip;\n","protected":false},"author":3,"featured_media":116667,"comment_status":"","ping_status":"","sticky":false,"template":"","format":"standard","meta":{"footnotes":""},"categories":[175],"tags":[2664,626,239,1537,90,89,80239,240],"class_list":{"0":"post-116666","1":"post","2":"type-post","3":"status-publish","4":"format-standard","5":"has-post-thumbnail","7":"category-salute","8":"tag-cura","9":"tag-eventi","10":"tag-health","11":"tag-it","12":"tag-italia","13":"tag-italy","14":"tag-medicina-olistica","15":"tag-salute"},"share_on_mastodon":{"url":"","error":""},"_links":{"self":[{"href":"https:\/\/www.europesays.com\/it\/wp-json\/wp\/v2\/posts\/116666","targetHints":{"allow":["GET"]}}],"collection":[{"href":"https:\/\/www.europesays.com\/it\/wp-json\/wp\/v2\/posts"}],"about":[{"href":"https:\/\/www.europesays.com\/it\/wp-json\/wp\/v2\/types\/post"}],"author":[{"embeddable":true,"href":"https:\/\/www.europesays.com\/it\/wp-json\/wp\/v2\/users\/3"}],"replies":[{"embeddable":true,"href":"https:\/\/www.europesays.com\/it\/wp-json\/wp\/v2\/comments?post=116666"}],"version-history":[{"count":0,"href":"https:\/\/www.europesays.com\/it\/wp-json\/wp\/v2\/posts\/116666\/revisions"}],"wp:featuredmedia":[{"embeddable":true,"href":"https:\/\/www.europesays.com\/it\/wp-json\/wp\/v2\/media\/116667"}],"wp:attachment":[{"href":"https:\/\/www.europesays.com\/it\/wp-json\/wp\/v2\/media?parent=116666"}],"wp:term":[{"taxonomy":"category","embeddable":true,"href":"https:\/\/www.europesays.com\/it\/wp-json\/wp\/v2\/categories?post=116666"},{"taxonomy":"post_tag","embeddable":true,"href":"https:\/\/www.europesays.com\/it\/wp-json\/wp\/v2\/tags?post=116666"}],"curies":[{"name":"wp","href":"https:\/\/api.w.org\/{rel}","templated":true}]}}