{"id":116890,"date":"2025-09-18T23:24:09","date_gmt":"2025-09-18T23:24:09","guid":{"rendered":"https:\/\/www.europesays.com\/it\/116890\/"},"modified":"2025-09-18T23:24:09","modified_gmt":"2025-09-18T23:24:09","slug":"donald-trump-atterraggio-demergenza-per-il-suo-elicottero","status":"publish","type":"post","link":"https:\/\/www.europesays.com\/it\/116890\/","title":{"rendered":"Donald Trump, atterraggio d&#8217;emergenza per il suo elicottero"},"content":{"rendered":"<p>\n\t\t\t\t\t\t\t\t\t\t\t\t18 settembre 2025 | 23.21\n\t\t\t\t\t\t\t\t\t\t\t<\/p>\n<p>\n\t\t\t\t\t\t\t\t\t\t\t\tLETTURA: 1 minuti\n\t\t\t\t\t\t\t\t\t\t\t<\/p>\n<p class=\"art-text\" id=\"\">\n    \u00a0Atterraggio di emergenza in un aeroporto del Regno Unito per l&#8217;elicottero che aveva a a bordo il presidente degli Stati Uniti e sua moglie Melania. L&#8217;elicottero presidenziale ha avuto &#8220;un problema idraulico&#8221; mentre volava verso l&#8217;aeroporto di Stansted dalla residenza del primo ministro a Chequers, dove Donald Trump aveva incontrato Keir Starmer per una conferenza stampa congiunta. Lo riferisce il Daily Mail.\n<\/p>\n<p class=\"art-text\" id=\"\">Funzionari hanno affermato che l&#8217;aereo \u00e8 atterrato all&#8217;aeroporto di Luton &#8220;per eccesso di precauzione&#8221;. Il presidente degli Stati Uniti, che si trovava nel Regno Unito in visita di Stato, \u00e8 stato trasferito su un elicottero di supporto che volava in formazione e ha ripreso il volo per raggiungere l&#8217;aereo dell&#8217;Air Force One a Stansted. Nessuno \u00e8 rimasto ferito nell&#8217;incidente e il Presidente Usa \u00e8 arrivato all&#8217;aeroporto con 20 minuti di ritardo. La coppia \u00e8 poi salita a bordo dell&#8217;Air Force One per il viaggio di ritorno alla Casa Bianca.<\/p>\n","protected":false},"excerpt":{"rendered":"18 settembre 2025 | 23.21 LETTURA: 1 minuti \u00a0Atterraggio di emergenza in un aeroporto del Regno Unito per&hellip;\n","protected":false},"author":3,"featured_media":116891,"comment_status":"","ping_status":"","sticky":false,"template":"","format":"standard","meta":{"footnotes":""},"categories":[160],"tags":[14,164,165,166,7,15,11,167,12,168,161,162,163],"class_list":{"0":"post-116890","1":"post","2":"type-post","3":"status-publish","4":"format-standard","5":"has-post-thumbnail","7":"category-mondo","8":"tag-cronaca","9":"tag-dal-mondo","10":"tag-dalmondo","11":"tag-mondo","12":"tag-news","13":"tag-notizie","14":"tag-ultime-notizie","15":"tag-ultime-notizie-di-mondo","16":"tag-ultimenotizie","17":"tag-ultimenotiziedimondo","18":"tag-world","19":"tag-world-news","20":"tag-worldnews"},"share_on_mastodon":{"url":"","error":""},"_links":{"self":[{"href":"https:\/\/www.europesays.com\/it\/wp-json\/wp\/v2\/posts\/116890","targetHints":{"allow":["GET"]}}],"collection":[{"href":"https:\/\/www.europesays.com\/it\/wp-json\/wp\/v2\/posts"}],"about":[{"href":"https:\/\/www.europesays.com\/it\/wp-json\/wp\/v2\/types\/post"}],"author":[{"embeddable":true,"href":"https:\/\/www.europesays.com\/it\/wp-json\/wp\/v2\/users\/3"}],"replies":[{"embeddable":true,"href":"https:\/\/www.europesays.com\/it\/wp-json\/wp\/v2\/comments?post=116890"}],"version-history":[{"count":0,"href":"https:\/\/www.europesays.com\/it\/wp-json\/wp\/v2\/posts\/116890\/revisions"}],"wp:featuredmedia":[{"embeddable":true,"href":"https:\/\/www.europesays.com\/it\/wp-json\/wp\/v2\/media\/116891"}],"wp:attachment":[{"href":"https:\/\/www.europesays.com\/it\/wp-json\/wp\/v2\/media?parent=116890"}],"wp:term":[{"taxonomy":"category","embeddable":true,"href":"https:\/\/www.europesays.com\/it\/wp-json\/wp\/v2\/categories?post=116890"},{"taxonomy":"post_tag","embeddable":true,"href":"https:\/\/www.europesays.com\/it\/wp-json\/wp\/v2\/tags?post=116890"}],"curies":[{"name":"wp","href":"https:\/\/api.w.org\/{rel}","templated":true}]}}