{"id":116903,"date":"2025-09-18T23:34:10","date_gmt":"2025-09-18T23:34:10","guid":{"rendered":"https:\/\/www.europesays.com\/it\/116903\/"},"modified":"2025-09-18T23:34:10","modified_gmt":"2025-09-18T23:34:10","slug":"sinner-e-la-sua-fondazione-la-presentazione-a-milano","status":"publish","type":"post","link":"https:\/\/www.europesays.com\/it\/116903\/","title":{"rendered":"Sinner e la sua fondazione: la presentazione a Milano"},"content":{"rendered":"<p>                                Dare i mezzi per inseguire i propri sogni ai talenti sportivi che non li hanno: \u00e8 la missione di Jannik, che in un evento a Milano ha spiegato il progetto insieme a tanti ospiti<\/p>\n<p>            <a class=\"image is-50x50\" href=\"https:\/\/www.gazzetta.it\/redazione\/federica-cocchi\/\" rel=\"nofollow noopener\" target=\"_blank\"><br \/>\n                <img decoding=\"async\" class=\"is-rounded\" src=\"https:\/\/www.europesays.com\/it\/wp-content\/uploads\/2025\/09\/1758238450_922_omino.png\" alt=\"Federica Cocchi\"\/><br \/>\n            <\/a><\/p>\n<p>Giornalista<\/p>\n<p>                    19 settembre 2025 (modifica alle 01:02)  &#8211; MILANO<\/p>\n<p class=\"paragraph\" spellcheck=\"true\">Un evento blindato, privatissimo, senza la stampa, ma con tanti invitati illustri. All\u2019Hotel Palazzo Parigi di Milano, zona Brera \u2013 ormai quartier generale milanese di Jannik Sinner \u2013 \u00e8 stata presentata la Fondazione che porta il nome del numero 2 al mondo. Un progetto che l\u2019azzurro sente come una missione personale: punta all\u2019educazione e al sostegno dei ragazzi e dei giovani talenti sportivi che non hanno i mezzi per inseguire i propri sogni.\u00a0<\/p>\n<p>    chi c&#8217;era\u2014 \u00a0<\/p>\n<p class=\"paragraph\" spellcheck=\"true\">Non a caso, all\u2019evento c\u2019erano rappresentanti della finanza italiana e tutti i principali sponsor di Sinner, pronti a supportarlo anche in questa nuova avventura.  A presentare \u00e8 stato David Coulthard, vicecampione mondiale di Formula 1 nel 2001 con la McLaren. Una scelta perfettamente in linea con gli interessi di Jannik, appassionato di motori, e ambassador della F1. Alla serata, tra gli altri, anche Flavio Briatore e Andrea Bocelli, con cui l\u2019ex numero 1 al mondo ha inciso un brano, oltre al presidente della Federtennis e padel Angelo Binaghi.\u00a0<\/p>\n<p>    il progetto\u2014 \u00a0<\/p>\n<p class=\"paragraph\" spellcheck=\"true\">La presentazione del progetto, durata circa 45 minuti, ha alternato interventi e immagini. Hanno preso la parola lo stesso Sinner, il suo manager Alex Vittur, presidente della Fondazione e la moglie Cristina Tauber, in qualit\u00e0 di direttrice. Ha illustrato il suo ruolo anche Stefano Domenicali, Ceo della F.1 e membro del board assieme a Luca Maestri, ex Cfo di Apple. La serata milanese \u00e8 stata il momento per illustrare i contorni di un progetto nato da un\u2019idea semplice ma ambiziosa: restituire allo sport ci\u00f2 che lo sport ha regalato al campione. Un\u2019intenzione che Jannik aveva gi\u00e0 annunciato alla vigilia delle Finals di Torino 2024 e che ora diventer\u00e0 realt\u00e0.  L\u2019atmosfera a Palazzo Parigi \u00e8 stata raccolta, quasi familiare. Al fianco di Jannik c\u2019erano anche i genitori Siglinde e Hans-Peter pi\u00f9 il fratello Mark, oltre al suo staff di sempre. Una cena leggera: risotto allo zafferano e filetto di vitello in crosta con pur\u00e8. Qualcuno attendeva anche Anna Wintour, grande tifosa di Sinner e spesso al suo fianco nei momenti pi\u00f9 significativi, ma la storica direttrice di Vogue non ha potuto intervenire all\u2019evento. \u00c8 stato questo il primo atto di un progetto pi\u00f9 ampio. Non soltanto un gesto di generosit\u00e0, ma il segnale di una nuova maturit\u00e0: quella di un campione che vuole essere non solo simbolo sportivo, ma anche punto di riferimento sociale, capace di unire sponsor, amici e istituzioni in un progetto che guarda al futuro dei giovani.<\/p>\n<p class=\"is-copyright\">\u00a9 RIPRODUZIONE RISERVATA<\/p>\n","protected":false},"excerpt":{"rendered":"Dare i mezzi per inseguire i propri sogni ai talenti sportivi che non li hanno: \u00e8 la missione&hellip;\n","protected":false},"author":3,"featured_media":116904,"comment_status":"","ping_status":"","sticky":false,"template":"","format":"standard","meta":{"footnotes":""},"categories":[1457],"tags":[15315,1953,69634,8117,451,3964,14920,1598,51247,80323,80324,1537,90,89,1269,7629,80325,80326,544,28,1351,1312,273,330,80327,1289,135,2851,8834,80328,366,245,244,1273],"class_list":{"0":"post-116903","1":"post","2":"type-post","3":"status-publish","4":"format-standard","5":"has-post-thumbnail","7":"category-tennis","8":"tag-bocelli","9":"tag-campione","10":"tag-coulthard","11":"tag-direttrice","12":"tag-evento","13":"tag-fianco","14":"tag-fondazione","15":"tag-giovani","16":"tag-inseguire","17":"tag-inseguire-propri","18":"tag-inseguire-propri-sogni","19":"tag-it","20":"tag-italia","21":"tag-italy","22":"tag-jannik","23":"tag-mezzi","24":"tag-mezzi-inseguire","25":"tag-mezzi-inseguire-propri","26":"tag-milanese","27":"tag-milano","28":"tag-missione","29":"tag-numero","30":"tag-nuova","31":"tag-palazzo","32":"tag-palazzo-parigi","33":"tag-parigi","34":"tag-presidente","35":"tag-progetto","36":"tag-propri","37":"tag-propri-sogni","38":"tag-sinner","39":"tag-sport","40":"tag-sports","41":"tag-tennis"},"share_on_mastodon":{"url":"","error":""},"_links":{"self":[{"href":"https:\/\/www.europesays.com\/it\/wp-json\/wp\/v2\/posts\/116903","targetHints":{"allow":["GET"]}}],"collection":[{"href":"https:\/\/www.europesays.com\/it\/wp-json\/wp\/v2\/posts"}],"about":[{"href":"https:\/\/www.europesays.com\/it\/wp-json\/wp\/v2\/types\/post"}],"author":[{"embeddable":true,"href":"https:\/\/www.europesays.com\/it\/wp-json\/wp\/v2\/users\/3"}],"replies":[{"embeddable":true,"href":"https:\/\/www.europesays.com\/it\/wp-json\/wp\/v2\/comments?post=116903"}],"version-history":[{"count":0,"href":"https:\/\/www.europesays.com\/it\/wp-json\/wp\/v2\/posts\/116903\/revisions"}],"wp:featuredmedia":[{"embeddable":true,"href":"https:\/\/www.europesays.com\/it\/wp-json\/wp\/v2\/media\/116904"}],"wp:attachment":[{"href":"https:\/\/www.europesays.com\/it\/wp-json\/wp\/v2\/media?parent=116903"}],"wp:term":[{"taxonomy":"category","embeddable":true,"href":"https:\/\/www.europesays.com\/it\/wp-json\/wp\/v2\/categories?post=116903"},{"taxonomy":"post_tag","embeddable":true,"href":"https:\/\/www.europesays.com\/it\/wp-json\/wp\/v2\/tags?post=116903"}],"curies":[{"name":"wp","href":"https:\/\/api.w.org\/{rel}","templated":true}]}}