{"id":116913,"date":"2025-09-18T23:43:10","date_gmt":"2025-09-18T23:43:10","guid":{"rendered":"https:\/\/www.europesays.com\/it\/116913\/"},"modified":"2025-09-18T23:43:10","modified_gmt":"2025-09-18T23:43:10","slug":"affari-tuoi-ilaria-intenerisce-de-martino-ma-qualcosa-non-torna-nella-puntata","status":"publish","type":"post","link":"https:\/\/www.europesays.com\/it\/116913\/","title":{"rendered":"Affari tuoi, Ilaria intenerisce De Martino ma qualcosa non torna nella puntata"},"content":{"rendered":"<p><strong>Stefano De Martino<\/strong> ha condotto sapientemente <strong>una nuova puntata di Affari tuoi,<\/strong> nella serata del <strong>18 settembre 2025<\/strong>. Il conduttore televisivo ha saputo intrattenere il pubblico di Rai Uno con la sua solita verve ironica, anche se la concorrente scelta per l\u2019episodio ha raccontato ai telespettatori la sua storia, caratterizzata da una recente sofferenza.<\/p>\n<p>Una puntata piena di colpi di scena e di emozione ma il<strong> pubblico da casa ha notato un\u2019incongruenza<\/strong> piuttosto evidente nella sequenza degli episodi del programma televisivo.<\/p>\n<p>Affari tuoi, Ilaria dalla Puglia<\/p>\n<p>Il preserale della televisione italiana \u00e8 caratterizzato dalla battaglia all\u2019ultimo ascolto tra <a href=\"https:\/\/dilei.it\/star-e-vip\/stefano-de-martino\/\" target=\"_blank\" rel=\"noopener nofollow\" data-doctype=\"\">Stefano De Martino<\/a> e la sua Affari Tuoi e La Ruota della Fortuna con <a href=\"https:\/\/dilei.it\/star-e-vip\/gerry-scotti\/\" target=\"_blank\" rel=\"noopener nofollow\" data-doctype=\"\">Gerry Scotti<\/a> su Canale 5. Dopo un finale di stagione brillante, il game show della rete pubblica sta cedendo un po\u2019 il passo alla concorrenza che <a href=\"https:\/\/dilei.it\/spettacolo\/ascolti-tv-14-settembre-2025\/1839510\/\" target=\"_blank\" rel=\"noopener nofollow\" data-doctype=\"\">fa segnare, ogni sera, degli ottimi ascolti<\/a>.<\/p>\n<p>Anche il 18 settembre 2025, Stefano De Martino ha provato a sbaragliare la concorrenza al suo solito grido di: \u201cDa questo momento sono Affari tuoi\u201d. A provare ad accaparrarsi il pacco con il bottino pi\u00f9 alto \u00e8 stata <strong>Ilaria Romano dalla Puglia<\/strong> che, fin da subito, \u00e8 riuscita a eliminare tantissimi pacchi blu di piccolo importo, tanto che Stefano De Martino ha avvertito subito il pubblico che si trattava di una serata davvero speciale: \u201cIo un inizio cos\u00ec non me lo ricordo\u201d.<\/p>\n<p>Il conduttore, per\u00f2, si \u00e8 intenerito quando la concorrente ha spiegato il legame che sentiva con il suo pacco, contrassegnato dal numero 6: \u201cUno dei miei numeri, il 6 \u00e8 il giorno del mio compleanno ma anche il giorno del compleanno della piccola Sofia, mia nipote, che per me \u00e8 la luce, quindi c\u2019\u00e8 un legame con il 6\u2026 Esattamente un anno fa ho avuto un intervento molto importante, in testa, potevo risvegliarmi in tutti i modi possibili per\u00f2 sono qui, cos\u00ec come mi vedi. Qualcosina la devo ancora recuperare per\u00f2 \u00e8 stato un anno in cui la mia vita \u00e8 cambiata da cos\u00ec a cos\u00ec. Anche il mio modo di vedere la vita \u00e8 cambiato\u201d.<\/p>\n<p>In ogni caso, Ilaria ha scelto, in seguito, di cambiare il suo pacco con uno, per lei, ancora pi\u00f9 importante, quello che le ricordava il giorno del suo risveglio dall\u2019operazione: \u201cIl 10 per me \u00e8 stata la svolta, \u00e8 come se fossi rinata per la seconda volta\u201d. Alla fine della puntata, per\u00f2, la ragazza ha scelto di rinunciare alla confezione cos\u00ec simbolica per <strong>accettare l\u2019offerta del Dottore di 60.000 euro<\/strong>, che potr\u00e0 servirle a comprare la sua prima casa: \u201cNon fare mai un passo pi\u00f9 lungo della tua gamba, essere ambiziosi va bene ma anche decidere di fermarsi \u00e8 un gran segno di coraggio\u201d.<\/p>\n<p>Dopo aver aperto l\u2019ultimo pacco rimasto, la concorrente ha scoperto che <strong>nel suo c\u2019erano gli ambiti 200.000 euro.<\/strong><\/p>\n<p>Affari tuoi, qualcosa non torna<\/p>\n<p>La puntata del 18 settembre 2025 di Affari tuoi \u00e8 andata in onda, come sempre, con la conduzione di Stefano De Martino e alla presenza di diversi concorrenti, rappresentati delle regioni italiane. Tra di loro anche <strong>una new entry, p<\/strong>resentata dal conduttore televisivo: Francesca da Catania. Ma questo preciso dettaglio non ha convinto alcuni dei telespettatori, che hanno notato un\u2019incongruenza, come commentato sui social: \u201cMa non doveva esserci la new entry dell\u2019Umbria? Invece c\u2019\u00e8 la Sicilia!\u201d.<\/p>\n<p>Secondo il normale susseguirsi delle puntate, infatti, nell\u2019episodio attuale <strong>doveva esserci un nuovo concorrente dall\u2019Umbria<\/strong>, visto che nel giorno precedente era stato l\u2019esponente di quella regione a giocare.<\/p>\n","protected":false},"excerpt":{"rendered":"Stefano De Martino ha condotto sapientemente una nuova puntata di Affari tuoi, nella serata del 18 settembre 2025.&hellip;\n","protected":false},"author":3,"featured_media":116914,"comment_status":"","ping_status":"","sticky":false,"template":"","format":"standard","meta":{"footnotes":""},"categories":[1444],"tags":[2104,203,204,1537,90,89,214,1766,253],"class_list":{"0":"post-116913","1":"post","2":"type-post","3":"status-publish","4":"format-standard","5":"has-post-thumbnail","7":"category-tv","8":"tag-emozioni","9":"tag-entertainment","10":"tag-intrattenimento","11":"tag-it","12":"tag-italia","13":"tag-italy","14":"tag-spettacolo","15":"tag-stefano-de-martino","16":"tag-tv"},"share_on_mastodon":{"url":"","error":""},"_links":{"self":[{"href":"https:\/\/www.europesays.com\/it\/wp-json\/wp\/v2\/posts\/116913","targetHints":{"allow":["GET"]}}],"collection":[{"href":"https:\/\/www.europesays.com\/it\/wp-json\/wp\/v2\/posts"}],"about":[{"href":"https:\/\/www.europesays.com\/it\/wp-json\/wp\/v2\/types\/post"}],"author":[{"embeddable":true,"href":"https:\/\/www.europesays.com\/it\/wp-json\/wp\/v2\/users\/3"}],"replies":[{"embeddable":true,"href":"https:\/\/www.europesays.com\/it\/wp-json\/wp\/v2\/comments?post=116913"}],"version-history":[{"count":0,"href":"https:\/\/www.europesays.com\/it\/wp-json\/wp\/v2\/posts\/116913\/revisions"}],"wp:featuredmedia":[{"embeddable":true,"href":"https:\/\/www.europesays.com\/it\/wp-json\/wp\/v2\/media\/116914"}],"wp:attachment":[{"href":"https:\/\/www.europesays.com\/it\/wp-json\/wp\/v2\/media?parent=116913"}],"wp:term":[{"taxonomy":"category","embeddable":true,"href":"https:\/\/www.europesays.com\/it\/wp-json\/wp\/v2\/categories?post=116913"},{"taxonomy":"post_tag","embeddable":true,"href":"https:\/\/www.europesays.com\/it\/wp-json\/wp\/v2\/tags?post=116913"}],"curies":[{"name":"wp","href":"https:\/\/api.w.org\/{rel}","templated":true}]}}