{"id":116915,"date":"2025-09-18T23:44:13","date_gmt":"2025-09-18T23:44:13","guid":{"rendered":"https:\/\/www.europesays.com\/it\/116915\/"},"modified":"2025-09-18T23:44:13","modified_gmt":"2025-09-18T23:44:13","slug":"antonello-venditti-in-concerto-allarena-di-verona-la-possibile-scaletta","status":"publish","type":"post","link":"https:\/\/www.europesays.com\/it\/116915\/","title":{"rendered":"Antonello Venditti in concerto all&#8217;Arena di Verona, la possibile scaletta"},"content":{"rendered":"<p><strong>Il tour estivo di Antonello Venditti<\/strong> &#8211; che celebrava i quarant&#8217;anni di <a title=\"Notte prima degli esami, come \u00e8 nata la canzone di Antonello Venditti: la storia\" data-intcmp=\"skytg24_foglia articolo_interlink_text\" href=\"https:\/\/tg24.sky.it\/spettacolo\/musica\/2025\/06\/17\/notte-prima-degli-esami-venditti-storia\" rel=\"nofollow noopener\" target=\"_blank\">Notte prima degli esami<\/a> &#8211; sta per concludersi. L&#8217;ultimo appuntamento? Gioved\u00ec<strong> 18 settembre<\/strong>, in un&#8217;<strong>Arena di Verona sold-out<\/strong>.<\/p>\n<p>Antonello Venditti all&#8217;Arena di Verona<\/p>\n<p>&#8220;Grazie a tutti, tra poco quest\u2019Arena meravigliosa sar\u00e0 tutta per me&#8221;: cos\u00ec Antonello Venditti\u00a0 ha detto qualche giorno fa sul palco dei Tim Music Awards. Il suo tour estivo, d&#8217;enorme successo, ha festeggiato i quarant&#8217;anni della sua intramontabile hit. Perch\u00e9 \u00e8 cos\u00ec amata anche adesso\u00a0Notte prima degli esami?\u00a0<strong>&#8220;\u00c8 una canzone che ci riguarda tutti,<\/strong> i ragazzi che devono fare gli esami e i loro professori, i genitori ma anche i nonni. <strong>\u00c8 un rito che si perpetua<\/strong>&#8220;, ha spiegato Venditti. Confessando che, l&#8217;idea che ogni anno ci siano anno centinaia di migliaia di ragazzi che si confrontano con angosce, speranza e amicizia, lo commuove di continuo.<\/p>\n<p>\t\t \tLa scaletta<\/p>\n<p>La scaletta del concerto di Antonello Venditti all&#8217;Arena di Verona non \u00e8 stata svelata. Tuttavia, \u00e8 probabile che replichi la setlist del tour estivo:<\/p>\n<p>Bomba o non bomba<\/p>\n<p>Sotto il segno dei pesci<\/p>\n<p>Sara<\/p>\n<p>Giulia<\/p>\n<p>Lacrime di pioggia<\/p>\n<p>Peppino<\/p>\n<p>Giulio Cesare<\/p>\n<p>Cuore<\/p>\n<p>Notte prima degli esami<\/p>\n<p>Mai nessun video mai<\/p>\n<p>Qui<\/p>\n<p>Non \u00e8 la cocaina\u2026<\/p>\n<p>Ci vorrebbe un amico<\/p>\n<p>L\u2019ottimista<\/p>\n<p>Piero e Cinzia<\/p>\n<p>Stella<\/p>\n<p>Di\u2019 una parola<\/p>\n<p>Che fantastica storia \u00e8 la vita<\/p>\n<p>Unica<\/p>\n<p>Amici mai<\/p>\n<p>Alta marea<\/p>\n<p>In questo mondo di ladri<\/p>\n<p>Roma capoccia<\/p>\n<p>\t\t\t<a class=\"c-inline-card j-inline-card c-inline-card--with-image\" href=\"https:\/\/tg24.sky.it\/spettacolo\/video\/2025\/06\/18\/antonello-venditti-torna-dal-vivo-con-notte-prima-degli-esami-40th-anniversary-2025-edition-1018114\" rel=\"follow nofollow noopener\" data-intcmp=\"skytg24_articolo_approfondimenti_inline\" target=\"_blank\"><\/p>\n<p>\t\t\t         <img decoding=\"async\" crossorigin=\"anonymous\" alt=\"\" src=\"https:\/\/www.europesays.com\/it\/wp-content\/uploads\/2025\/09\/1018114_1750275365539_thumb_494.0000001_1750275461156.jpg\"  loading=\"lazy\"  bad-src=\"https:\/\/www.europesays.com\/it\/wp-content\/uploads\/2025\/09\/1018114_1750275365539_thumb_494.0000001_1750275461156.jpg\"\/><\/p>\n<p>\n\t\t\t         Approfondimento<br \/>\n\t\t\t         Antonello Venditti torna dal vivo con &#8220;Notte Prima Degli Esami 40th Anniversary \u2013 2025 Edition&#8221;\n\t\t\t      <\/p>\n<p>\t\t\t<\/a><\/p>\n","protected":false},"excerpt":{"rendered":"Il tour estivo di Antonello Venditti &#8211; che celebrava i quarant&#8217;anni di Notte prima degli esami &#8211; sta&hellip;\n","protected":false},"author":3,"featured_media":116916,"comment_status":"","ping_status":"","sticky":false,"template":"","format":"standard","meta":{"footnotes":""},"categories":[1443],"tags":[80330,203,204,1537,90,89,1538,1539,3555],"class_list":{"0":"post-116915","1":"post","2":"type-post","3":"status-publish","4":"format-standard","5":"has-post-thumbnail","7":"category-musica","8":"tag-arena-di-verona","9":"tag-entertainment","10":"tag-intrattenimento","11":"tag-it","12":"tag-italia","13":"tag-italy","14":"tag-music","15":"tag-musica","16":"tag-tour"},"share_on_mastodon":{"url":"","error":""},"_links":{"self":[{"href":"https:\/\/www.europesays.com\/it\/wp-json\/wp\/v2\/posts\/116915","targetHints":{"allow":["GET"]}}],"collection":[{"href":"https:\/\/www.europesays.com\/it\/wp-json\/wp\/v2\/posts"}],"about":[{"href":"https:\/\/www.europesays.com\/it\/wp-json\/wp\/v2\/types\/post"}],"author":[{"embeddable":true,"href":"https:\/\/www.europesays.com\/it\/wp-json\/wp\/v2\/users\/3"}],"replies":[{"embeddable":true,"href":"https:\/\/www.europesays.com\/it\/wp-json\/wp\/v2\/comments?post=116915"}],"version-history":[{"count":0,"href":"https:\/\/www.europesays.com\/it\/wp-json\/wp\/v2\/posts\/116915\/revisions"}],"wp:featuredmedia":[{"embeddable":true,"href":"https:\/\/www.europesays.com\/it\/wp-json\/wp\/v2\/media\/116916"}],"wp:attachment":[{"href":"https:\/\/www.europesays.com\/it\/wp-json\/wp\/v2\/media?parent=116915"}],"wp:term":[{"taxonomy":"category","embeddable":true,"href":"https:\/\/www.europesays.com\/it\/wp-json\/wp\/v2\/categories?post=116915"},{"taxonomy":"post_tag","embeddable":true,"href":"https:\/\/www.europesays.com\/it\/wp-json\/wp\/v2\/tags?post=116915"}],"curies":[{"name":"wp","href":"https:\/\/api.w.org\/{rel}","templated":true}]}}