{"id":116928,"date":"2025-09-18T23:52:10","date_gmt":"2025-09-18T23:52:10","guid":{"rendered":"https:\/\/www.europesays.com\/it\/116928\/"},"modified":"2025-09-18T23:52:10","modified_gmt":"2025-09-18T23:52:10","slug":"siete-complici-del-genocidio-pro-pal-interrompono-consiglio-comunale-di-milano","status":"publish","type":"post","link":"https:\/\/www.europesays.com\/it\/116928\/","title":{"rendered":"&#8220;Siete complici del genocidio&#8221;. Pro Pal interrompono Consiglio comunale di Milano"},"content":{"rendered":"<p>I lavori del <strong>Consiglio comunale di Milano<\/strong> sono stati interrotti questo pomeriggio da una <strong>manifestazione pro Pal<\/strong>, che ha costretto il presidente Elena Buscemi a sospedere la seduta, chiedendo che gli attivisti fossero accompagnati all&#8217;esterno dell&#8217;aula per poter riprendere i lavori. Alcuni attivisti si sono infiltrati nel pubblico che, regolarmente e per trasparenza pu\u00f2 assistere alle sedute e a un certo punto si sono alzati per interrompere la seduta al grido di &#8220;Palestina libera&#8221; e &#8220;Stop al genocidio&#8221;, mostrando anche bandiere palestinesi. Si tratta in realt\u00e0 di un piccolo gruppo che, tra le altre cose, ha chiesto all&#8217;aula di &#8220;interrompere i rapporti con la citt\u00e0 di Tel Aviv perch\u00e9 \u00e8 una vergogna, alcuni Comuni lo hanno gi\u00e0 fatto, dovete vergognarvi. Siete <strong>complici del genocidio<\/strong>&#8220;.<\/p>\n<p>I manifestanti sono stati accompagnati all&#8217;esterno dalla forza pubblica ma nel frattempo un consigliere della maggioranza, Gianmaria Radice dei Riformisti, che non riusciva a portare avanti il suo intervento, ha a sua volta gridato contro i manifestanti: &#8220;Siete degli <strong>antidemocratici<\/strong>, siete come gli studenti di Pisa&#8221;. Alcuni consiglieri del Pd e di Europa Verde, invece, si sono avvicinati ai manifestanti, spiegando che proprio in questi giorni stanno raccogliendo le firme per un ordine del giorno che chiede al Comune di interrompere i rapporti con Tel Aviv. &#8220;Abbiamo assistito a un chiaro esempio di cosa voglia dire essere antidemocratici, con un&#8217;<strong>operazione squadrista<\/strong> tipica della sinistra italiana che in piazza sostiene questi delinquenti e al di fuori sta in silezio di fronte anche a quella che \u00e8 la privazione della parola, per altro nei confronti di un membro della maggioranza di Renzi, che invano cercava di prendere la parola e di intervenire e veniva zittito&#8221;, ha spiegato a il Giornale <strong>Samuele Piscina<\/strong>, Segretario Lega per Salvini premier Milan, consigliere comunale di Milano e capogruppo Citt\u00e0 metropolitana di Milano.<\/p>\n<p>La presidente Buscemi, ha aggiunto Piscina, &#8220;ha aspettato diversi minuti prima di intervenire contro questa privazione della libert\u00e0 di espressione e il silenzio, oltre al fatto che molti esponenti di sinistra sono anche andati accanto a questi delinquenti, lo troviamo eloquente. Per altro, negli scontri di marted\u00ec c&#8217;erano, nello stesso corteo anche diversi esponenti del Pd e troviamo vergognosi che ci siano questi appoggi della sinistra a queste <strong>frange violente, antidemocratiche e sovversive<\/strong>&#8220;. Per altro, ha sottolineato Piscina, hanno esposto la bandiera al contrario e questo \u00e8 &#8220;esemplare dell&#8217;ignoranza di queste persone che non sanno nemmeno da che parte si espone una bandiera e non sono in grado di capire le problematiche legate a un <strong>conflitto iniziato da Hamas <\/strong>nella Striscia di Gaza&#8221;.<\/p>\n<p>La richiesta \u00e8 che la sinistra prenda &#8220;subito le distanze e dica chiaramente che le battaglie antidemocratiche di questi facinorosi non devono essere parte di un sistema democratico repubblicano&#8221;.\n<\/p>\n<p> Il clima politico \u00e8 evidentemente rovente e lo dimostra non solo quanto accaduto in aula oggi a Palazzo Marino ma anche l&#8217;aggressione del professore a Pisa, la frase &#8220;vi abbiamo appesi gi\u00e0 una volta a testa in gi\u00f9&#8221; pronunciata da un consigliere comunale del Pd a Genova ma anche la frase pronunciata in un consiglio di zona di Milano, come stigmatizzato dal presidente del Senato,<strong> Ignazio La Russa<\/strong>: &#8220;Un consigliere di sinistra, per dire che non bisognava commemorare Charlie Kirk, ha detto \u2018se commemoriamo lui dobbiamo commemorare anche quelli delle Brigate rosse che sono morti, perch\u00e9 anche loro in fin dei conti sono morti per le loro idee\u2019 o qualcosa del genere. Facendo un equazione: chi la pensa in un modo \u00e8 uguale a chi ha ucciso per come pensa&#8221;.<\/p>\n","protected":false},"excerpt":{"rendered":"I lavori del Consiglio comunale di Milano sono stati interrotti questo pomeriggio da una manifestazione pro Pal, che&hellip;\n","protected":false},"author":3,"featured_media":116929,"comment_status":"","ping_status":"","sticky":false,"template":"","format":"standard","meta":{"footnotes":""},"categories":[79],"tags":[7222,14,93,94,1537,90,89,68106,7,15,11,84,91,12,85,92],"class_list":{"0":"post-116928","1":"post","2":"type-post","3":"status-publish","4":"format-standard","5":"has-post-thumbnail","7":"category-italia","8":"tag-comune-di-milano","9":"tag-cronaca","10":"tag-cronaca-italiana","11":"tag-cronacaitaliana","12":"tag-it","13":"tag-italia","14":"tag-italy","15":"tag-manifestazione-pro-palestina","16":"tag-news","17":"tag-notizie","18":"tag-ultime-notizie","19":"tag-ultime-notizie-e-news-di-oggi","20":"tag-ultime-notizie-italia","21":"tag-ultimenotizie","22":"tag-ultimenotizieenewsdioggi","23":"tag-ultimenotizieitalia"},"share_on_mastodon":{"url":"","error":""},"_links":{"self":[{"href":"https:\/\/www.europesays.com\/it\/wp-json\/wp\/v2\/posts\/116928","targetHints":{"allow":["GET"]}}],"collection":[{"href":"https:\/\/www.europesays.com\/it\/wp-json\/wp\/v2\/posts"}],"about":[{"href":"https:\/\/www.europesays.com\/it\/wp-json\/wp\/v2\/types\/post"}],"author":[{"embeddable":true,"href":"https:\/\/www.europesays.com\/it\/wp-json\/wp\/v2\/users\/3"}],"replies":[{"embeddable":true,"href":"https:\/\/www.europesays.com\/it\/wp-json\/wp\/v2\/comments?post=116928"}],"version-history":[{"count":0,"href":"https:\/\/www.europesays.com\/it\/wp-json\/wp\/v2\/posts\/116928\/revisions"}],"wp:featuredmedia":[{"embeddable":true,"href":"https:\/\/www.europesays.com\/it\/wp-json\/wp\/v2\/media\/116929"}],"wp:attachment":[{"href":"https:\/\/www.europesays.com\/it\/wp-json\/wp\/v2\/media?parent=116928"}],"wp:term":[{"taxonomy":"category","embeddable":true,"href":"https:\/\/www.europesays.com\/it\/wp-json\/wp\/v2\/categories?post=116928"},{"taxonomy":"post_tag","embeddable":true,"href":"https:\/\/www.europesays.com\/it\/wp-json\/wp\/v2\/tags?post=116928"}],"curies":[{"name":"wp","href":"https:\/\/api.w.org\/{rel}","templated":true}]}}