{"id":116941,"date":"2025-09-19T00:07:15","date_gmt":"2025-09-19T00:07:15","guid":{"rendered":"https:\/\/www.europesays.com\/it\/116941\/"},"modified":"2025-09-19T00:07:15","modified_gmt":"2025-09-19T00:07:15","slug":"caja-rural-seguros-rga-fernando-barcelo-rinnova-per-un-anno","status":"publish","type":"post","link":"https:\/\/www.europesays.com\/it\/116941\/","title":{"rendered":"Caja Rural-Seguros RGA, Fernando Barcel\u00f3 rinnova per un anno"},"content":{"rendered":"<p>\t\t<img width=\"2000\" height=\"1333\" src=\"https:\/\/www.europesays.com\/it\/wp-content\/uploads\/2025\/09\/Barcelo.jpg\" class=\"attachment-full size-full wp-post-image\" alt=\"\" data-main-img=\"1\" decoding=\"async\" fetchpriority=\"high\"  \/><\/p>\n<p>\t\t\t\t\t\t\t \u00a9 Sprint Cycling<\/p>\n<p>\t\t\t\t\t<a href=\"https:\/\/cyclingpro.net\/spaziociclismo\/altro\/scopri-lapp-ufficiale-di-spaziociclismo\/\" title=\"\" rel=\"nofollow noopener\" target=\"_blank\"><br \/>\n\t\t\t\t\t\t<img loading=\"lazy\" decoding=\"async\" src=\"https:\/\/www.europesays.com\/it\/wp-content\/uploads\/2025\/09\/1758060682_662_Banner-App-SpazioCiclismo.png\" alt=\"\" width=\"728\" height=\"91\"\/><br \/>\n\t\t\t\t\t<\/a><\/p>\n<p><strong>Fernando Barcel\u00f3\u00a0<\/strong>rimane alla\u00a0<strong>Caja Rural-Seguros RGA<\/strong>. La formazione spagnola ha annunciato di aver rinnovato per un anno il contratto del classe \u201996, che correr\u00e0 cos\u00ec la sua quinta stagione con il team in cui \u00e8 approdato nel 2022 dopo l\u2019esperienza biennale in Cofidis. Quest\u2019anno il 29enne si \u00e8 piazzato secondo ai campionati nazionali spagnoli, prima di partecipare alla Vuelta a Espa\u00f1a 2025. Prima di questo nuovo annuncio di <strong>CicloMercato<\/strong>, la <strong>Caja Rural-Seguros RGA\u00a0<\/strong>aveva confermato la promozione dal team Continental di <strong>Ellande Larronde<\/strong>,\u00a0<strong>Iker Villar<\/strong> e<strong>\u00a0Jos\u00e9 F\u00e9lix Parra<\/strong>, oltre al rinnovo di <strong>Abel Balderstone<\/strong>.<\/p>\n<blockquote class=\"twitter-tweet\">\n<p dir=\"ltr\" lang=\"es\">5\ufe0f\u20e3 <a href=\"https:\/\/twitter.com\/barcelofer?ref_src=twsrc%5Etfw\" rel=\"nofollow noopener\" target=\"_blank\">@barcelofer<\/a> cumplir\u00e1 su quinta temporada con Caja Rural-Seguros RGA despu\u00e9s de completar su mejor temporada con nosotros. Muy regular, cerca de las victorias, destacando la plata del Campeonato de Espa\u00f1a de Granada.<\/p>\n<p>\ud83d\udcf7 Un a\u00f1o m\u00e1s: <a href=\"https:\/\/t.co\/rIGuHH8cw7\" rel=\"nofollow\">https:\/\/t.co\/rIGuHH8cw7<\/a><a href=\"https:\/\/twitter.com\/hashtag\/S%C3%BAmateAlVerde?src=hash&amp;ref_src=twsrc%5Etfw\" rel=\"nofollow noopener\" target=\"_blank\">#S\u00famateAlVerde<\/a> \ud83d\udc9a <a href=\"https:\/\/t.co\/51JOh9GzUc\" rel=\"nofollow\">pic.twitter.com\/51JOh9GzUc<\/a><\/p>\n<p>\u2014 Team Caja Rural-RGA (@CajaRural_RGA) <a href=\"https:\/\/twitter.com\/CajaRural_RGA\/status\/1968589120533352545?ref_src=twsrc%5Etfw\" rel=\"nofollow noopener\" target=\"_blank\">September 18, 2025<\/a><\/p>\n<\/blockquote>\n<p>Seguici<\/p>\n<p>\t\t\t\t\t\t\t\t\t\t<a href=\"https:\/\/news.google.com\/publications\/CAAqBwgKMNaVhQswhaiCAw?hl=it&amp;gl=IT&amp;ceid=IT%3Ait\" title=\"Google News\" target=\"_blank\" rel=\"nofollow noopener\" class=\"post-followus-btn google-new-btn\"><br \/>\n\t\t\t\t\t\t<img decoding=\"async\" src=\"https:\/\/cyclingpro.net\/spaziociclismo\/wp-content\/themes\/jannah\/assets\/images\/google-news.svg\" alt=\"Google News\" loading=\"lazy\" width=\"120\" height=\"22\"\/><br \/>\n\t\t\t\t\t<\/a><br \/>\n\t\t\t\t\t\t\t\t\t\t<a href=\"https:\/\/flipboard.com\/@SpazioCiclismo\" title=\"Flipboard\" target=\"_blank\" rel=\"nofollow noopener\" class=\"post-followus-btn flipboard-btn\"><br \/>\n\t\t\t\t\t\t<img decoding=\"async\" src=\"https:\/\/cyclingpro.net\/spaziociclismo\/wp-content\/themes\/jannah\/assets\/images\/flipboard.svg\" alt=\"Flipboard\" loading=\"lazy\" width=\"152\" height=\"30\"\/><br \/>\n\t\t\t\t\t<\/a><\/p>\n<p>\t<script async src=\"https:\/\/platform.twitter.com\/widgets.js\" charset=\"utf-8\"><\/script><\/p>\n","protected":false},"excerpt":{"rendered":"\u00a9 Sprint Cycling Fernando Barcel\u00f3\u00a0rimane alla\u00a0Caja Rural-Seguros RGA. La formazione spagnola ha annunciato di aver rinnovato per un&hellip;\n","protected":false},"author":3,"featured_media":116942,"comment_status":"","ping_status":"","sticky":false,"template":"","format":"standard","meta":{"footnotes":""},"categories":[1456],"tags":[45174,1824,1849,1825,80333,1537,90,89,245,244],"class_list":{"0":"post-116941","1":"post","2":"type-post","3":"status-publish","4":"format-standard","5":"has-post-thumbnail","7":"category-ciclismo","8":"tag-caja-rural-seguros-rga-2025","9":"tag-ciclismo","10":"tag-ciclomercato-2026","11":"tag-cycling","12":"tag-fernando-barcelo","13":"tag-it","14":"tag-italia","15":"tag-italy","16":"tag-sport","17":"tag-sports"},"share_on_mastodon":{"url":"","error":""},"_links":{"self":[{"href":"https:\/\/www.europesays.com\/it\/wp-json\/wp\/v2\/posts\/116941","targetHints":{"allow":["GET"]}}],"collection":[{"href":"https:\/\/www.europesays.com\/it\/wp-json\/wp\/v2\/posts"}],"about":[{"href":"https:\/\/www.europesays.com\/it\/wp-json\/wp\/v2\/types\/post"}],"author":[{"embeddable":true,"href":"https:\/\/www.europesays.com\/it\/wp-json\/wp\/v2\/users\/3"}],"replies":[{"embeddable":true,"href":"https:\/\/www.europesays.com\/it\/wp-json\/wp\/v2\/comments?post=116941"}],"version-history":[{"count":0,"href":"https:\/\/www.europesays.com\/it\/wp-json\/wp\/v2\/posts\/116941\/revisions"}],"wp:featuredmedia":[{"embeddable":true,"href":"https:\/\/www.europesays.com\/it\/wp-json\/wp\/v2\/media\/116942"}],"wp:attachment":[{"href":"https:\/\/www.europesays.com\/it\/wp-json\/wp\/v2\/media?parent=116941"}],"wp:term":[{"taxonomy":"category","embeddable":true,"href":"https:\/\/www.europesays.com\/it\/wp-json\/wp\/v2\/categories?post=116941"},{"taxonomy":"post_tag","embeddable":true,"href":"https:\/\/www.europesays.com\/it\/wp-json\/wp\/v2\/tags?post=116941"}],"curies":[{"name":"wp","href":"https:\/\/api.w.org\/{rel}","templated":true}]}}