{"id":116943,"date":"2025-09-19T00:11:15","date_gmt":"2025-09-19T00:11:15","guid":{"rendered":"https:\/\/www.europesays.com\/it\/116943\/"},"modified":"2025-09-19T00:11:15","modified_gmt":"2025-09-19T00:11:15","slug":"derby-lazio-roma-allarme-ultras-stranieri-e-rischio-incidenti","status":"publish","type":"post","link":"https:\/\/www.europesays.com\/it\/116943\/","title":{"rendered":"Derby Lazio-Roma, allarme ultras stranieri e rischio incidenti"},"content":{"rendered":"<p>                                Attese almeno otto tifoserie ospiti delle due curve per il derby. Presenti anche gli Sharks del Wisla Cracovia: l&#8217;ultima volta fin\u00ec malissimo&#8230;<\/p>\n<p>            <a class=\"image is-50x50\" href=\"https:\/\/www.gazzetta.it\/redazione\/andrea-pugliese\/\" rel=\"nofollow noopener\" target=\"_blank\"><br \/>\n                <img decoding=\"async\" class=\"is-rounded\" src=\"https:\/\/www.europesays.com\/it\/wp-content\/uploads\/2025\/09\/andrea_pugliese.png\" alt=\"Andrea Pugliese\"\/><br \/>\n            <\/a><\/p>\n<p>Giornalista<\/p>\n<p>                    18 settembre 2025 (modifica alle 23:03)  &#8211; ROMA<\/p>\n<p class=\"paragraph\" spellcheck=\"true\">L\u2019allerta \u00e8 massima, perch\u00e9 la prova di maturit\u00e0 dello scorso 13 aprile \u00e8 stata miseramente fallita, con 24 agenti feriti e 6 ultr\u00e0 arrestati. Ma \u00e8 massima pure perch\u00e9, proprio come nell\u2019ultimo derby, anche domenica 21 settembre ci saranno numerose infiltrazioni di tifoserie estere. Di fatto, quelle storicamente alleate con gli ultr\u00e0 di Lazio e Roma. Tifoserie calde, da sempre pronte allo scontro e a creare disordini ovunque vadano in giro per l\u2019Europa. Le due tifoserie romane da tempo hanno virato a destra e la geografia delle alleanze nasce anche in base alle stesse idee politiche dei principali gruppi ultr\u00e0 delle due curve.<\/p>\n<p>    la geografia\u2014 \u00a0<\/p>\n<p class=\"paragraph is-inline\" spellcheck=\"true\">Domenica a pranzo \u00e8 quindi assai probabile che in Curva Sud al fianco dei \u201cfratelli\u201d giallorossi si vedano i greci del Gate 13 (Panathinaikos), gli spagnoli del Frente Atletico (Atletico Madrid) e i croati del Bad Blu Boys (Dinamo Zagabria). Tra l\u2019altro, qualcuno di questi potrebbe presentarsi anche mercoled\u00ec 24 settembre a Nizza, quando la Roma far\u00e0 il suo esordio in Europa League contro una squadra la cui tifoseria \u00e8 da tempo gemellata con quella dell\u2019Inter (e, quindi, per propriet\u00e0 transitiva anche assai vicina a quella laziale). In Curva Nord, invece, domenica sono attesi i tifosi di quattro gruppi \u201camici\u201d dei biancocelesti: i tedeschi del Lokomotive Lipsia (sia gli Ultras sia i Blue Side Lok), i polacchi degli Sharks Hooligans (Wisla Cracovia), i bulgari del Sofia West (Levski Sofia) e gli inglesi degli Inner City Firm (West Ham). Tutte tifoserie che negli anni si sono avvicinate a  quelle di Roma e Lazio, approfondendo spesso il rapporto e dandosi una mano vicendevole.<\/p>\n<p>    alleanza\u2014 \u00a0<\/p>\n<p class=\"paragraph is-inline\" spellcheck=\"true\">I tifosi greci del Panathinaikos, tra l\u2019altro, sono pronti a ospitare i \u201cfratelli\u201d giallorossi il prossimo 29 gennaio, per l\u2019ultima partita del girone di Europa League. E in questi giorni si parler\u00e0 anche di questo, considerando la rivalit\u00e0 comune con la tifoseria dell\u2019Olympiacos. Basti pensare che quest\u2019ultima \u00e8 gemellata con gli ultr\u00e0 della Stella Rossa. Quelli che nel 2023 furono protagonisti dell\u2019onta dello striscione dei Fedayn rubato e poi bruciato a Belgrado. O ricordare gli episodi del 2006, quando a Roma un gruppo di ultr\u00e0 giallorossi fece irruzione alle 2 di notte in un albergo a caccia di greci (uno fu ferito con una \u201cpuncicata\u201d alla coscia), a cui fece seguito l\u2019assalto a un pullman di tifosi biancorossi, che si tent\u00f2 tra l\u2019altro di dare alle fiamme. Furono arrestati 9 tifosi della Roma, tra mazze chiodate e manganelli. Il tutto per vendicare le aggressioni di due settimane prima, ad Atene, quando furono invece i tifosi dell\u2019Olympiacos ad assaltare il pullman giallorosso con pietre e molotov.<\/p>\n<p>    i precedenti\u2014 \u00a0<\/p>\n<p class=\"paragraph is-inline\" spellcheck=\"true\">Insomma, il clima \u00e8 caldissimo, anche perch\u00e9 quando i polacchi degli Sharks Hooligans vennero in massa nel 2015, gli scontri furono fortissimi, anche con le forze dell\u2019ordine, con gli hooligans tutti rigorosamente mascherati. Scontri che si sono poi ripetuti pure ad aprile del 2024, quando il derby fu giocato anche in quell\u2019occasione alle 12.30. Quel giorno i disordini iniziarono presto, intorno alle 9.30 di mattina, con circa 300 ultr\u00e0 di Lazio e Roma che cercarono di entrare in contatto tra di loro, con lancio di bombe carta e oggetti contundenti nei confronti dei cordoni di polizia schierati tra le due tifoserie, proprio per evitare gli scontri.<\/p>\n<p><a class=\"is-partner-link\" href=\"https:\/\/fantacampionato.gazzetta.it\/home\/?cmpid=PWPS_fantacampionato_cta25%20\" rel=\"nofollow noopener\" target=\"_blank\">Fantacampionato, ci siamo! La classifica generale parte alla 6\u00aa giornata &#8211; sei ancora in tempo per vincere auto, moto, e-bike e molto altro. Gioca ora!<\/a><\/p>\n<p>    il meeting\u2014 \u00a0<\/p>\n<p class=\"paragraph is-inline\" spellcheck=\"true\">E l\u2019allerta \u00e8 massima anche perch\u00e9 Roma non vuole macchiare la sua immagine cittadina. Ieri, ad esempio, nella Capitale si \u00e8 svolto un importante incontro tra il sindaco Gualtieri, l\u2019Uefa, la Figc e il club giallorosso. L\u2019ipotesi emersa  \u00e8 quella di avere due stadi a Roma per gli Europei 2032: l\u2019Olimpico e Pietralata. Ma le guerre tra ultr\u00e0 potrebbero rovinare un po\u2019 tutto&#8230;<\/p>\n<p class=\"is-copyright\">\u00a9 RIPRODUZIONE RISERVATA<\/p>\n","protected":false},"excerpt":{"rendered":"Attese almeno otto tifoserie ospiti delle due curve per il derby. Presenti anche gli Sharks del Wisla Cracovia:&hellip;\n","protected":false},"author":3,"featured_media":116944,"comment_status":"","ping_status":"","sticky":false,"template":"","format":"standard","meta":{"footnotes":""},"categories":[1452],"tags":[4167,80337,3587,4604,5358,721,41961,11507,16611,5187,66479,1112,3085,39015,1740,322,80338,80339,49898,5290,5288,26908,4067,80335,1537,90,89,5188,78333,1980,1219,39538,32502,26582,80340,80341,7043,987,8567,407,80336,80342,1739,4849,245,244,80334,6035,2199,31455],"class_list":{"0":"post-116943","1":"post","2":"type-post","3":"status-publish","4":"format-standard","5":"has-post-thumbnail","7":"category-calcio","8":"tag-allerta","9":"tag-allerta-massima","10":"tag-aprile","11":"tag-arrestati","12":"tag-atletico","13":"tag-calcio","14":"tag-cracovia","15":"tag-curva","16":"tag-curve","17":"tag-derby","18":"tag-disordini","19":"tag-domenica","20":"tag-europa","21":"tag-europa-league","22":"tag-football","23":"tag-fratelli","24":"tag-fratelli-giallorossi","25":"tag-gemellata","26":"tag-geografia","27":"tag-giallorossi","28":"tag-giallorosso","29":"tag-greci","30":"tag-gruppi","31":"tag-hooligans","32":"tag-it","33":"tag-italia","34":"tag-italy","35":"tag-lazio","36":"tag-lazio-roma","37":"tag-league","38":"tag-massima","39":"tag-olympiacos","40":"tag-panathinaikos","41":"tag-polacchi","42":"tag-polacchi-sharks","43":"tag-polacchi-sharks-hooligans","44":"tag-pullman","45":"tag-roma","46":"tag-scontri","47":"tag-settembre","48":"tag-sharks","49":"tag-sharks-hooligans","50":"tag-soccer","51":"tag-sofia","52":"tag-sport","53":"tag-sports","54":"tag-tifoserie","55":"tag-tifosi","56":"tag-ultima","57":"tag-ultra"},"share_on_mastodon":{"url":"","error":""},"_links":{"self":[{"href":"https:\/\/www.europesays.com\/it\/wp-json\/wp\/v2\/posts\/116943","targetHints":{"allow":["GET"]}}],"collection":[{"href":"https:\/\/www.europesays.com\/it\/wp-json\/wp\/v2\/posts"}],"about":[{"href":"https:\/\/www.europesays.com\/it\/wp-json\/wp\/v2\/types\/post"}],"author":[{"embeddable":true,"href":"https:\/\/www.europesays.com\/it\/wp-json\/wp\/v2\/users\/3"}],"replies":[{"embeddable":true,"href":"https:\/\/www.europesays.com\/it\/wp-json\/wp\/v2\/comments?post=116943"}],"version-history":[{"count":0,"href":"https:\/\/www.europesays.com\/it\/wp-json\/wp\/v2\/posts\/116943\/revisions"}],"wp:featuredmedia":[{"embeddable":true,"href":"https:\/\/www.europesays.com\/it\/wp-json\/wp\/v2\/media\/116944"}],"wp:attachment":[{"href":"https:\/\/www.europesays.com\/it\/wp-json\/wp\/v2\/media?parent=116943"}],"wp:term":[{"taxonomy":"category","embeddable":true,"href":"https:\/\/www.europesays.com\/it\/wp-json\/wp\/v2\/categories?post=116943"},{"taxonomy":"post_tag","embeddable":true,"href":"https:\/\/www.europesays.com\/it\/wp-json\/wp\/v2\/tags?post=116943"}],"curies":[{"name":"wp","href":"https:\/\/api.w.org\/{rel}","templated":true}]}}