{"id":116951,"date":"2025-09-19T00:16:11","date_gmt":"2025-09-19T00:16:11","guid":{"rendered":"https:\/\/www.europesays.com\/it\/116951\/"},"modified":"2025-09-19T00:16:11","modified_gmt":"2025-09-19T00:16:11","slug":"golpe-il-nuovo-singolo-di-giorgia-esce-domani-lanteprima-del-video-girato-a-galatina","status":"publish","type":"post","link":"https:\/\/www.europesays.com\/it\/116951\/","title":{"rendered":"Golpe, il nuovo singolo di Giorgia esce domani. L&#8217;anteprima del video girato a Galatina"},"content":{"rendered":"<p>Dopo un anno ricco di successi e riconoscimenti, <strong><a href=\"https:\/\/www.quotidianodipuglia.it\/t\/giorgia\" rel=\"nofollow noopener\" target=\"_blank\">Giorgia<\/a><\/strong> torna con &#8220;Golpe&#8221;, il nuovo <strong><a href=\"https:\/\/www.quotidianodipuglia.it\/t\/singolo\" rel=\"nofollow noopener\" target=\"_blank\">singolo<\/a><\/strong> che si potr\u00e0 ascoltare in radio e in digitale a partire da domani, venerd\u00ec 19 settembre,\u00a0presentato in anteprima a sorpresa l&#8217;altra sera sul palco dei Tim Music Awards. Il brano \u00e8 una ballata pop d&#8217;autore intensa e potente che unisce le penne di autori come Edoardo D&#8217;Erme, Davide Petrella, Dario Faini e Gaetano Scognamiglio, oltre alla stessa Giorgia, con la produzione di Dardust. E il videoclip vede protagonista Giorgia vestita di bianco con il marito Emanuel Lo e lo sfondo del centro storico di <strong><a href=\"https:\/\/www.quotidianodipuglia.it\/t\/galatina\" rel=\"nofollow noopener\" target=\"_blank\">Galatina<\/a><\/strong>.<\/p>\n<p><p>APPROFONDIMENTI<\/p>\n<p>       <a href=\"https:\/\/www.quotidianodipuglia.it\/spettacoli\/galatina_ancora_protagonista_giorgia_salento_set_di_golpe-9032341.html\" title=\"Galatina ancora protagonista con Giorgia: nel Salento il set di \u201cGolpe\u201d\" rel=\"nofollow noopener\" target=\"_blank\"><img loading=\"lazy\" decoding=\"async\" src=\"https:\/\/www.europesays.com\/it\/wp-content\/uploads\/2025\/09\/9032341_26235225_giorgia_galatina.jpg\" title=\"Galatina ancora protagonista con Giorgia: nel Salento il set di \u201cGolpe\u201d\" width=\"264\" height=\"144\"\/><\/a>          <\/p>\n<p>Intanto, \u00e8 proprio la cantante a pubblicare un&#8217;anteprima del video sul proprio profilo Instagram:<\/p>\n<p>Le riprese &#8211; sotto una pioggia simulata &#8211; sembrano essere quelle della scena di un matrimonio celebrato nella chiesa di San Pietro e Paolo, ma solo venerd\u00ec, vedendo il videoclip nella sua interezza, si potr\u00e0 sapere qualcosa in pi\u00f9. In questi giorni Giorgia concluder\u00e0 con gli ultimi due live &#8211; domani e il 26 settembre alla Reggia di Caserta &#8211; il &#8220;Come saprei live 2025&#8221;, tour con cui ha festeggiato i trent&#8217;anni del suo brano iconico &#8220;Come Saprei&#8221;. In autunno, invece, doppia tappa pugliese il 18 dicembre (gi\u00e0 sold out) e poi ancora il 18 marzo al Palaflorio di Bari. Intanto, Giorgia \u00e8 tornata in tv alla conduzione della nuova edizione di XFactor mentre nella &#8220;sua&#8221; Galatina \u00e8 parte attiva del comitato promotore per la candidatura della citt\u00e0 come Capitale italiana della Cultura nel 2028.<\/p>\n<p>\u00a9 RIPRODUZIONE RISERVATA<\/p>\n","protected":false},"excerpt":{"rendered":"Dopo un anno ricco di successi e riconoscimenti, Giorgia torna con &#8220;Golpe&#8221;, il nuovo singolo che si potr\u00e0&hellip;\n","protected":false},"author":3,"featured_media":116952,"comment_status":"","ping_status":"","sticky":false,"template":"","format":"standard","meta":{"footnotes":""},"categories":[1443],"tags":[203,54569,125,38473,204,1537,90,89,1538,1539,4409],"class_list":{"0":"post-116951","1":"post","2":"type-post","3":"status-publish","4":"format-standard","5":"has-post-thumbnail","7":"category-musica","8":"tag-entertainment","9":"tag-galatina","10":"tag-giorgia","11":"tag-golpe","12":"tag-intrattenimento","13":"tag-it","14":"tag-italia","15":"tag-italy","16":"tag-music","17":"tag-musica","18":"tag-singolo"},"share_on_mastodon":{"url":"","error":""},"_links":{"self":[{"href":"https:\/\/www.europesays.com\/it\/wp-json\/wp\/v2\/posts\/116951","targetHints":{"allow":["GET"]}}],"collection":[{"href":"https:\/\/www.europesays.com\/it\/wp-json\/wp\/v2\/posts"}],"about":[{"href":"https:\/\/www.europesays.com\/it\/wp-json\/wp\/v2\/types\/post"}],"author":[{"embeddable":true,"href":"https:\/\/www.europesays.com\/it\/wp-json\/wp\/v2\/users\/3"}],"replies":[{"embeddable":true,"href":"https:\/\/www.europesays.com\/it\/wp-json\/wp\/v2\/comments?post=116951"}],"version-history":[{"count":0,"href":"https:\/\/www.europesays.com\/it\/wp-json\/wp\/v2\/posts\/116951\/revisions"}],"wp:featuredmedia":[{"embeddable":true,"href":"https:\/\/www.europesays.com\/it\/wp-json\/wp\/v2\/media\/116952"}],"wp:attachment":[{"href":"https:\/\/www.europesays.com\/it\/wp-json\/wp\/v2\/media?parent=116951"}],"wp:term":[{"taxonomy":"category","embeddable":true,"href":"https:\/\/www.europesays.com\/it\/wp-json\/wp\/v2\/categories?post=116951"},{"taxonomy":"post_tag","embeddable":true,"href":"https:\/\/www.europesays.com\/it\/wp-json\/wp\/v2\/tags?post=116951"}],"curies":[{"name":"wp","href":"https:\/\/api.w.org\/{rel}","templated":true}]}}