{"id":116957,"date":"2025-09-19T00:20:11","date_gmt":"2025-09-19T00:20:11","guid":{"rendered":"https:\/\/www.europesays.com\/it\/116957\/"},"modified":"2025-09-19T00:20:11","modified_gmt":"2025-09-19T00:20:11","slug":"veronica-pivetti-provo-gioia-ad-avere-60-anni-sono-libera-e-a-questa-eta-noi-donne-siamo-molto-vive-rivendico-le-mie-pulsioni-sentimentali","status":"publish","type":"post","link":"https:\/\/www.europesays.com\/it\/116957\/","title":{"rendered":"Veronica Pivetti: \u00abProvo gioia ad avere 60 anni, sono libera. E a questa et\u00e0 noi donne siamo molto vive: rivendico le mie pulsioni sentimentali\u00bb"},"content":{"rendered":"<p>Evelina \u00e8 fricchettona, come viene descritta, insegna all\u2019Accademia di Belle Arti di Ancona, mentre Milla \u00e8 una donna borghese precisina. \u00abMi assomiglia un po\u2019\u00bb, dice <strong>Carla Signoris<\/strong>, \u00abanche io alterno momenti da dodicenne insicura e spaesata, a manie di gestione famigliare alla Mario Draghi. Milla ha rinunciato alla carriera per badare alla figlia Flaminia (Laura Adriani, ndr). Di solito le serie che parlano di 60enni sono biografie o tragedie, nella nostra invece si sorride e ci si emoziona. <strong>Le emozioni infatti non cambiano mai<\/strong>: <strong>potrei innamorarmi dopodomani, non mi precludo alcuna esperienza<\/strong>\u00bb<strong>.<\/strong><\/p>\n<p>Balene di Alessandro Casale, liberamente ispirata all\u2019omonimo romanzo di Barbara Cappi e Grazia Giardiello, girata tra Ancona e il Conero, \u00e8 una comedy drama con incursioni nel giallo. S\u00ec, perch\u00e9 le due amiche, tra le varie vicissitudini personali, si mettono a indagare sulla morte dell\u2019amica Adriana. Ed Evelina ha una teoria.<\/p>\n<p>La serie \u00e8 una novit\u00e0 per Rai 1, non solo perch\u00e9 racconta l\u2019amicizia tra due sessantenni, ma perch\u00e9 ci si sofferma sulle loro pulsioni sentimentali (ma non alla maniera di Inganno su Netflix). \u00abAiutiamo i signori a casa e i mariti a pensare che noi donne, anche a quest\u2019et\u00e0, siamo molto vive\u00bb, sottolinea sorridendo Veronica Pivetti, \u00abrivendico queste pulsioni\u00bb. Inoltre attraverso la leggerezza della commedia si toccano temi importanti come il lutto, la relazione con i figli (interpretati da <strong>Filippo Scicchitano<\/strong> e Laura Adriani), <strong>l\u2019et\u00e0 che avanza, le separazioni e il dolore.<\/strong><\/p>\n<p><strong>\u00c8 nata una nuova coppia televisiva?<\/strong> Solo il tempo lo dir\u00e0. Di certo Veronica e Carla insieme funzionano. \u00abLei \u00e8 la buona e io sono la cattiva\u00bb, dice Veronica. \u00abSiamo complementari, abbiamo due caratteri diversi\u00bb, spiega Signoris. \u00abVeronica \u00e8 esuberante e ti sbatte la verit\u00e0 in faccia. Io sono un contenitore. Pi\u00f9 vicina a Milla. Compensandoci usciamo dalle nostre impasse\u00bb.<\/p>\n<p><strong>Nella serie Evelina ha le idee ben chiare sui social<\/strong>: \u00abSono il male assoluto\u00bb. Pivetti non \u00e8 molto distante: \u00abI social esaltano la velocit\u00e0 vigliacca. <strong>Sono purtroppo fasulli<\/strong> e un luogo di grandissima superficialit\u00e0 e frenesia, dove il pensiero \u00e8 ultimo delle preoccupazioni\u00bb. L\u2019amica \u00e8 pi\u00f9 morbida: \u00abNon li demonizzo. Dobbiamo ancora imparare a maneggiarli\u00bb. Nel cast ci sono anche Paolo Sassanelli e Giorgio Tirabassi.<\/p>\n","protected":false},"excerpt":{"rendered":"Evelina \u00e8 fricchettona, come viene descritta, insegna all\u2019Accademia di Belle Arti di Ancona, mentre Milla \u00e8 una donna&hellip;\n","protected":false},"author":3,"featured_media":116958,"comment_status":"","ping_status":"","sticky":false,"template":"","format":"standard","meta":{"footnotes":""},"categories":[174],"tags":[203,204,1537,90,89,9100],"class_list":{"0":"post-116957","1":"post","2":"type-post","3":"status-publish","4":"format-standard","5":"has-post-thumbnail","7":"category-intrattenimento","8":"tag-entertainment","9":"tag-intrattenimento","10":"tag-it","11":"tag-italia","12":"tag-italy","13":"tag-serie-tv"},"share_on_mastodon":{"url":"","error":""},"_links":{"self":[{"href":"https:\/\/www.europesays.com\/it\/wp-json\/wp\/v2\/posts\/116957","targetHints":{"allow":["GET"]}}],"collection":[{"href":"https:\/\/www.europesays.com\/it\/wp-json\/wp\/v2\/posts"}],"about":[{"href":"https:\/\/www.europesays.com\/it\/wp-json\/wp\/v2\/types\/post"}],"author":[{"embeddable":true,"href":"https:\/\/www.europesays.com\/it\/wp-json\/wp\/v2\/users\/3"}],"replies":[{"embeddable":true,"href":"https:\/\/www.europesays.com\/it\/wp-json\/wp\/v2\/comments?post=116957"}],"version-history":[{"count":0,"href":"https:\/\/www.europesays.com\/it\/wp-json\/wp\/v2\/posts\/116957\/revisions"}],"wp:featuredmedia":[{"embeddable":true,"href":"https:\/\/www.europesays.com\/it\/wp-json\/wp\/v2\/media\/116958"}],"wp:attachment":[{"href":"https:\/\/www.europesays.com\/it\/wp-json\/wp\/v2\/media?parent=116957"}],"wp:term":[{"taxonomy":"category","embeddable":true,"href":"https:\/\/www.europesays.com\/it\/wp-json\/wp\/v2\/categories?post=116957"},{"taxonomy":"post_tag","embeddable":true,"href":"https:\/\/www.europesays.com\/it\/wp-json\/wp\/v2\/tags?post=116957"}],"curies":[{"name":"wp","href":"https:\/\/api.w.org\/{rel}","templated":true}]}}