{"id":116963,"date":"2025-09-19T00:23:11","date_gmt":"2025-09-19T00:23:11","guid":{"rendered":"https:\/\/www.europesays.com\/it\/116963\/"},"modified":"2025-09-19T00:23:11","modified_gmt":"2025-09-19T00:23:11","slug":"la-vacanza-di-tiffany-trump-sul-superyacht-libico-e-gli-affari-petroliferi-del-suocero-a-tripoli","status":"publish","type":"post","link":"https:\/\/www.europesays.com\/it\/116963\/","title":{"rendered":"La vacanza di Tiffany Trump sul superyacht libico e gli affari petroliferi del suocero a Tripoli"},"content":{"rendered":"<p>    di<br \/>\n    Redazione Esteri<\/p>\n<p class=\"summary-art is-line-h-12\">Intreccio tra pubblico e privato, l&#8217;inchiesta del New York Times: la figlia del presidente a bordo di un&#8217;imbarcazione di propriet\u00e0 di un broker miliardario<\/p>\n<p class=\"chapter-paragraph\"><b>Una vacanza <\/b>che, scrive il New York Times, \u00abd\u00e0 la misura di quanto sia difficile distinguere gli interessi dell\u2019amministrazione di Donald Trump da quelli della sua famiglia\u00bb.<\/p>\n<p class=\"chapter-paragraph\">Il giornale americano, che il presidente ha citato per danni ritenendolo \u00abil peggiore del mondo\u00bb, racconta di <b>Massad Boulos<\/b>, suocero della figlia di Donald Trump, Tiffany, e dei viaggi che l\u2019uomo ha fatto nel luglio scorso <b>in Libia<\/b>, dove ha avuto incontri con leader governativi e boss del settore energetico.\u00a0<br \/>Il legame familiare con l\u2019inquilino della Casa Bianca non \u00e8 sfuggito a nessuno, tanto che alcuni responsabili libici si riferivano a lui come <b>\u00abAbu Tiffany\u00bb<\/b>, che in arabo significa \u00abil pap\u00e0 di Tiffany\u00bb.    &#13;<br \/>\n&#13;<br \/>\n&#13;<br \/>\n&#13;<br \/>\n&#13;<br \/>\n&#13;<br \/>\n&#13;<br \/>\n&#13;<br \/>\n&#13;<br \/>\n&#13;<br \/>\n&#13;<br \/>\n&#13;<br \/>\n&#13;<br \/>\n&#13;<br \/>\n&#13;<br \/>\n&#13;<br \/>\n&#13;<br \/>\n&#13;<br \/>\n&#13;<br \/>\n&#13;<br \/>\n&#13;<br \/>\n&#13;<br \/>\n&#13;<br \/>\n&#13;<br \/>\n&#13;<br \/>\n&#13;<br \/>\n&#13;<br \/>\n&#13;<br \/>\n&#13;<br \/>\n&#13;<br \/>\n&#13;<br \/>\n&#13;<br \/>\n&#13;<br \/>\n&#13;<br \/>\n&#13;<br \/>\n&#13;<br \/>\n&#13;<br \/>\n&#13;<br \/>\n&#13;<br \/>\n&#13;<br \/>\n&#13;<br \/>\n&#13;<br \/>\n&#13;<br \/>\n&#13;<br \/>\n&#13;<br \/>\n&#13;<br \/>\n&#13;<br \/>\n&#13;<br \/>\n&#13;<br \/>\n&#13;<br \/>\n&#13;<br \/>\n&#13;<br \/>\n&#13;\n<\/p>\n<p class=\"chapter-paragraph\">E mentre Abu Tiffany posava per i fotografi annunciando accordi per accrescere la produzione di petrolio e gas libici, la figlia di Trump con il marito facevano <b>vacanza al largo della Costa Azzurra<\/b> a bordo di <b>uno dei pi\u00f9 grandi superyacht<\/b> esistenti al mondo, guarda caso di propriet\u00e0 di un importante broker petrolifero del Paese che fu di Muhammar Gheddafi.<\/p>\n<p class=\"chapter-paragraph\"><b>Un palazzo galleggiante,<\/b> lo definisce il Times, con due piste per elicottero, una piscina e una statua di quasi sei metri che raffigura una Fenice che si alza dalle fiamme (da cui il nome dell&#8217;imbarcazione: Phoenix 2). Un palazzo che non \u00e8 pi\u00f9 possibile noleggiare: ma quando lo era, costava la bellezza di <b>1,4 milioni di dollari alla settimana<\/b>, con tanto di interni Art Deco e un pianoforte Steinway in dotazione. La barca \u00e8 di propriet\u00e0 del miliardario Ercument Bayegan e di sua moglie Ruya. L\u2019inchiesta del New York Times sostiene che la loro societ\u00e0 petrolifera, la BGN International, beneficer\u00e0 dell\u2019aumento della produzione di greggio di cui Abu Tiffany ha discusso in Libia.<\/p>\n<p class=\"chapter-paragraph\"><b>Tiffany Trump ha postato sui social <\/b>una foto che la ritrae al tramonto a bordo del suddetto yacht accanto al marito, Michael Boulos.  Il padre, Massad Boulos alias Abu Tiffany, \u00e8 considerato l\u2019inviato d\u2019affari dell\u2019amministrazione Trump in Africa. E secondo il Times\u00a0\u00abpersino alcuni membri della cerchia ristretta\u00bb dei fedelissimi del presidente sono preoccupati per la \u00abdiplomazia a ruota libera\u00bb che Boulos senior ha portato avanti anche in Libano e nella Repubblica Democratica del Congo, sul crinale pericoloso tra politica e business, diritti umani e diritti di trivellazione. Mentre il figlio, Michael, gira dicendo che sta facendo affari nel continente.<br \/>\u00a0<br \/><b>Tiffany e il marito non hanno alcun incarico pubblico<\/b>. Ma in questi giorni anche loro erano a bordo dell\u2019Air Force One diretto in Gran Bretagna.  E alla cena di gala con re Carlo il figlio di Abu Tiffany \u00e8 arrivato accanto a Catherine, principessa di Galles e futura regina. Pi\u00f9 introdotto di cos\u00ec. <b>Dal superyacht libico al Castello di Windsor.<\/b>\u00a0<\/p>\n<p class=\"is-last-update\" datetime=\"2025-09-18T19:35:59+02:00\">18 settembre 2025 ( modifica il 18 settembre 2025 | 19:35)<\/p>\n<p class=\"is-copyright\">\n            \u00a9 RIPRODUZIONE RISERVATA\n        <\/p>\n","protected":false},"excerpt":{"rendered":"di Redazione Esteri Intreccio tra pubblico e privato, l&#8217;inchiesta del New York Times: la figlia del presidente a&hellip;\n","protected":false},"author":3,"featured_media":116964,"comment_status":"","ping_status":"","sticky":false,"template":"","format":"standard","meta":{"footnotes":""},"categories":[160],"tags":[34165,80344,5781,178,31,8650,49329,64056,14,164,165,880,1113,206,3384,2716,6169,51,49335,49336,8021,7242,166,11040,11041,16859,7,15,135,14154,80345,49330,6504,379,11,167,12,168,2100,161,162,163,16860,16861],"class_list":{"0":"post-116963","1":"post","2":"type-post","3":"status-publish","4":"format-standard","5":"has-post-thumbnail","7":"category-mondo","8":"tag-abu","9":"tag-abu-tiffany","10":"tag-accanto","11":"tag-affari","12":"tag-amministrazione","13":"tag-bordo","14":"tag-boulos","15":"tag-broker","16":"tag-cronaca","17":"tag-dal-mondo","18":"tag-dalmondo","19":"tag-diritti","20":"tag-donald","21":"tag-donald-trump","22":"tag-figlia","23":"tag-figlio","24":"tag-imbarcazione","25":"tag-inchiesta","26":"tag-inchiesta-new","27":"tag-inchiesta-new-york","28":"tag-libia","29":"tag-marito","30":"tag-mondo","31":"tag-new","32":"tag-new-york","33":"tag-new-york-times","34":"tag-news","35":"tag-notizie","36":"tag-presidente","37":"tag-proprieta","38":"tag-superyacht","39":"tag-tiffany","40":"tag-times","41":"tag-trump","42":"tag-ultime-notizie","43":"tag-ultime-notizie-di-mondo","44":"tag-ultimenotizie","45":"tag-ultimenotiziedimondo","46":"tag-vacanza","47":"tag-world","48":"tag-world-news","49":"tag-worldnews","50":"tag-york","51":"tag-york-times"},"share_on_mastodon":{"url":"","error":""},"_links":{"self":[{"href":"https:\/\/www.europesays.com\/it\/wp-json\/wp\/v2\/posts\/116963","targetHints":{"allow":["GET"]}}],"collection":[{"href":"https:\/\/www.europesays.com\/it\/wp-json\/wp\/v2\/posts"}],"about":[{"href":"https:\/\/www.europesays.com\/it\/wp-json\/wp\/v2\/types\/post"}],"author":[{"embeddable":true,"href":"https:\/\/www.europesays.com\/it\/wp-json\/wp\/v2\/users\/3"}],"replies":[{"embeddable":true,"href":"https:\/\/www.europesays.com\/it\/wp-json\/wp\/v2\/comments?post=116963"}],"version-history":[{"count":0,"href":"https:\/\/www.europesays.com\/it\/wp-json\/wp\/v2\/posts\/116963\/revisions"}],"wp:featuredmedia":[{"embeddable":true,"href":"https:\/\/www.europesays.com\/it\/wp-json\/wp\/v2\/media\/116964"}],"wp:attachment":[{"href":"https:\/\/www.europesays.com\/it\/wp-json\/wp\/v2\/media?parent=116963"}],"wp:term":[{"taxonomy":"category","embeddable":true,"href":"https:\/\/www.europesays.com\/it\/wp-json\/wp\/v2\/categories?post=116963"},{"taxonomy":"post_tag","embeddable":true,"href":"https:\/\/www.europesays.com\/it\/wp-json\/wp\/v2\/tags?post=116963"}],"curies":[{"name":"wp","href":"https:\/\/api.w.org\/{rel}","templated":true}]}}