{"id":116969,"date":"2025-09-19T00:28:11","date_gmt":"2025-09-19T00:28:11","guid":{"rendered":"https:\/\/www.europesays.com\/it\/116969\/"},"modified":"2025-09-19T00:28:11","modified_gmt":"2025-09-19T00:28:11","slug":"crescita-dellassistenza-sanitaria-the-portugal-news","status":"publish","type":"post","link":"https:\/\/www.europesays.com\/it\/116969\/","title":{"rendered":"Crescita dell&#8217;assistenza sanitaria &#8211; The Portugal News"},"content":{"rendered":"<p>I dati dei primi sei mesi di quest&#8217;anno dimostrano che abbiamo effettuato pi\u00f9 interventi chirurgici, pi\u00f9 consultazioni e pi\u00f9 esami diagnostici e terapeutici&#8221;, ha dichiarato Micaela Freitas, Segretario Regionale per la Salute e la Protezione Civile.<\/p>\n<p>I dati ufficiali rivelano che tra gennaio e giugno il Sesaram ha effettuato 9.812 interventi chirurgici e 226.751 consultazioni ospedaliere, oltre a 56.716 interventi di emergenza.<\/p>\n<p>La signora Freitas ha sottolineato che il governo regionale (coalizione PSD\/CDS-PP) continuer\u00e0 a investire in attrezzature moderne e miglioramenti del luogo di lavoro, rafforzando al contempo le risorse umane e adottando strumenti per aumentare l&#8217;efficienza.<\/p>\n<p>Attualmente<a href=\"https:\/\/www.sesaram.pt\/portal\/\" target=\"_blank\" rel=\"nofollow noopener\">il Sesaram<\/a> impiega circa 6.000 professionisti, tra cui 816 medici, 2.025 infermieri, 333 tecnici diagnostici e terapeutici senior, 842 assistenti operativi, 843 tecnici sanitari ausiliari e 636 personale amministrativo.<\/p>\n<p>La segretaria ha osservato che l&#8217;esecutivo ha fatto &#8220;ogni sforzo&#8221; per attrarre e trattenere i professionisti della salute nella regione, sottolineando che &#8220;i medici guadagnano gi\u00e0 di pi\u00f9 a Madeira che sulla terraferma&#8221;.<\/p>\n<p>Tuttavia, ha sottolineato che il reclutamento non dipende solo dagli stipendi. &#8220;Attirare professionisti significa anche migliorare le condizioni di lavoro, e questo si riflette chiaramente nel nuovo ospedale&#8221;, ha affermato.<\/p>\n<p>L&#8217;Ospedale Centrale e Universitario di Madeira, attualmente in costruzione, \u00e8 stato progettato per essere un&#8217;istituzione di riferimento, non solo nella fornitura di assistenza sanitaria ma anche nel campo della ricerca medica, consolidando il ruolo dell&#8217;isola come leader regionale nella fornitura di assistenza sanitaria.<\/p>\n","protected":false},"excerpt":{"rendered":"I dati dei primi sei mesi di quest&#8217;anno dimostrano che abbiamo effettuato pi\u00f9 interventi chirurgici, pi\u00f9 consultazioni e&hellip;\n","protected":false},"author":3,"featured_media":116970,"comment_status":"","ping_status":"","sticky":false,"template":"","format":"standard","meta":{"footnotes":""},"categories":[1481],"tags":[2065,2066,239,2063,2064,1537,90,89,240],"class_list":{"0":"post-116969","1":"post","2":"type-post","3":"status-publish","4":"format-standard","5":"has-post-thumbnail","7":"category-assistenza-sanitaria","8":"tag-assistenza-sanitaria","9":"tag-assistenzasanitaria","10":"tag-health","11":"tag-health-care","12":"tag-healthcare","13":"tag-it","14":"tag-italia","15":"tag-italy","16":"tag-salute"},"share_on_mastodon":{"url":"","error":""},"_links":{"self":[{"href":"https:\/\/www.europesays.com\/it\/wp-json\/wp\/v2\/posts\/116969","targetHints":{"allow":["GET"]}}],"collection":[{"href":"https:\/\/www.europesays.com\/it\/wp-json\/wp\/v2\/posts"}],"about":[{"href":"https:\/\/www.europesays.com\/it\/wp-json\/wp\/v2\/types\/post"}],"author":[{"embeddable":true,"href":"https:\/\/www.europesays.com\/it\/wp-json\/wp\/v2\/users\/3"}],"replies":[{"embeddable":true,"href":"https:\/\/www.europesays.com\/it\/wp-json\/wp\/v2\/comments?post=116969"}],"version-history":[{"count":0,"href":"https:\/\/www.europesays.com\/it\/wp-json\/wp\/v2\/posts\/116969\/revisions"}],"wp:featuredmedia":[{"embeddable":true,"href":"https:\/\/www.europesays.com\/it\/wp-json\/wp\/v2\/media\/116970"}],"wp:attachment":[{"href":"https:\/\/www.europesays.com\/it\/wp-json\/wp\/v2\/media?parent=116969"}],"wp:term":[{"taxonomy":"category","embeddable":true,"href":"https:\/\/www.europesays.com\/it\/wp-json\/wp\/v2\/categories?post=116969"},{"taxonomy":"post_tag","embeddable":true,"href":"https:\/\/www.europesays.com\/it\/wp-json\/wp\/v2\/tags?post=116969"}],"curies":[{"name":"wp","href":"https:\/\/api.w.org\/{rel}","templated":true}]}}