{"id":116977,"date":"2025-09-19T00:36:13","date_gmt":"2025-09-19T00:36:13","guid":{"rendered":"https:\/\/www.europesays.com\/it\/116977\/"},"modified":"2025-09-19T00:36:13","modified_gmt":"2025-09-19T00:36:13","slug":"f1-baku-verstappen-strada-giusta-servono-altri-gp-per-capirlo-news","status":"publish","type":"post","link":"https:\/\/www.europesays.com\/it\/116977\/","title":{"rendered":"F1 Baku, Verstappen: &#8220;Strada giusta? Servono altri GP per capirlo&#8221; &#8211; News"},"content":{"rendered":"<p><strong>Verstappen carico verso Baku<\/strong><\/p>\n<p>Dopo aver centrato la terza vittoria stagionale, Max <strong>Verstappen<\/strong> non vuole fermarsi e mette nel mirino anche Baku. Qui il quattro volte campione del mondo pu\u00f2 essere ancora una volta protagonista e confermarsi un fattore <a href=\"https:\/\/www.formulapassion.it\/f1\/f1-classifiche\/classifica-mondiale-piloti-2025-dopo-gp-italia-monza-piastri-norris-verstappen-russell-leclerc-hamilton\" title=\"nella lotta iridata tra Lando Norris e Oscar Piastri\" rel=\"nofollow noopener\" target=\"_blank\">nella lotta iridata tra Lando Norris e Oscar Piastri<\/a>, perch\u00e9 al momento \u00e8 l\u2019unico che pu\u00f2 impensierire le McLaren sulla lunga distanza.<\/p>\n<p>Baku, malgrado abbia qualche differenza rispetto a Monza, resta un circuito a basso downforce. <a href=\"https:\/\/www.formulapassion.it\/f1\/f1-analisi-tecnica\/baku-cosi-si-giochera-lotta-mclaren-ferrari-verstappen\" title=\"Quando c\u2019\u00e8 da scaricare molto la macchina\" rel=\"nofollow noopener\" target=\"_blank\">Quando c\u2019\u00e8 da scaricare molto la macchina<\/a>, <strong>Red Bull riesce a essere pi\u00f9 incisiva rispetto alla McLaren<\/strong>: con il \u201cfattore Max\u201d, i progressi mostrati dal fondo di Zandvoort e qualche episodio favorevole, non si pu\u00f2 escludere Verstappen dalla lotta per la vittoria in Azerbaigian. Ma Super Max, naturalmente, resta con i piedi per terra.<\/p>\n<p><strong>Le parole di Verstappen<\/strong><\/p>\n<p>\u201cAspettiamo e vediamo, non so nemmeno io se potremo ripeterci. Monza \u00e8 stato ovviamente un ottimo GP per noi, ha dato a tutti grande morale. Sono entusiasta di essere qui e vedere quanto possiamo essere competitivi su questa pista. <strong>Penso che abbiamo fatto dei buoni passi avanti<\/strong>, ma dobbiamo aspettare di vedere come si comporter\u00e0 la vettura su una pista come questa\u201c, ha commentato il campione del mondo. \u201cOgni pista ha esigenze diverse, ma penso che per noi sia importante cercare di avere un weekend un po\u2019 pi\u00f9 stabile, senza esagerare con il setup. L\u2019aderenza \u00e8 molto bassa, all\u2019inizio la pista \u00e8 sempre piuttosto sporca, poi migliora molto. Ci sono molte curve a 90 gradi, quindi credo che sia necessaria una tecnica di guida molto diversa rispetto ad altri circuiti. Insomma, <strong>non ho idea di quanto saremo competitivi<\/strong>. Ovviamente spero che lo saremo, ma vedremo domani come andr\u00e0\u201c.<\/p>\n<p>\u201c<strong>Penso che ci servano ancora un paio di gare per capire se questa sia davvero la strada giusta da seguire<\/strong>\u201c, ha aggiunto. \u201cCredo che punteremo a un equilibrio un po\u2019 pi\u00f9 stabile. La nostra vettura ha sempre avuto qualche difficolt\u00e0 ad avere un buon equilibrio in curva, a essere un po\u2019 pi\u00f9 prevedibile. \u00c8 quello che abbiamo scoperto a Monza e spero che riusciremo ad andare avanti cos\u00ec\u201c.<\/p>\n","protected":false},"excerpt":{"rendered":"Verstappen carico verso Baku Dopo aver centrato la terza vittoria stagionale, Max Verstappen non vuole fermarsi e mette&hellip;\n","protected":false},"author":3,"featured_media":116978,"comment_status":"","ping_status":"","sticky":false,"template":"","format":"standard","meta":{"footnotes":""},"categories":[1454],"tags":[1770,77732,683,1771,1537,90,89,2363,3006,245,244],"class_list":{"0":"post-116977","1":"post","2":"type-post","3":"status-publish","4":"format-standard","5":"has-post-thumbnail","7":"category-f1","8":"tag-f1","9":"tag-f1-baku","10":"tag-formula-1","11":"tag-formula1","12":"tag-it","13":"tag-italia","14":"tag-italy","15":"tag-max-verstappen","16":"tag-red-bull-racing","17":"tag-sport","18":"tag-sports"},"share_on_mastodon":{"url":"","error":""},"_links":{"self":[{"href":"https:\/\/www.europesays.com\/it\/wp-json\/wp\/v2\/posts\/116977","targetHints":{"allow":["GET"]}}],"collection":[{"href":"https:\/\/www.europesays.com\/it\/wp-json\/wp\/v2\/posts"}],"about":[{"href":"https:\/\/www.europesays.com\/it\/wp-json\/wp\/v2\/types\/post"}],"author":[{"embeddable":true,"href":"https:\/\/www.europesays.com\/it\/wp-json\/wp\/v2\/users\/3"}],"replies":[{"embeddable":true,"href":"https:\/\/www.europesays.com\/it\/wp-json\/wp\/v2\/comments?post=116977"}],"version-history":[{"count":0,"href":"https:\/\/www.europesays.com\/it\/wp-json\/wp\/v2\/posts\/116977\/revisions"}],"wp:featuredmedia":[{"embeddable":true,"href":"https:\/\/www.europesays.com\/it\/wp-json\/wp\/v2\/media\/116978"}],"wp:attachment":[{"href":"https:\/\/www.europesays.com\/it\/wp-json\/wp\/v2\/media?parent=116977"}],"wp:term":[{"taxonomy":"category","embeddable":true,"href":"https:\/\/www.europesays.com\/it\/wp-json\/wp\/v2\/categories?post=116977"},{"taxonomy":"post_tag","embeddable":true,"href":"https:\/\/www.europesays.com\/it\/wp-json\/wp\/v2\/tags?post=116977"}],"curies":[{"name":"wp","href":"https:\/\/api.w.org\/{rel}","templated":true}]}}