{"id":116981,"date":"2025-09-19T00:39:10","date_gmt":"2025-09-19T00:39:10","guid":{"rendered":"https:\/\/www.europesays.com\/it\/116981\/"},"modified":"2025-09-19T00:39:10","modified_gmt":"2025-09-19T00:39:10","slug":"bella-hadid-la-guerriera-della-malattia-di-lyme-e-ricoverata-in-ospedale-le-foto-social-che-preoccupano-i-fan","status":"publish","type":"post","link":"https:\/\/www.europesays.com\/it\/116981\/","title":{"rendered":"Bella Hadid, \u00abla guerriera della malattia di Lyme\u00bb \u00e8 ricoverata in ospedale: le foto social che preoccupano i fan"},"content":{"rendered":"<p>Su Instagram Bella non specifica il motivo del ricovero. Tuttavia il commento della <strong>madre Yolanda, che la definisce \u00abuna guerriera della Lyme<\/strong>\u00bb, fa pensare a un peggioramento del <a href=\"https:\/\/www.vanityfair.it\/people\/italia\/2020\/04\/16\/victoria-cabello-malattia-di-lyme-come-sta-quarantena-foto-gossip\" rel=\"nofollow noopener\" target=\"_blank\"><strong>disturbo<\/strong><\/a> di origine batterica che le fu diagnosticato nel 2012. La malattia di Lyme \u00e8 un&#8217;infezione che viene trasmessa dal morso delle zecche e causata dalla spirocheta Borrelia. I sintomi iniziali causano dei rash cutanei, a cui possono succedere a distanza di settimane anche delle alterazioni neurologiche fino ad arrivare a delle complicanze cardiache e reumatologiche. Bella, per tenere sotto controllo la malattia, \u00e8 sotto antibiotici, come lei stessa ha rivelato qualche tempo fa.<\/p>\n<p>Bella Hadid in ospedale (foto dal profilo Instagram della modella)<\/p>\n<p>La top model non \u00e8 nuova a <strong>condividere il suo percorso con la malattia di Lyme. Nell&#8217;agosto 2023, <a href=\"https:\/\/www.vanityfair.it\/article\/gigi-bella-hadid-sorella-malattia-di-lyme\" rel=\"nofollow noopener\" target=\"_blank\">reduce da un lungo e intenso periodo di cure<\/a>,<\/strong> con un lungo post accompagnato da diverse foto &#8211; alcune delle quali documentavano i trattamenti medici affrontati &#8211; aveva rivelato: \u00ab<a href=\"https:\/\/www.vanityfair.it\/article\/bella-hadid-cure-malattia-di-lyme-social-guarita\" rel=\"nofollow noopener\" target=\"_blank\"><strong>Finalmente sto bene<\/strong><\/a>\u00bb. Nel posto Bella aveva ricordato i lunghi anni trascorsi a combattere la malattia e si era detta fiera del suo percorso: \u00abLa piccola me che ha sofferto sarebbe <strong>orgogliosa<\/strong> di essere cresciuta cos\u00ec e di <strong>non essersi arresa mai<\/strong>\u00bb.<\/p>\n<p>Hadid, poi, nel post ringraziava tutti coloro che l&#8217;hanno sempre assistita in questi anni: dalla madre sempre presente ai medici. E si diceva grata alla vita: \u00abEssere cos\u00ec <strong>triste e malata nonostante godessi di molti privilegi<\/strong> e opportunit\u00e0, e fossi circondata da amore, \u00e8 stata probabilmente la sensazione pi\u00f9 estraniante che abbia mai vissuto. <strong>Io sto bene, non dovete preoccuparvi<\/strong>. E non cambierei nulla. <strong>Se dovessi rivivere tutto questo, per arrivare qui,<\/strong> in questo preciso momento in cui sono, con tutti voi, finalmente in salute, <strong>rifarei tutto da capo\u00bb<\/strong>. Perch\u00e9 \u00abne \u00e8 valsa la pena\u00bb: dopo anni anni di \u00absofferenza invisibile\u00bb, oggi, \u00aba Dio piacendo\u00bb, ha <strong>\u00abtanto amore\u00bb da donare. E \u00abtanta gratitudine nei confronti della vita<\/strong>\u00bb. Ora la sua salute, purtroppo, l&#8217;ha messa di fronte a un&#8217;altra dura prova. Ma la <strong>\u00abguerriera della Lyme<\/strong>\u00bb \u00e8 pronta, come sempre, a combattere.<\/p>\n","protected":false},"excerpt":{"rendered":"Su Instagram Bella non specifica il motivo del ricovero. Tuttavia il commento della madre Yolanda, che la definisce&hellip;\n","protected":false},"author":3,"featured_media":116982,"comment_status":"","ping_status":"","sticky":false,"template":"","format":"standard","meta":{"footnotes":""},"categories":[1451],"tags":[25553,1621,1620,203,204,1537,90,89],"class_list":{"0":"post-116981","1":"post","2":"type-post","3":"status-publish","4":"format-standard","5":"has-post-thumbnail","7":"category-celebrita","8":"tag-bella-hadid","9":"tag-celebrita","10":"tag-celebrities","11":"tag-entertainment","12":"tag-intrattenimento","13":"tag-it","14":"tag-italia","15":"tag-italy"},"share_on_mastodon":{"url":"","error":""},"_links":{"self":[{"href":"https:\/\/www.europesays.com\/it\/wp-json\/wp\/v2\/posts\/116981","targetHints":{"allow":["GET"]}}],"collection":[{"href":"https:\/\/www.europesays.com\/it\/wp-json\/wp\/v2\/posts"}],"about":[{"href":"https:\/\/www.europesays.com\/it\/wp-json\/wp\/v2\/types\/post"}],"author":[{"embeddable":true,"href":"https:\/\/www.europesays.com\/it\/wp-json\/wp\/v2\/users\/3"}],"replies":[{"embeddable":true,"href":"https:\/\/www.europesays.com\/it\/wp-json\/wp\/v2\/comments?post=116981"}],"version-history":[{"count":0,"href":"https:\/\/www.europesays.com\/it\/wp-json\/wp\/v2\/posts\/116981\/revisions"}],"wp:featuredmedia":[{"embeddable":true,"href":"https:\/\/www.europesays.com\/it\/wp-json\/wp\/v2\/media\/116982"}],"wp:attachment":[{"href":"https:\/\/www.europesays.com\/it\/wp-json\/wp\/v2\/media?parent=116981"}],"wp:term":[{"taxonomy":"category","embeddable":true,"href":"https:\/\/www.europesays.com\/it\/wp-json\/wp\/v2\/categories?post=116981"},{"taxonomy":"post_tag","embeddable":true,"href":"https:\/\/www.europesays.com\/it\/wp-json\/wp\/v2\/tags?post=116981"}],"curies":[{"name":"wp","href":"https:\/\/api.w.org\/{rel}","templated":true}]}}