{"id":116983,"date":"2025-09-19T00:40:18","date_gmt":"2025-09-19T00:40:18","guid":{"rendered":"https:\/\/www.europesays.com\/it\/116983\/"},"modified":"2025-09-19T00:40:18","modified_gmt":"2025-09-19T00:40:18","slug":"questa-casa-a-miami-e-una-sintesi-perfetta-fra-eleganza-e-praticita-doveva-essere-una-residenza-per-le-vacanze-e-diventata-la-dimora-principale","status":"publish","type":"post","link":"https:\/\/www.europesays.com\/it\/116983\/","title":{"rendered":"Questa casa a Miami \u00e8 una sintesi perfetta fra eleganza e praticit\u00e0. Doveva essere una residenza per le vacanze, \u00e8 diventata la dimora principale."},"content":{"rendered":"<p>Quando acquistarono questa casa a Miami, i proprietari pensavano a un buen retiro ideale per trascorrere le vacanza e i fine settimana. Poi, con il tempo, tutto \u00e8 cambiato. La location li ha letteralmente conquistati, e la stessa vista sui lussureggianti dintorni \u00e8 diventata presto un\u2019abitudine, una necessit\u00e0 impossibile da dimenticare. Cos\u00ec, giorno dopo giorno, la coppia di proprietari ha trascorso in questa nuova casa &#8211; 6 <a href=\"https:\/\/www.ad-italia.it\/article\/idee-per-arredare-camere-da-letto-piccole-consigli\/\" rel=\"nofollow noopener\" target=\"_blank\">camere da letto<\/a> e 6 bagni su una superficie di circa 600 mq &#8211; molto pi\u00f9 tempo che nella residenza primaria. E anche il resto della famiglia, fra i quali figli e nipoti, ha cominciato ad apprezzarne l\u2019originalit\u00e0 e la bellezza, scoprendo un ambiente sereno e confortevole.<\/p>\n<p>La stessa cucina esterna \u00e8 tailor made, ci\u00f2 per adattarsi perfettamente allo spazio, con mobili in pietra ed elettrodomestici in acciaio inox che completano l\u2019eleganza e la praticit\u00e0 della casa.Miami House. Interior design: Marcela Cure. Produzione: Karine Moni\u00e9. Photo: Mateo Soto, courtesy Marcela Cure.<\/p>\n<p>In cucina e nella zona pranzo le sedie Eugenio di Luteca e le sedute Spoleto di Knoll introducono linee pulite e silhouette senza tempo.Miami House. Interior design: Marcela Cure. Produzione: Karine Moni\u00e9. Photo: Mateo Soto, courtesy Marcela Cure.<\/p>\n<p>Le opere d\u2019arte completano ogni spazio con un\u2019eleganza tranquilla e curata, molto personale.Miami House. Interior design: Marcela Cure. Produzione: Karine Moni\u00e9. Photo: Mateo Soto, courtesy Marcela Cure.<\/p>\n<p>Questa casa a Miami \u00e8 luogo dell\u2019anima in cui la luce naturale ha un ruolo fondamentale, una caratteristica che ha colpito anche <a data-offer-url=\"https:\/\/www.instagram.com\/marcela.cure\/\" class=\"external-link\" data-event-click=\"{&quot;element&quot;:&quot;ExternalLink&quot;,&quot;outgoingURL&quot;:&quot;https:\/\/www.instagram.com\/marcela.cure\/&quot;}\" href=\"https:\/\/www.instagram.com\/marcela.cure\/\" rel=\"nofollow noopener\" target=\"_blank\"><strong>Marcela Cure<\/strong><\/a>, la designer e artista di origini colombiane residente in Florida che ha plasmato questo paradiso dal fascino unico. \u00abLa luce naturale che filtrava dalle finestre era straordinaria, mi ha dato la possibilit\u00e0 di utilizzare tonalit\u00e0 e colori pi\u00f9 chiari, quelli che preferisco\u00bb, spiega Marcela. Con la maggior parte delle tinte pastello e solo occasionali accenti metallici, la tavolozza dei colori risulta molto rilassante. \u00abVolevo qualcosa che trasmettesse lo <a href=\"https:\/\/www.ad-italia.it\/gallery\/coastal-home-decor-tendenza-casa-mediterranea-stile\/\" rel=\"nofollow noopener\" target=\"_blank\"><strong>stile di vita coastal<\/strong><\/a> di Miami, ma in modo imprevedibile e intimo\u00bb.<\/p>\n<p><script async src=\"\/\/www.instagram.com\/embed.js\"><\/script><\/p>\n","protected":false},"excerpt":{"rendered":"Quando acquistarono questa casa a Miami, i proprietari pensavano a un buen retiro ideale per trascorrere le vacanza&hellip;\n","protected":false},"author":3,"featured_media":116984,"comment_status":"","ping_status":"","sticky":false,"template":"","format":"standard","meta":{"footnotes":""},"categories":[1446],"tags":[1615,1613,1614,1611,1610,1612,203,1619,204,1537,90,89],"class_list":{"0":"post-116983","1":"post","2":"type-post","3":"status-publish","4":"format-standard","5":"has-post-thumbnail","7":"category-arte-e-design","8":"tag-arte","9":"tag-arte-e-design","10":"tag-arteedesign","11":"tag-arts","12":"tag-arts-and-design","13":"tag-design","14":"tag-entertainment","15":"tag-home-tour","16":"tag-intrattenimento","17":"tag-it","18":"tag-italia","19":"tag-italy"},"share_on_mastodon":{"url":"","error":""},"_links":{"self":[{"href":"https:\/\/www.europesays.com\/it\/wp-json\/wp\/v2\/posts\/116983","targetHints":{"allow":["GET"]}}],"collection":[{"href":"https:\/\/www.europesays.com\/it\/wp-json\/wp\/v2\/posts"}],"about":[{"href":"https:\/\/www.europesays.com\/it\/wp-json\/wp\/v2\/types\/post"}],"author":[{"embeddable":true,"href":"https:\/\/www.europesays.com\/it\/wp-json\/wp\/v2\/users\/3"}],"replies":[{"embeddable":true,"href":"https:\/\/www.europesays.com\/it\/wp-json\/wp\/v2\/comments?post=116983"}],"version-history":[{"count":0,"href":"https:\/\/www.europesays.com\/it\/wp-json\/wp\/v2\/posts\/116983\/revisions"}],"wp:featuredmedia":[{"embeddable":true,"href":"https:\/\/www.europesays.com\/it\/wp-json\/wp\/v2\/media\/116984"}],"wp:attachment":[{"href":"https:\/\/www.europesays.com\/it\/wp-json\/wp\/v2\/media?parent=116983"}],"wp:term":[{"taxonomy":"category","embeddable":true,"href":"https:\/\/www.europesays.com\/it\/wp-json\/wp\/v2\/categories?post=116983"},{"taxonomy":"post_tag","embeddable":true,"href":"https:\/\/www.europesays.com\/it\/wp-json\/wp\/v2\/tags?post=116983"}],"curies":[{"name":"wp","href":"https:\/\/api.w.org\/{rel}","templated":true}]}}