{"id":116987,"date":"2025-09-19T00:42:13","date_gmt":"2025-09-19T00:42:13","guid":{"rendered":"https:\/\/www.europesays.com\/it\/116987\/"},"modified":"2025-09-19T00:42:13","modified_gmt":"2025-09-19T00:42:13","slug":"festival-di-sanremo-la-rai-rinnova-la-convenzione-fino-al-2028","status":"publish","type":"post","link":"https:\/\/www.europesays.com\/it\/116987\/","title":{"rendered":"Festival di Sanremo, la Rai rinnova la convenzione fino al 2028"},"content":{"rendered":"<p><a data-intcmp=\"skytg24_foglia articolo_interlink_text\" href=\"https:\/\/tg24.sky.it\/spettacolo\/musica\/festival-sanremo\" rel=\"nofollow noopener\" target=\"_blank\"><strong>Il Festival di Sanremo<\/strong><\/a>\u00a0resta saldamente legato alla Rai. Il Consiglio di amministrazione dell\u2019azienda, riunitosi il 18 settembre sotto la presidenza del consigliere facente funzioni Antonio Marano e alla presenza dell\u2019amministratore delegato Giampaolo Rossi, ha approvato <strong>all\u2019unanimit\u00e0<\/strong> la nuova convenzione con il Comune di Sanremo per le edizioni 2026, 2027 e 2028. L\u2019accordo prevede anche la <strong>facolt\u00e0 di proroga per un ulteriore biennio<\/strong>, fino al 2030.\u00a0La ratifica da parte del CdA Rai consente ora il passaggio del testo alla giunta comunale per l\u2019approvazione definitiva. L\u2019intesa, raggiunta lo scorso 3 settembre, stabilisce che la Rai verser\u00e0 <strong>6,5 milioni di euro all\u2019anno<\/strong> al Comune, pi\u00f9 <strong>l\u20191% degli introiti pubblicitari<\/strong> generati dal Festival. La <strong>titolarit\u00e0 del format<\/strong> resta in mano alla Rai, mentre il Comune mantiene la <strong>propriet\u00e0 del marchio \u201cFestival della canzone italiana\u201d<\/strong>.<\/p>\n<p>\t\t\tUn osservatorio e ipotesi di nuova sede<\/p>\n<p>Tra le novit\u00e0 introdotte dalla convenzione c\u2019\u00e8 la creazione di un <strong>osservatorio permanente<\/strong> tra Rai e Comune di Sanremo, con il compito di monitorare l\u2019attuazione dell\u2019accordo e valutare eventuali miglioramenti. Tra le funzioni dell\u2019osservatorio anche lo studio della <strong>possibilit\u00e0 di trasferire la kermesse in un\u2019altra sede<\/strong> all\u2019interno del territorio comunale. Da tempo, infatti, i discografici lamentano l\u2019inadeguatezza del Teatro Ariston, giudicato troppo piccolo e poco funzionale per le esigenze attuali.<\/p>\n<p>La prossima edizione del Festival si svolger\u00e0 dal <strong>24 al 28 febbraio 2026<\/strong>, evitando sovrapposizioni con le <strong>Olimpiadi di Milano-Cortina<\/strong>, che termineranno il 22 febbraio, e con le <strong>Paralimpiadi<\/strong>, in programma dal 6 marzo. Alla guida ci sar\u00e0 ancora <strong>Carlo Conti<\/strong>, confermato anche come <strong>direttore artistico<\/strong>.<\/p>\n<p>\t\t \tUna gara pubblica imposta dalla giustizia amministrativa<\/p>\n<p>La nuova convenzione arriva dopo una lunga fase di incertezza. A fine 2024, il Tar Liguria aveva giudicato illegittimo l\u2019affidamento diretto alla Rai per le edizioni 2024 e 2025, imponendo al Comune di Sanremo l\u2019indizione di una gara pubblica per le successive edizioni. Il Consiglio di Stato ha confermato la sentenza a maggio 2025, chiudendo il contenzioso.\u00a0Alla scadenza del bando, la Rai \u00e8 stata l\u2019unica a presentare una manifestazione d\u2019interesse.\u00a0 \u00a0Di conseguenza, il Comune di Sanremo ha quindi avviato la fase negoziale con Viale Mazzini, che ha difeso con forza la titolarit\u00e0 del format, ottenendo la conferma del proprio ruolo produttivo. Il Comune manterr\u00e0 la propriet\u00e0 del marchio \u201cFestival della canzone italiana\u201d.<\/p>\n<p>\t\t\t<a class=\"c-inline-card j-inline-card c-inline-card--with-image\" href=\"https:\/\/tg24.sky.it\/spettacolo\/musica\/2025\/09\/08\/sanremo-giovani-2025-regolamento\" rel=\"follow nofollow noopener\" data-intcmp=\"skytg24_articolo_approfondimenti_inline\" target=\"_blank\"><\/p>\n<p>\t\t\t         <img decoding=\"async\" crossorigin=\"anonymous\" alt=\"\" src=\"https:\/\/www.europesays.com\/it\/wp-content\/uploads\/2025\/09\/35-carlo-conti-getty.jpg\"  loading=\"lazy\"  bad-src=\"https:\/\/www.europesays.com\/it\/wp-content\/uploads\/2025\/09\/35-carlo-conti-getty.jpg\"\/><\/p>\n<p>\n\t\t\t         Approfondimento<br \/>\n\t\t\t         Sanremo Giovani 2025, online il regolamento\n\t\t\t      <\/p>\n<p>\t\t\t<\/a><\/p>\n","protected":false},"excerpt":{"rendered":"Il Festival di Sanremo\u00a0resta saldamente legato alla Rai. Il Consiglio di amministrazione dell\u2019azienda, riunitosi il 18 settembre sotto&hellip;\n","protected":false},"author":3,"featured_media":116988,"comment_status":"","ping_status":"","sticky":false,"template":"","format":"standard","meta":{"footnotes":""},"categories":[1444],"tags":[203,17090,204,1537,90,89,2848,9143,253],"class_list":{"0":"post-116987","1":"post","2":"type-post","3":"status-publish","4":"format-standard","5":"has-post-thumbnail","7":"category-tv","8":"tag-entertainment","9":"tag-festival-di-sanremo","10":"tag-intrattenimento","11":"tag-it","12":"tag-italia","13":"tag-italy","14":"tag-rai","15":"tag-sanremo","16":"tag-tv"},"share_on_mastodon":{"url":"","error":""},"_links":{"self":[{"href":"https:\/\/www.europesays.com\/it\/wp-json\/wp\/v2\/posts\/116987","targetHints":{"allow":["GET"]}}],"collection":[{"href":"https:\/\/www.europesays.com\/it\/wp-json\/wp\/v2\/posts"}],"about":[{"href":"https:\/\/www.europesays.com\/it\/wp-json\/wp\/v2\/types\/post"}],"author":[{"embeddable":true,"href":"https:\/\/www.europesays.com\/it\/wp-json\/wp\/v2\/users\/3"}],"replies":[{"embeddable":true,"href":"https:\/\/www.europesays.com\/it\/wp-json\/wp\/v2\/comments?post=116987"}],"version-history":[{"count":0,"href":"https:\/\/www.europesays.com\/it\/wp-json\/wp\/v2\/posts\/116987\/revisions"}],"wp:featuredmedia":[{"embeddable":true,"href":"https:\/\/www.europesays.com\/it\/wp-json\/wp\/v2\/media\/116988"}],"wp:attachment":[{"href":"https:\/\/www.europesays.com\/it\/wp-json\/wp\/v2\/media?parent=116987"}],"wp:term":[{"taxonomy":"category","embeddable":true,"href":"https:\/\/www.europesays.com\/it\/wp-json\/wp\/v2\/categories?post=116987"},{"taxonomy":"post_tag","embeddable":true,"href":"https:\/\/www.europesays.com\/it\/wp-json\/wp\/v2\/tags?post=116987"}],"curies":[{"name":"wp","href":"https:\/\/api.w.org\/{rel}","templated":true}]}}