{"id":117041,"date":"2025-09-19T01:22:15","date_gmt":"2025-09-19T01:22:15","guid":{"rendered":"https:\/\/www.europesays.com\/it\/117041\/"},"modified":"2025-09-19T01:22:15","modified_gmt":"2025-09-19T01:22:15","slug":"lanzo-due-giorni-per-capire-come-e-nata-e-come-e-cambiata-la-sanita-nelle-valli","status":"publish","type":"post","link":"https:\/\/www.europesays.com\/it\/117041\/","title":{"rendered":"Lanzo, due giorni per capire come \u00e8 nata (e come \u00e8 cambiata) la sanit\u00e0 nelle Valli"},"content":{"rendered":"<p data-start=\"87\" data-end=\"666\">La storia della medicina letta attraverso il territorio. Sabato <strong data-start=\"151\" data-end=\"157\">27<\/strong> e domenica <strong data-start=\"169\" data-end=\"185\">28 settembre<\/strong>, al <strong data-start=\"190\" data-end=\"214\">Centro LanzoIncontra<\/strong>, il <strong data-start=\"219\" data-end=\"295\">Centro regionale piemontese dell\u2019Accademia di Storia dell\u2019Arte Sanitaria<\/strong> porta in Valli di Lanzo un convegno che prova a tenere insieme archivi, architetture, pratiche popolari e racconto pubblico delle epidemie. Non una rievocazione per addetti ai lavori, ma un percorso a tappe che intreccia secoli diversi e competenze diverse con un obiettivo chiaro: capire come si sono costruite le basi dell\u2019assistenza di prossimit\u00e0 che conosciamo oggi.<\/p>\n<p data-start=\"668\" data-end=\"1138\">Il programma \u00e8 organizzato in tre blocchi tematici. Il primo guarda alle <strong data-start=\"741\" data-end=\"787\">radici dell\u2019assistenza sanitaria e sociale<\/strong> tra Seicento e Settecento: ospedali, ospizi, confraternite, reti di sostegno nel tempo lungo delle pestilenze e della ricostruzione. A fare da filo rosso, anche l\u2019<strong data-start=\"951\" data-end=\"967\">informazione<\/strong>: le cronache locali e i \u201c<strong data-start=\"993\" data-end=\"1005\">Successi<\/strong>\u201d sabaudi che, nei secoli delle epidemie, hanno raccontato (e spesso indirizzato) la percezione pubblica della malattia e delle cure.<\/p>\n<p data-start=\"1140\" data-end=\"1658\">Il secondo blocco si concentra sulla <strong data-start=\"1177\" data-end=\"1210\">medicina popolare in Piemonte<\/strong> tra Medioevo e prima et\u00e0 moderna: saperi empirici, erbe e ritualit\u00e0, conflitti e dialoghi con la medicina dotta, tracce ancora vive nella memoria e nel paesaggio alpino. Il terzo apre lo sguardo all\u2019<strong data-start=\"1410\" data-end=\"1438\">architettura ospedaliera<\/strong>, dal Medioevo ai giorni nostri, con un confronto tra il modello piemontese e le esperienze di aree limitrofe: edifici, tipologie, scelte spaziali che raccontano politiche sanitarie, priorit\u00e0 sociali e mutamenti tecnici.<\/p>\n<p data-start=\"1660\" data-end=\"2359\">In cattedra non solo storici della medicina: <strong data-start=\"1705\" data-end=\"1715\">medici<\/strong>, <strong data-start=\"1717\" data-end=\"1729\">giuristi<\/strong>, <strong data-start=\"1731\" data-end=\"1746\">giornalisti<\/strong> e studiosi provenienti dal <strong data-start=\"1774\" data-end=\"1786\">Piemonte<\/strong> ma anche da <strong data-start=\"1799\" data-end=\"1808\">Lazio<\/strong>, <strong data-start=\"1810\" data-end=\"1820\">Puglia<\/strong>, <strong data-start=\"1822\" data-end=\"1833\">Liguria<\/strong> e dalla <strong data-start=\"1842\" data-end=\"1870\">Repubblica di San Marino<\/strong> (con il contributo del focal point presso l\u2019Organizzazione Mondiale della Sanit\u00e0). Una scelta che sposta il baricentro dal convegno \u201cdi zona\u201d a una vera <strong data-start=\"2024\" data-end=\"2047\">piazza di confronto<\/strong> tra pratiche e culture sanitarie diverse. Sabato pomeriggio \u00e8 prevista una <strong data-start=\"2123\" data-end=\"2146\">sessione \u201cunder 25\u201d<\/strong>, affidata ai giovani dell\u2019Accademia: un passaggio di testimone necessario, perch\u00e9 la storia della sanit\u00e0 non resti materia da scaffale ma tema vivo su cui formare chi domani lavorer\u00e0 (e decider\u00e0) in questo campo.<\/p>\n<p data-start=\"2361\" data-end=\"2636\">Domenica mattina, chiusura a piedi e occhi alzati: <strong data-start=\"2412\" data-end=\"2430\">visita guidata<\/strong> al complesso sanitario dell\u2019<strong data-start=\"2459\" data-end=\"2499\">Ospedale Storico Mauriziano di Lanzo<\/strong>, per leggere pietra su pietra quello che le relazioni avranno messo a fuoco: la sanit\u00e0 come infrastruttura sociale, tecnica e culturale.<\/p>\n<p data-start=\"2638\" data-end=\"3122\">La due giorni nasce dalla collaborazione del <strong data-start=\"2683\" data-end=\"2709\">Centro piemontese ASAS<\/strong> con il <strong data-start=\"2717\" data-end=\"2736\">Comune di Lanzo<\/strong>, <strong data-start=\"2738\" data-end=\"2750\">Coassolo<\/strong>, l\u2019<strong data-start=\"2754\" data-end=\"2812\">Unione dei Comuni Valli di Lanzo, Ceronda e Casternone<\/strong> e le realt\u00e0 associative del territorio, a cominciare dalla <strong data-start=\"2872\" data-end=\"2906\">Societ\u00e0 Storica Valli di Lanzo<\/strong>. Un\u2019alleanza istituzionale e civica che rimette al centro un tema spesso evocato solo nelle emergenze: la <strong data-start=\"3013\" data-end=\"3036\">sanit\u00e0 territoriale<\/strong> come patrimonio costruito nel tempo, fatto di edifici, norme, professioni e comunit\u00e0.<\/p>\n<blockquote class=\"instagram-media\" data-instgrm-captioned=\"\" data-instgrm-permalink=\"https:\/\/www.instagram.com\/reel\/DOVeC82iDxf\/?utm_source=ig_embed&amp;utm_campaign=loading\" data-instgrm-version=\"14\" style=\"background: #FFF; border: 0; border-radius: 3px; box-shadow: 0 0 1px 0 rgba(0,0,0,0.5),0 1px 10px 0 rgba(0,0,0,0.15); margin: 1px; max-width: 540px; min-width: 326px; padding: 0; width: calc(100% - 2px);\">\n<\/blockquote>\n<p><a href=\"https:\/\/www.giornalelavoce.it\/news\/attualita\/628082\/mobilita-sostenibile-un-milione-di-euro-per-nuove-piste-ciclabili-nel-ciriacese.html\" class=\"vc_cont_image\" rel=\"nofollow noopener\" target=\"_blank\"><img decoding=\"async\" class=\"vc_image\" src=\"https:\/\/www.giornalelavoce.it\/resizer\/150\/-1\/true\/2025_09_18\/FOTO_La_voce_Chivasso_%2815%29-1758189786205.jpg--mobilita_sostenibile.jpg?1758189786250\"\/><\/a><\/p>\n<p><a href=\"https:\/\/www.giornalelavoce.it\/news\/attualita\/628035\/due-pappagallini-ritrovati-a-collegno-appello-per-rintracciare-i-proprietari.html\" class=\"vc_cont_image\" rel=\"nofollow noopener\" target=\"_blank\"><img decoding=\"async\" class=\"vc_image\" src=\"https:\/\/www.giornalelavoce.it\/resizer\/150\/-1\/true\/2025_09_18\/FOTO_La_voce_Chivasso_%287%29-1758183460845.jpg--due_pappagallini_ritrovati.jpg?1758183460883\"\/><\/a><\/p>\n<p><a href=\"https:\/\/www.giornalelavoce.it\/news\/attualita\/628021\/la-torino-ceres-torna-in-funzione-e-una-riapertura-che-sa-di-beffa.html\" class=\"vc_cont_image\" rel=\"nofollow noopener\" target=\"_blank\"><img decoding=\"async\" class=\"vc_image\" src=\"https:\/\/www.giornalelavoce.it\/resizer\/150\/-1\/true\/2025_09_18\/FOTO_La_voce_Chivasso_%284%29-1758181621969.jpg--la_torino_ceres.jpg?1758181622009\"\/><\/a><\/p>\n<p>\t\t\t<script async src=\"\/\/www.instagram.com\/embed.js\"><\/script><\/p>\n","protected":false},"excerpt":{"rendered":"La storia della medicina letta attraverso il territorio. Sabato 27 e domenica 28 settembre, al Centro LanzoIncontra, il&hellip;\n","protected":false},"author":3,"featured_media":117042,"comment_status":"","ping_status":"","sticky":false,"template":"","format":"standard","meta":{"footnotes":""},"categories":[1481],"tags":[76877,2065,2066,76878,4170,239,2063,2064,1537,90,89,80367,9222,80366,240,20853,76884,80364,80365],"class_list":{"0":"post-117041","1":"post","2":"type-post","3":"status-publish","4":"format-standard","5":"has-post-thumbnail","7":"category-assistenza-sanitaria","8":"tag-accademia-di-storia-dellarte-sanitaria","9":"tag-assistenza-sanitaria","10":"tag-assistenzasanitaria","11":"tag-centro-lanzoincontra","12":"tag-epidemie","13":"tag-health","14":"tag-health-care","15":"tag-healthcare","16":"tag-it","17":"tag-italia","18":"tag-italy","19":"tag-medicina-popolare-piemontese","20":"tag-organizzazione-mondiale-della-sanita","21":"tag-ospedale-storico-mauriziano-di-lanzo","22":"tag-salute","23":"tag-sanita-territoriale","24":"tag-societa-storica-valli-di-lanzo","25":"tag-storia-della-medicina","26":"tag-valli-di-lanzo"},"share_on_mastodon":{"url":"","error":""},"_links":{"self":[{"href":"https:\/\/www.europesays.com\/it\/wp-json\/wp\/v2\/posts\/117041","targetHints":{"allow":["GET"]}}],"collection":[{"href":"https:\/\/www.europesays.com\/it\/wp-json\/wp\/v2\/posts"}],"about":[{"href":"https:\/\/www.europesays.com\/it\/wp-json\/wp\/v2\/types\/post"}],"author":[{"embeddable":true,"href":"https:\/\/www.europesays.com\/it\/wp-json\/wp\/v2\/users\/3"}],"replies":[{"embeddable":true,"href":"https:\/\/www.europesays.com\/it\/wp-json\/wp\/v2\/comments?post=117041"}],"version-history":[{"count":0,"href":"https:\/\/www.europesays.com\/it\/wp-json\/wp\/v2\/posts\/117041\/revisions"}],"wp:featuredmedia":[{"embeddable":true,"href":"https:\/\/www.europesays.com\/it\/wp-json\/wp\/v2\/media\/117042"}],"wp:attachment":[{"href":"https:\/\/www.europesays.com\/it\/wp-json\/wp\/v2\/media?parent=117041"}],"wp:term":[{"taxonomy":"category","embeddable":true,"href":"https:\/\/www.europesays.com\/it\/wp-json\/wp\/v2\/categories?post=117041"},{"taxonomy":"post_tag","embeddable":true,"href":"https:\/\/www.europesays.com\/it\/wp-json\/wp\/v2\/tags?post=117041"}],"curies":[{"name":"wp","href":"https:\/\/api.w.org\/{rel}","templated":true}]}}