{"id":117043,"date":"2025-09-19T01:25:10","date_gmt":"2025-09-19T01:25:10","guid":{"rendered":"https:\/\/www.europesays.com\/it\/117043\/"},"modified":"2025-09-19T01:25:10","modified_gmt":"2025-09-19T01:25:10","slug":"milano-cortina-2026-il-board-del-cio-promuove-le-strutture-delle-olimpiadi-invernali","status":"publish","type":"post","link":"https:\/\/www.europesays.com\/it\/117043\/","title":{"rendered":"Milano Cortina 2026, il board del CIO promuove le strutture delle Olimpiadi Invernali"},"content":{"rendered":"<p>L\u2019<strong>Executive Board del CIO<\/strong>, il <strong>Comitato Olimpico Internazionale<\/strong>, si \u00e8 riunito a <strong>Milano<\/strong>, e nell\u2019occasione la numero 1 dello sport mondiale, <strong>Kirsty Coventry<\/strong>, ha visitato il <strong>Villaggio Olimpico e lo stadio dell\u2019hockey su ghiaccio<\/strong>, promuovendo le strutture meneghine a pieni voti.<\/p>\n<p>La <strong>presidente del CIO<\/strong> rivela all\u2019<strong>ANSA<\/strong>: \u201cMi viene voglia di essere un\u2019atleta di sport invernali, non vediamo l\u2019ora di essere qui con tutte le bandiere dei vari Paesi. E\u2019 stato bello vedere il ritmo dei lavori ed i progressi. La venue e le stanze sono bellissime, siamo andati in quella che sar\u00e0 la palestra, la mensa. Saranno luoghi di momenti storici\u201c.<\/p>\n<p><strong>Coventry<\/strong> spiega: \u201cL\u2019Italia \u00e8 nota per la sua storia e cultura, la passione. Nel giro di pochi mesi questa venue accoglier\u00e0 atleti di tutto il mondo. Dovete essere orgogliosi, \u00e8 una struttura bellissima. Congratulazioni a Milano Cortina, alle autorit\u00e0 locali, all\u2019azienda coinvolta nella costruzione\u201c.<\/p>\n<p>Il <strong>presidente di Fondazione Milano Cortina 2026, Giovanni Malag\u00f2<\/strong>, sottolinea:\u201dI rappresentanti del CIO sono rimasti particolarmente colpiti. La citt\u00e0 di Milano ne aveva molto bisogno, ma direi tutto il Paese, perch\u00e9 di qui si apre un mondo. \u00c8 un\u2019eredit\u00e0 straordinaria che lasciamo al nostro amato Paese\u201c.<\/p>\n","protected":false},"excerpt":{"rendered":"L\u2019Executive Board del CIO, il Comitato Olimpico Internazionale, si \u00e8 riunito a Milano, e nell\u2019occasione la numero 1&hellip;\n","protected":false},"author":3,"featured_media":117044,"comment_status":"","ping_status":"","sticky":false,"template":"","format":"standard","meta":{"footnotes":""},"categories":[1474],"tags":[1537,90,89,80368,56420,80369,245,244,1869],"class_list":{"0":"post-117043","1":"post","2":"type-post","3":"status-publish","4":"format-standard","5":"has-post-thumbnail","7":"category-volley","8":"tag-it","9":"tag-italia","10":"tag-italy","11":"tag-kirsty-coventry","12":"tag-milano-cortina-2026","13":"tag-olimpiadi-invernali-milano-cortina-2026","14":"tag-sport","15":"tag-sports","16":"tag-volley"},"share_on_mastodon":{"url":"","error":""},"_links":{"self":[{"href":"https:\/\/www.europesays.com\/it\/wp-json\/wp\/v2\/posts\/117043","targetHints":{"allow":["GET"]}}],"collection":[{"href":"https:\/\/www.europesays.com\/it\/wp-json\/wp\/v2\/posts"}],"about":[{"href":"https:\/\/www.europesays.com\/it\/wp-json\/wp\/v2\/types\/post"}],"author":[{"embeddable":true,"href":"https:\/\/www.europesays.com\/it\/wp-json\/wp\/v2\/users\/3"}],"replies":[{"embeddable":true,"href":"https:\/\/www.europesays.com\/it\/wp-json\/wp\/v2\/comments?post=117043"}],"version-history":[{"count":0,"href":"https:\/\/www.europesays.com\/it\/wp-json\/wp\/v2\/posts\/117043\/revisions"}],"wp:featuredmedia":[{"embeddable":true,"href":"https:\/\/www.europesays.com\/it\/wp-json\/wp\/v2\/media\/117044"}],"wp:attachment":[{"href":"https:\/\/www.europesays.com\/it\/wp-json\/wp\/v2\/media?parent=117043"}],"wp:term":[{"taxonomy":"category","embeddable":true,"href":"https:\/\/www.europesays.com\/it\/wp-json\/wp\/v2\/categories?post=117043"},{"taxonomy":"post_tag","embeddable":true,"href":"https:\/\/www.europesays.com\/it\/wp-json\/wp\/v2\/tags?post=117043"}],"curies":[{"name":"wp","href":"https:\/\/api.w.org\/{rel}","templated":true}]}}