{"id":117067,"date":"2025-09-19T01:44:10","date_gmt":"2025-09-19T01:44:10","guid":{"rendered":"https:\/\/www.europesays.com\/it\/117067\/"},"modified":"2025-09-19T01:44:10","modified_gmt":"2025-09-19T01:44:10","slug":"di-guy-resta-soltanto-uno-scheletro-lo-portano-in-giro-per-gaza-come-scudo-umano","status":"publish","type":"post","link":"https:\/\/www.europesays.com\/it\/117067\/","title":{"rendered":"Di Guy resta soltanto uno scheletro, lo portano in giro per Gaza come scudo umano"},"content":{"rendered":"<p>\u00abAlla vostra presidente del Consiglio, Giorgia Meloni, chiedo di fare pressione, se pu\u00f2, su Hamas perch\u00e9 agli ostaggi vengano garantiti cibo e cure mediche\u00bb.<strong> Ilan Dalal<\/strong> \u00e8 il padre di<strong> Guy Gilboa Dalal,<\/strong> uno degli ostaggi ancora nelle mani dei terroristi di Gaza. Il video del figlio, un ventenne ridotto a scheletro, un macabro flashback agli orrori della Shoah, aveva fatto il giro del mondo. \u00abAll\u2019Italia dico che riconoscere lo Stato palestinese non aiuta la liberazione degli ostaggi\u00bb. Fino a neanche due anni fa, Ilan Dalal era un qualsiasi cittadino israeliano di Alfei Menashe, in Samaria. Un uomo tranquillo, che certo non si immaginava di doversi trasformare in un globe trotter a \u201cintrattenere\u201d, si fa per dire, un pubblico di giornalisti e amici di Israele venuto ad ascoltarlo su invito della Comunit\u00e0 ebraica milanese.<\/p>\n<p><strong>Ilan, cos\u2019\u00e8 successo a Guy?<\/strong><br \/>\u00abQuello che \u00e8 capitato a tanti altri. Guy era andato al Supernova festival, con degli amici. I suoi ultimi messaggi su WhatsApp risalgono alle 3 del mattino del 7 ottobre. Poi il caos. L\u2019angoscia di non sapere se si fosse salvato, come all\u2019inizio speravamo. Infine, la conferma dai video fatti dagli stessi jihadisti e pubblicati su Telegram (Ilan mostra le foto che ha portato con s\u00e9, Ndr). Lo abbiamo visto tutti. Trascinato via dai suoi aguzzini, insieme a tanti altri. Il volto sporco e disorientato. Le percosse in faccia con il calcio dei Kalashnikov\u00bb.<\/p>\n<p><strong>Lei indossa una t-shirt con la foto di suo figlio. \u201cBring Guy home now!\u201d dice. Un ragazzo di 22 anni, che ormai ne ha 23.<\/strong><br \/>\u00ab24. Ti correggo. S\u00ec, sono due i compleanni che mio figlio si \u00e8 fatto nei tunnel di Gaza\u00bb.<\/p>\n<p><strong>E chi \u00e8 Guy?<\/strong><br \/>\u00abUn ragazzo come ce ne sono milioni nel mondo. Con un diploma in informatica. Aveva finito la scuola da due mesi. Con le passioni della sua et\u00e0. La musica, il calcio, il sogno di volare in Giappone. A casa i suoi manga, la chitarra e la sciarpa del Maccabi sono rimasti l\u00ec. Ad aspettarlo come lo aspettiamo noi\u00bb.<\/p>\n<p><strong>In un ultimo video, lo abbiamo visto in una macchina per le strade di Gaza. Ma in uno, prima ancora, segregato in un tunnel.<\/strong><br \/>\u00abGuy sta male e rischia di morire. Come tutti gli altri ostaggi. Lo nutrono a cibo avariato e acqua salata. Quello che resta di lui \u00e8 uno scheletro. Peggio della Shoah. Il nonno di mia moglie ne era un sopravvissuto. \u00c8 vittima di abusi fisici e mentali. Sei mesi fa, gli hanno fatto credere che sarebbe stato rilasciato. Lo hanno portato fin dentro il compound, per usarlo in quella orrenda cerimonia che inscena Hamas quando rilascia qualcuno. Invece no. Hanno aperto il portellone della macchina. E gliel\u2019hanno richiuso in faccia. Tutto filmato. Non mi invento nulla come fanno loro. E oggi lo portano in giro per Gaza come scudo umano\u00bb.<\/p>\n<p><strong>Ecco, visto che \u00e8 tutto alla conoscenza di tutti, perch\u00e9 chi parla con Hamas non fa nulla?<\/strong><br \/>\u00abPerch\u00e9 tutti hanno paura di Hamas. Cosa pensate? Chi sta l\u00ec \u00e8 perch\u00e9 i terroristi glielo permette. La Croce rossa non ha mai aiutato gli ostaggi. Non l\u2019ha mai fatto n\u00e9 a Gaza dopo il 7 ottobre, n\u00e9 in Libano, anni fa, quando era Hezbollah a rapire i civili\u00bb.<\/p>\n<p><strong>Lei, pochi giorni fa, ha incontrato Macron e Starmer. Cos\u2019ha provato di fronte a due grandi leader occidentali che, pur dicendosi amici di Israele, adesso propongono di riconoscere lo Stato palestinese? E loro come si sono rivolti al padre di una vittima di una guerra scoppiata proprio per volont\u00e0 palestinese?<\/strong><br \/>\u00abSento il mondo parlare di umanitarismo. Di piet\u00e0 per la popolazione di Gaza. Ma sempre meno per i nostri ragazzi. Sono rimasto molto deluso da Macron e Starmer. D\u2019accordo, il primo si \u00e8 rivolto all\u2019Onu perch\u00e9 agli ostaggi venga dato del cibo. Ma com\u2019\u00e8 possibile non capire una cosa? Riconoscere lo Stato palestinese vuol dire premiare il terrorismo. A parte il fatto che la loro dichiarazione ha bloccato un accordo che avrebbe potuto facilitare la liberazione di alcuni ostaggi gi\u00e0 un mese fa, ma \u00e8 cos\u00ec difficile capire che riconoscere la Palestina prima che tutti gli ostaggi siano tornati a casa significa abbandonarli al loro destino?\u00bb<\/p>\n<p><strong>Vi sentite soli?<\/strong><br \/>\u00abAlle volte \u00e8 perfino difficile vivere. Ma non dobbiamo mollare. Sappiamo che Israele \u00e8 sola. Forse avrebbe potuto evitare gli errori fatti subito dopo il 7 ottobre. Oggi sappiamo che la guerra non finisce finch\u00e9 non li riportiamo tutti a casa\u00bb.<\/p>\n<p><strong>Di quali errori parla?<\/strong><br \/>\u00abPrima si sarebbero dovuti liberare gli ostaggi e poi attaccare. Oggi \u00e8 impossibile eliminare tutti i miliziani di Hamas. Come si fa con il Qatar che lo finanzia e accoglie i suoi leader? Come si fa a contrastare le loro menzogne? Sui morti, la fame, i civili uccisi, dicono loro, dai nostri soldati\u00bb.<\/p>\n<p><strong>Lei \u00e8 un cittadino comune. Come sono i suoi rapporti con gli arabi?<\/strong><br \/>\u00abNormalissimi. Ho amici arabi. Mia moglie d\u00e0 un passaggio a chi di loro abita vicino al confine. Ho cresciuto i miei figli ad amare tutti allo stesso modo\u00bb.<\/p>\n<p><strong>E adesso?<\/strong><br \/>\u00abAdesso non lo so. Due popoli-due Stati erano possibili prima del 7 ottobre. Adesso \u00e8 tutto cos\u00ec buio. Con chi pu\u00f2 parlare Israele per la pace? Con Abu Mazen che non conta pi\u00f9 nulla, o con Hamas che vive per uccidere?\u00bb<\/p>\n<p>\t\t\t\t\t\t\t\t\t\t<img loading=\"lazy\" alt=\"\" src=\"https:\/\/www.europesays.com\/it\/wp-content\/uploads\/2025\/09\/1758246250_523_64ea9c7fd97d266619c69979321244ca5afc708b1cf6dba76d0ee7d2aa79e09d\"  class=\"avatar avatar-80 photo\" height=\"80\" width=\"80\" decoding=\"async\"\/>\t\t\t\t\t\t\t\t\t<\/p>\n<p class=\"copyright-notice\">\u00a9 Riproduzione riservata<\/p>\n<p>\t\t\t\t\t\t\t\tAntonio Picasso<\/p>\n","protected":false},"excerpt":{"rendered":"\u00abAlla vostra presidente del Consiglio, Giorgia Meloni, chiedo di fare pressione, se pu\u00f2, su Hamas perch\u00e9 agli ostaggi&hellip;\n","protected":false},"author":3,"featured_media":117068,"comment_status":"","ping_status":"","sticky":false,"template":"","format":"standard","meta":{"footnotes":""},"categories":[160],"tags":[14,164,165,73,80371,75,72,166,7,15,813,11,167,12,168,161,162,163],"class_list":{"0":"post-117067","1":"post","2":"type-post","3":"status-publish","4":"format-standard","5":"has-post-thumbnail","7":"category-mondo","8":"tag-cronaca","9":"tag-dal-mondo","10":"tag-dalmondo","11":"tag-gaza","12":"tag-guy-gilboa-dalal","13":"tag-hamas","14":"tag-israele","15":"tag-mondo","16":"tag-news","17":"tag-notizie","18":"tag-ostaggi","19":"tag-ultime-notizie","20":"tag-ultime-notizie-di-mondo","21":"tag-ultimenotizie","22":"tag-ultimenotiziedimondo","23":"tag-world","24":"tag-world-news","25":"tag-worldnews"},"share_on_mastodon":{"url":"","error":""},"_links":{"self":[{"href":"https:\/\/www.europesays.com\/it\/wp-json\/wp\/v2\/posts\/117067","targetHints":{"allow":["GET"]}}],"collection":[{"href":"https:\/\/www.europesays.com\/it\/wp-json\/wp\/v2\/posts"}],"about":[{"href":"https:\/\/www.europesays.com\/it\/wp-json\/wp\/v2\/types\/post"}],"author":[{"embeddable":true,"href":"https:\/\/www.europesays.com\/it\/wp-json\/wp\/v2\/users\/3"}],"replies":[{"embeddable":true,"href":"https:\/\/www.europesays.com\/it\/wp-json\/wp\/v2\/comments?post=117067"}],"version-history":[{"count":0,"href":"https:\/\/www.europesays.com\/it\/wp-json\/wp\/v2\/posts\/117067\/revisions"}],"wp:featuredmedia":[{"embeddable":true,"href":"https:\/\/www.europesays.com\/it\/wp-json\/wp\/v2\/media\/117068"}],"wp:attachment":[{"href":"https:\/\/www.europesays.com\/it\/wp-json\/wp\/v2\/media?parent=117067"}],"wp:term":[{"taxonomy":"category","embeddable":true,"href":"https:\/\/www.europesays.com\/it\/wp-json\/wp\/v2\/categories?post=117067"},{"taxonomy":"post_tag","embeddable":true,"href":"https:\/\/www.europesays.com\/it\/wp-json\/wp\/v2\/tags?post=117067"}],"curies":[{"name":"wp","href":"https:\/\/api.w.org\/{rel}","templated":true}]}}