{"id":117079,"date":"2025-09-19T01:57:09","date_gmt":"2025-09-19T01:57:09","guid":{"rendered":"https:\/\/www.europesays.com\/it\/117079\/"},"modified":"2025-09-19T01:57:09","modified_gmt":"2025-09-19T01:57:09","slug":"baku-non-e-una-delle-nostre-migliori-piste-a-volte-siamo-vulnerabili","status":"publish","type":"post","link":"https:\/\/www.europesays.com\/it\/117079\/","title":{"rendered":"Baku non \u00e8 una delle nostre migliori piste, a volte siamo vulnerabili"},"content":{"rendered":"<p><strong>Lando Norris<\/strong> si presenta a Baku con un distacco di 31 punti da Oscar Piastri nel Mondiale di Formula Uno quando mancano otto round al termine della stagione. L\u2019inglese, sprofondato a -34 dopo lo zero di Zandvoort, ha guadagnato tre punticini a Monza e adesso il suo obiettivo \u00e8 quello di tornare a vincere in occasione del Gran Premio d\u2019Azerbaijan 2025 per accorciare ulteriormente le distanze dal compagno di squadra. Nel frattempo la McLaren ha ipotecato da mesi il campionato costruttori e potrebbe festeggiare la certezza aritmetica del titolo iridato gi\u00e0 domenica con ben sette GP d\u2019anticipo.<\/p>\n<p>\u201cSono abbastanza fiducioso. Penso che siamo in questa posizione adesso grazie alla nostra forza quest\u2019anno. Sbaglierei a non essere ottimista sul fatto di avere un altro buon weekend, ma abbiamo visto a Monza che \u00e8 ancora possibile che qualcuno possa starci vicino e batterci, soprattutto su questo tipo di circuiti cittadini e piste da basso carico aerodinamico. Sappiamo che questi sono alcuni dei tracciati meno favorevoli per noi, ma non direi che abbiamo delle piste deboli. Vedremo\u201c, dichiara Lando alla vigilia del weekend di Baku.<\/p>\n<p><strong>Sull\u2019inseguimento a Piastri in classifica:\u00a0<\/strong>\u201cFaccio tutto il possibile ogni fine settimana. Lo faccio da un po\u2019. Il contraccolpo dopo il ritiro di Zandvoort \u00e8 stato duro. Ho fatto tutto il possibile a Monza ma non potevamo vincere, semplicemente non eravamo abbastanza veloci, il che dimostra che siamo vulnerabili, ma non penso necessariamente che sia una cosa negativa. Devo cercare di usare questo come un vantaggio, in un certo senso. Se finissimo sempre primo e secondo in ogni gara, probabilmente la mia vita sarebbe ancor pi\u00f9 complicata, direi. Cercher\u00f2 di trarne vantaggio, ma entrambi stiamo performando ad alto livello. Sar\u00e0 difficile, ma sto facendo tutto il possibile ed \u00e8 tutto ci\u00f2 che posso chiedere a me stesso\u201c.<\/p>\n<p>\u201cOscar ha vinto qui l\u2019anno scorso ma sicuramente non avevamo il passo per vincere, quindi era stato un successo impressionante. Sono entusiasta di scoprire quello che potremmo ottenere, ma per il team essere gi\u00e0 nella posizione di conquistare il titolo cos\u00ec presto \u00e8 un traguardo davvero notevole. Comunque portare a casa due titoli costruttori consecutivi \u00e8 quello per cui abbiamo lavorato tutti come team\u201c, aggiunge il 25enne di Bristol a F1 TV.<\/p>\n","protected":false},"excerpt":{"rendered":"Lando Norris si presenta a Baku con un distacco di 31 punti da Oscar Piastri nel Mondiale di&hellip;\n","protected":false},"author":3,"featured_media":117080,"comment_status":"","ping_status":"","sticky":false,"template":"","format":"standard","meta":{"footnotes":""},"categories":[1454],"tags":[1770,683,1771,76450,1537,90,89,3513,5825,245,244],"class_list":{"0":"post-117079","1":"post","2":"type-post","3":"status-publish","4":"format-standard","5":"has-post-thumbnail","7":"category-f1","8":"tag-f1","9":"tag-formula-1","10":"tag-formula1","11":"tag-gp-azerbaijan-f1-2025","12":"tag-it","13":"tag-italia","14":"tag-italy","15":"tag-lando-norris","16":"tag-mondiale-f1-2025","17":"tag-sport","18":"tag-sports"},"share_on_mastodon":{"url":"","error":""},"_links":{"self":[{"href":"https:\/\/www.europesays.com\/it\/wp-json\/wp\/v2\/posts\/117079","targetHints":{"allow":["GET"]}}],"collection":[{"href":"https:\/\/www.europesays.com\/it\/wp-json\/wp\/v2\/posts"}],"about":[{"href":"https:\/\/www.europesays.com\/it\/wp-json\/wp\/v2\/types\/post"}],"author":[{"embeddable":true,"href":"https:\/\/www.europesays.com\/it\/wp-json\/wp\/v2\/users\/3"}],"replies":[{"embeddable":true,"href":"https:\/\/www.europesays.com\/it\/wp-json\/wp\/v2\/comments?post=117079"}],"version-history":[{"count":0,"href":"https:\/\/www.europesays.com\/it\/wp-json\/wp\/v2\/posts\/117079\/revisions"}],"wp:featuredmedia":[{"embeddable":true,"href":"https:\/\/www.europesays.com\/it\/wp-json\/wp\/v2\/media\/117080"}],"wp:attachment":[{"href":"https:\/\/www.europesays.com\/it\/wp-json\/wp\/v2\/media?parent=117079"}],"wp:term":[{"taxonomy":"category","embeddable":true,"href":"https:\/\/www.europesays.com\/it\/wp-json\/wp\/v2\/categories?post=117079"},{"taxonomy":"post_tag","embeddable":true,"href":"https:\/\/www.europesays.com\/it\/wp-json\/wp\/v2\/tags?post=117079"}],"curies":[{"name":"wp","href":"https:\/\/api.w.org\/{rel}","templated":true}]}}